{"id":58440,"date":"2015-05-28T09:46:36","date_gmt":"2015-05-28T12:46:36","guid":{"rendered":"http:\/\/www.eltrabajo.cl\/portal\/?p=58440"},"modified":"2015-05-28T18:05:46","modified_gmt":"2015-05-28T21:05:46","slug":"joven-padre-de-dos-hijos-acabo-con-su-vida-tras-aparentes-problemas-economicos","status":"publish","type":"post","link":"https:\/\/eltrabajo.cl\/portal\/joven-padre-de-dos-hijos-acabo-con-su-vida-tras-aparentes-problemas-economicos\/","title":{"rendered":"Joven padre acab\u00f3 con su vida tras aparentes problemas econ\u00f3micos"},"content":{"rendered":"<figure id=\"attachment_58443\" aria-describedby=\"caption-attachment-58443\" style=\"width: 300px\" class=\"wp-caption alignleft\"><a href=\"https:\/\/i0.wp.com\/www.eltrabajo.cl\/portal\/wp-content\/uploads\/2015\/05\/Suicidi1o.jpg\"><img data-recalc-dims=\"1\" loading=\"lazy\" decoding=\"async\" class=\"wp-image-58443 size-medium\" src=\"https:\/\/i0.wp.com\/www.eltrabajo.cl\/portal\/wp-content\/uploads\/2015\/05\/Suicidi1o-300x196.jpg?resize=300%2C196\" alt=\"Jos\u00e9 P\u00e9rez Az\u00faa ten\u00eda 31 a\u00f1os de edad, era padre de dos ni\u00f1os y acab\u00f3 con su vida la tarde del martes en el sector El Asiento de San Felipe, aparentemente por problemas econ\u00f3micos.\" width=\"300\" height=\"196\" srcset=\"https:\/\/i0.wp.com\/eltrabajo.cl\/portal\/wp-content\/uploads\/2015\/05\/Suicidi1o.jpg?resize=300%2C196&amp;ssl=1 300w, https:\/\/i0.wp.com\/eltrabajo.cl\/portal\/wp-content\/uploads\/2015\/05\/Suicidi1o.jpg?resize=200%2C131&amp;ssl=1 200w, https:\/\/i0.wp.com\/eltrabajo.cl\/portal\/wp-content\/uploads\/2015\/05\/Suicidi1o.jpg?resize=230%2C150&amp;ssl=1 230w, https:\/\/i0.wp.com\/eltrabajo.cl\/portal\/wp-content\/uploads\/2015\/05\/Suicidi1o.jpg?resize=400%2C261&amp;ssl=1 400w, https:\/\/i0.wp.com\/eltrabajo.cl\/portal\/wp-content\/uploads\/2015\/05\/Suicidi1o.jpg?w=530&amp;ssl=1 530w\" sizes=\"auto, (max-width: 300px) 100vw, 300px\" \/><\/a><figcaption id=\"caption-attachment-58443\" class=\"wp-caption-text\">Jos\u00e9 P\u00e9rez Az\u00faa ten\u00eda 31 a\u00f1os de edad, era padre de dos ni\u00f1os y acab\u00f3 con su vida la tarde del martes en el sector El Asiento de San Felipe, aparentemente por problemas econ\u00f3micos.<\/figcaption><\/figure>\n<p>La Brigada de Homicidios de Los Andes confirm\u00f3 el hallazgo del cuerpo sin vida de Jos\u00e9 Enrique P\u00e9rez Az\u00faa de 31 a\u00f1os, quien atent\u00f3 contra su vida ahorc\u00e1ndose en el camino de la mina Los Chinos en el sector El Asiento de San Felipe aparentemente por problemas econ\u00f3micos.<br \/>\nFueron unos transe\u00fantes que descubrieron la macabra escena la tarde del pasado martes a eso de las 18:00 horas, requiriendo la presencia de Carabineros en primera instancia para denunciar el hecho. Posteriormente, las diligencias fueron encabezadas por la Polic\u00eda de Investigaciones para revisar el cuerpo del occiso, descart\u00e1ndose la intervenci\u00f3n de terceras personas.<br \/>\n\u201cConforme a las indagaciones, el caballero si ten\u00eda problemas econ\u00f3micos. No hay indicios que nos indiquen la intervenci\u00f3n de terceras personas, tras las pericias externas al cad\u00e1ver en el lugar conforme a la mec\u00e1nica de los hechos, todo ser\u00eda de acuerdo de una decisi\u00f3n propia\u201d, inform\u00f3 a Diario el Trabajo el Jefe de la Brigada de Homicidios, Comisario Gino Guti\u00e9rrez.<br \/>\nCercanos y amigos de Jos\u00e9 P\u00e9rez Az\u00faa, padre de dos ni\u00f1os de 11 y 3 a\u00f1os de edad, domiciliado en la Villa El Totoral de San Felipe, se encuentran consternados con la noticia. Describieron al fallecido como una buena persona, amable, amante del f\u00fatbol y sostuvieron que su fatal decisi\u00f3n se deber\u00eda por atravesar problemas econ\u00f3micos.<br \/>\nEl cuerpo del fallecido, ex alumno del Liceo Roberto Humeres, quien se desempe\u00f1aba como contratista durante el \u00faltimo tiempo, fue remitido hasta el Servicio M\u00e9dico Legal de San Felipe para la autopsia de rigor, para posteriormente ser entregado a sus familiares la tarde del mi\u00e9rcoles en donde estar\u00e1 siendo velado en el sector 21 de Mayo de esta comuna.<\/p>\n","protected":false},"excerpt":{"rendered":"<p>La Brigada de Homicidios de Los Andes confirm\u00f3 el hallazgo del cuerpo sin vida de Jos\u00e9 Enrique P\u00e9rez Az\u00faa de 31 a\u00f1os, quien atent\u00f3 contra su vida ahorc\u00e1ndose en el camino de&#8230;<\/p>\n","protected":false},"author":482,"featured_media":58443,"comment_status":"open","ping_status":"open","sticky":false,"template":"","format":"standard","meta":{"advanced_seo_description":"","jetpack_seo_html_title":"","jetpack_seo_noindex":false,"_jetpack_memberships_contains_paid_content":false,"footnotes":""},"categories":[21],"tags":[],"class_list":["post-58440","post","type-post","status-publish","format-standard","has-post-thumbnail","hentry","category-policial"],"jetpack_featured_media_url":"https:\/\/i0.wp.com\/eltrabajo.cl\/portal\/wp-content\/uploads\/2015\/05\/Suicidi1o.jpg?fit=530%2C346&ssl=1","jetpack_sharing_enabled":true,"jetpack_likes_enabled":true,"jetpack-related-posts":[],"_links":{"self":[{"href":"https:\/\/eltrabajo.cl\/portal\/wp-json\/wp\/v2\/posts\/58440","targetHints":{"allow":["GET"]}}],"collection":[{"href":"https:\/\/eltrabajo.cl\/portal\/wp-json\/wp\/v2\/posts"}],"about":[{"href":"https:\/\/eltrabajo.cl\/portal\/wp-json\/wp\/v2\/types\/post"}],"author":[{"embeddable":true,"href":"https:\/\/eltrabajo.cl\/portal\/wp-json\/wp\/v2\/users\/482"}],"replies":[{"embeddable":true,"href":"https:\/\/eltrabajo.cl\/portal\/wp-json\/wp\/v2\/comments?post=58440"}],"version-history":[{"count":0,"href":"https:\/\/eltrabajo.cl\/portal\/wp-json\/wp\/v2\/posts\/58440\/revisions"}],"wp:featuredmedia":[{"embeddable":true,"href":"https:\/\/eltrabajo.cl\/portal\/wp-json\/wp\/v2\/media\/58443"}],"wp:attachment":[{"href":"https:\/\/eltrabajo.cl\/portal\/wp-json\/wp\/v2\/media?parent=58440"}],"wp:term":[{"taxonomy":"category","embeddable":true,"href":"https:\/\/eltrabajo.cl\/portal\/wp-json\/wp\/v2\/categories?post=58440"},{"taxonomy":"post_tag","embeddable":true,"href":"https:\/\/eltrabajo.cl\/portal\/wp-json\/wp\/v2\/tags?post=58440"}],"curies":[{"name":"wp","href":"https:\/\/api.w.org\/{rel}","templated":true}]}}