{"id":58462,"date":"2015-05-29T09:23:34","date_gmt":"2015-05-29T12:23:34","guid":{"rendered":"http:\/\/www.eltrabajo.cl\/portal\/?p=58462"},"modified":"2015-05-29T09:27:58","modified_gmt":"2015-05-29T12:27:58","slug":"realizan-reunion-provincial-de-juegos-deportivos-escolares-2015","status":"publish","type":"post","link":"https:\/\/eltrabajo.cl\/portal\/realizan-reunion-provincial-de-juegos-deportivos-escolares-2015\/","title":{"rendered":"En Putaendo realizan reuni\u00f3n Provincial de Juegos Deportivos Escolares 2015"},"content":{"rendered":"<figure id=\"attachment_58463\" aria-describedby=\"caption-attachment-58463\" style=\"width: 300px\" class=\"wp-caption alignleft\"><a href=\"https:\/\/i0.wp.com\/www.eltrabajo.cl\/portal\/wp-content\/uploads\/2015\/05\/Juegos-Deportivos-Escolares.jpg\"><img data-recalc-dims=\"1\" loading=\"lazy\" decoding=\"async\" class=\"wp-image-58463 size-medium\" src=\"https:\/\/i0.wp.com\/www.eltrabajo.cl\/portal\/wp-content\/uploads\/2015\/05\/Juegos-Deportivos-Escolares-300x198.jpg?resize=300%2C198\" alt=\"De izquierda a derecha: An\u00edbal Aros (Putaendo), Carlos L\u00f3pez (Panquehue), Rodrigo Bartolucci y Alex Zalaquett del IND Regional, Danilo Pe\u00f1a (San Felipe) y Solange Rodr\u00edguez (Santa Mar\u00eda).\" width=\"300\" height=\"198\" srcset=\"https:\/\/i0.wp.com\/eltrabajo.cl\/portal\/wp-content\/uploads\/2015\/05\/Juegos-Deportivos-Escolares.jpg?resize=300%2C198&amp;ssl=1 300w, https:\/\/i0.wp.com\/eltrabajo.cl\/portal\/wp-content\/uploads\/2015\/05\/Juegos-Deportivos-Escolares.jpg?resize=200%2C132&amp;ssl=1 200w, https:\/\/i0.wp.com\/eltrabajo.cl\/portal\/wp-content\/uploads\/2015\/05\/Juegos-Deportivos-Escolares.jpg?resize=228%2C150&amp;ssl=1 228w, https:\/\/i0.wp.com\/eltrabajo.cl\/portal\/wp-content\/uploads\/2015\/05\/Juegos-Deportivos-Escolares.jpg?resize=400%2C263&amp;ssl=1 400w, https:\/\/i0.wp.com\/eltrabajo.cl\/portal\/wp-content\/uploads\/2015\/05\/Juegos-Deportivos-Escolares.jpg?w=530&amp;ssl=1 530w\" sizes=\"auto, (max-width: 300px) 100vw, 300px\" \/><\/a><figcaption id=\"caption-attachment-58463\" class=\"wp-caption-text\">De izquierda a derecha: An\u00edbal Aros (Putaendo), Carlos L\u00f3pez (Panquehue), Rodrigo Bartolucci y Alex Zalaquett del IND Regional, Danilo Pe\u00f1a (San Felipe) y Solange Rodr\u00edguez (Santa Mar\u00eda).<\/figcaption><\/figure>\n<p><strong>PUTAENDO<\/strong>.- El pasado mi\u00e9rcoles, en dependencias del Liceo Manuel Mar\u00edn Fritis de la comuna de Putaendo, se realiz\u00f3 la reuni\u00f3n de organizaci\u00f3n de los Juegos Deportivos Escolares 2015 en su etapa provincial que se iniciar\u00edan el d\u00eda 15 de junio.<br \/>\nLos Juegos Deportivos Escolares tienen como objetivo, \u201cfomentar la cultura deportiva en ni\u00f1os de distintas categor\u00edas y de acuerdo a sus intereses y necesidades\u201d.<br \/>\nDicha reuni\u00f3n fue presidida por Alex Zalaquett y Rodrigo Bartolucci miembros de la Coordinaci\u00f3n de Deporte de Competici\u00f3n del Instituto Nacional de Deportes de la Regi\u00f3n de Valpara\u00edso y con la asistencia de los Encargados del \u00c1rea de Deportes de las seis comunas de la Provincia.<br \/>\nEn esta reuni\u00f3n se realizaron los sorteos de la etapa provincial, se establecieron los recintos y las fechas, adem\u00e1s de la entrega de la implementaci\u00f3n Deportiva, de acuerdo a lo entregado por cada miembro comunal presente, el calendario quedo de la siguiente manera:<br \/>\nH\u00e1ndbol 15 junio Putaendo<br \/>\nBasquetbol 17 &#8211; 18 junio Catemu o San Felipe (por definir)<br \/>\nTenis de Mesa 23 junio Santa Mar\u00eda<br \/>\nVoleibol 24 &#8211; 25 junio San Felipe<br \/>\nAjedrez 26 junio Llay Llay<br \/>\nF\u00fatbol 1 &#8211; 2 &#8211; 3 julio San Felipe<br \/>\nAdem\u00e1s del calendario se entrego la informaci\u00f3n de las competencias regionales directas, en donde se incluyen los deportes colectivos e individuales,<br \/>\nAtletismo: 31 de Julio y 01 de Agosto &#8211; Estadio Regional El\u00edas Figueroa Brander (Playa Ancha)<br \/>\nCiclismo: 04 de Agosto &#8211; Aut\u00f3dromo de Quilpu\u00e9 (alternativa &#8211; Mot\u00f3dromo de Limache)<br \/>\nNataci\u00f3n: 08 de Agosto &#8211; Polideportivo Renato Raggio (Playa Ancha).<\/p>\n","protected":false},"excerpt":{"rendered":"<p>PUTAENDO.- El pasado mi\u00e9rcoles, en dependencias del Liceo Manuel Mar\u00edn Fritis de la comuna de Putaendo, se realiz\u00f3 la reuni\u00f3n de organizaci\u00f3n de los Juegos Deportivos Escolares 2015 en su etapa provincial&#8230;<\/p>\n","protected":false},"author":482,"featured_media":58463,"comment_status":"open","ping_status":"open","sticky":false,"template":"","format":"standard","meta":{"advanced_seo_description":"","jetpack_seo_html_title":"","jetpack_seo_noindex":false,"_jetpack_memberships_contains_paid_content":false,"footnotes":""},"categories":[15],"tags":[],"class_list":["post-58462","post","type-post","status-publish","format-standard","has-post-thumbnail","hentry","category-comunidad"],"jetpack_featured_media_url":"https:\/\/i0.wp.com\/eltrabajo.cl\/portal\/wp-content\/uploads\/2015\/05\/Juegos-Deportivos-Escolares.jpg?fit=530%2C349&ssl=1","jetpack_sharing_enabled":true,"jetpack_likes_enabled":true,"jetpack-related-posts":[],"_links":{"self":[{"href":"https:\/\/eltrabajo.cl\/portal\/wp-json\/wp\/v2\/posts\/58462","targetHints":{"allow":["GET"]}}],"collection":[{"href":"https:\/\/eltrabajo.cl\/portal\/wp-json\/wp\/v2\/posts"}],"about":[{"href":"https:\/\/eltrabajo.cl\/portal\/wp-json\/wp\/v2\/types\/post"}],"author":[{"embeddable":true,"href":"https:\/\/eltrabajo.cl\/portal\/wp-json\/wp\/v2\/users\/482"}],"replies":[{"embeddable":true,"href":"https:\/\/eltrabajo.cl\/portal\/wp-json\/wp\/v2\/comments?post=58462"}],"version-history":[{"count":0,"href":"https:\/\/eltrabajo.cl\/portal\/wp-json\/wp\/v2\/posts\/58462\/revisions"}],"wp:featuredmedia":[{"embeddable":true,"href":"https:\/\/eltrabajo.cl\/portal\/wp-json\/wp\/v2\/media\/58463"}],"wp:attachment":[{"href":"https:\/\/eltrabajo.cl\/portal\/wp-json\/wp\/v2\/media?parent=58462"}],"wp:term":[{"taxonomy":"category","embeddable":true,"href":"https:\/\/eltrabajo.cl\/portal\/wp-json\/wp\/v2\/categories?post=58462"},{"taxonomy":"post_tag","embeddable":true,"href":"https:\/\/eltrabajo.cl\/portal\/wp-json\/wp\/v2\/tags?post=58462"}],"curies":[{"name":"wp","href":"https:\/\/api.w.org\/{rel}","templated":true}]}}