{"id":58468,"date":"2015-05-29T09:25:51","date_gmt":"2015-05-29T12:25:51","guid":{"rendered":"http:\/\/www.eltrabajo.cl\/portal\/?p=58468"},"modified":"2015-05-29T09:29:41","modified_gmt":"2015-05-29T12:29:41","slug":"58468","status":"publish","type":"post","link":"https:\/\/eltrabajo.cl\/portal\/58468\/","title":{"rendered":"Distinguen a Subdirectora de Cuidados de Enfermer\u00eda Hospital de Los Andes"},"content":{"rendered":"<figure id=\"attachment_58469\" aria-describedby=\"caption-attachment-58469\" style=\"width: 300px\" class=\"wp-caption alignleft\"><a href=\"https:\/\/i0.wp.com\/www.eltrabajo.cl\/portal\/wp-content\/uploads\/2015\/05\/Subdirectora-de-Cuidados-de-Enfermer%C3%ADa.jpg\"><img data-recalc-dims=\"1\" loading=\"lazy\" decoding=\"async\" class=\"wp-image-58469 size-medium\" src=\"https:\/\/i0.wp.com\/www.eltrabajo.cl\/portal\/wp-content\/uploads\/2015\/05\/Subdirectora-de-Cuidados-de-Enfermer%C3%ADa-300x198.jpg?resize=300%2C198\" alt=\"La profesional fue distinguida por su destacada gesti\u00f3n ante el cuidado de enfermeros demostrando compromiso incondicional con las personas.\" width=\"300\" height=\"198\" srcset=\"https:\/\/i0.wp.com\/eltrabajo.cl\/portal\/wp-content\/uploads\/2015\/05\/Subdirectora-de-Cuidados-de-Enfermer%C3%ADa.jpg?resize=300%2C198&amp;ssl=1 300w, https:\/\/i0.wp.com\/eltrabajo.cl\/portal\/wp-content\/uploads\/2015\/05\/Subdirectora-de-Cuidados-de-Enfermer%C3%ADa.jpg?resize=200%2C132&amp;ssl=1 200w, https:\/\/i0.wp.com\/eltrabajo.cl\/portal\/wp-content\/uploads\/2015\/05\/Subdirectora-de-Cuidados-de-Enfermer%C3%ADa.jpg?resize=228%2C150&amp;ssl=1 228w, https:\/\/i0.wp.com\/eltrabajo.cl\/portal\/wp-content\/uploads\/2015\/05\/Subdirectora-de-Cuidados-de-Enfermer%C3%ADa.jpg?resize=400%2C263&amp;ssl=1 400w, https:\/\/i0.wp.com\/eltrabajo.cl\/portal\/wp-content\/uploads\/2015\/05\/Subdirectora-de-Cuidados-de-Enfermer%C3%ADa.jpg?w=530&amp;ssl=1 530w\" sizes=\"auto, (max-width: 300px) 100vw, 300px\" \/><\/a><figcaption id=\"caption-attachment-58469\" class=\"wp-caption-text\">La profesional fue distinguida por su destacada gesti\u00f3n ante el cuidado de enfermeros demostrando compromiso incondicional con las personas.<\/figcaption><\/figure>\n<p>En el contexto de la Conmemoraci\u00f3n del D\u00eda Internacional de la Enfermera, el Consejo Regional de Enfermeras de Chile entreg\u00f3 una distinci\u00f3n a la Subdirectora de Gesti\u00f3n del Cuidado de Enfermer\u00eda del Hospital San Juan de Dios de Los Andes, enfermera Marta Yochum Gajardo. La ceremonia se desarroll\u00f3 este 27 de mayo en el Teatro Municipal de Valpara\u00edso, ante la presencia de autoridades, profesionales enfermeros de toda la Regi\u00f3n y estudiantes de enfermer\u00eda de distintos planteles universitarios.<br \/>\nEn su intervenci\u00f3n, la Presidenta del Consejo Regional de Enfermeras, Andrea Rastello, indic\u00f3 que el reconocimiento que se entrega en esta conmemoraci\u00f3n obedece a la destacada gesti\u00f3n del cuidado que los profesionales enfermeros han realizado en la red p\u00fablica de salud y en el sector privado, demostrando un compromiso incondicional con las personas y con los resultados sanitarios del pa\u00eds.<br \/>\nRespecto a la enfermera Marta Yochum, se indic\u00f3 que la profesional ha destacado por su trayectoria en el servicio p\u00fablico, haciendo escuela para las nuevas generaciones de profesionales que se han incorporado al Hospital de Los Andes y destacando por su sensibilidad social y entrega incondicional con la comunidad hospitalaria y andina.<br \/>\nEn la ceremonia, Marta Yochum tambi\u00e9n recibi\u00f3 el reconocimiento de Jimmy Walker, Director del Hospital San Juan de Dios de Los Andes, y fue acompa\u00f1ada por un importante n\u00famero de funcionarios del establecimiento.<\/p>\n","protected":false},"excerpt":{"rendered":"<p>En el contexto de la Conmemoraci\u00f3n del D\u00eda Internacional de la Enfermera, el Consejo Regional de Enfermeras de Chile entreg\u00f3 una distinci\u00f3n a la Subdirectora de Gesti\u00f3n del Cuidado de Enfermer\u00eda del&#8230;<\/p>\n","protected":false},"author":482,"featured_media":58469,"comment_status":"open","ping_status":"open","sticky":false,"template":"","format":"standard","meta":{"advanced_seo_description":"","jetpack_seo_html_title":"","jetpack_seo_noindex":false,"_jetpack_memberships_contains_paid_content":false,"footnotes":""},"categories":[15],"tags":[],"class_list":["post-58468","post","type-post","status-publish","format-standard","has-post-thumbnail","hentry","category-comunidad"],"jetpack_featured_media_url":"https:\/\/i0.wp.com\/eltrabajo.cl\/portal\/wp-content\/uploads\/2015\/05\/Subdirectora-de-Cuidados-de-Enfermer%C3%ADa.jpg?fit=530%2C349&ssl=1","jetpack_sharing_enabled":true,"jetpack_likes_enabled":true,"jetpack-related-posts":[],"_links":{"self":[{"href":"https:\/\/eltrabajo.cl\/portal\/wp-json\/wp\/v2\/posts\/58468","targetHints":{"allow":["GET"]}}],"collection":[{"href":"https:\/\/eltrabajo.cl\/portal\/wp-json\/wp\/v2\/posts"}],"about":[{"href":"https:\/\/eltrabajo.cl\/portal\/wp-json\/wp\/v2\/types\/post"}],"author":[{"embeddable":true,"href":"https:\/\/eltrabajo.cl\/portal\/wp-json\/wp\/v2\/users\/482"}],"replies":[{"embeddable":true,"href":"https:\/\/eltrabajo.cl\/portal\/wp-json\/wp\/v2\/comments?post=58468"}],"version-history":[{"count":0,"href":"https:\/\/eltrabajo.cl\/portal\/wp-json\/wp\/v2\/posts\/58468\/revisions"}],"wp:featuredmedia":[{"embeddable":true,"href":"https:\/\/eltrabajo.cl\/portal\/wp-json\/wp\/v2\/media\/58469"}],"wp:attachment":[{"href":"https:\/\/eltrabajo.cl\/portal\/wp-json\/wp\/v2\/media?parent=58468"}],"wp:term":[{"taxonomy":"category","embeddable":true,"href":"https:\/\/eltrabajo.cl\/portal\/wp-json\/wp\/v2\/categories?post=58468"},{"taxonomy":"post_tag","embeddable":true,"href":"https:\/\/eltrabajo.cl\/portal\/wp-json\/wp\/v2\/tags?post=58468"}],"curies":[{"name":"wp","href":"https:\/\/api.w.org\/{rel}","templated":true}]}}