{"id":58484,"date":"2015-05-29T09:24:19","date_gmt":"2015-05-29T12:24:19","guid":{"rendered":"http:\/\/www.eltrabajo.cl\/portal\/?p=58484"},"modified":"2015-05-29T09:33:38","modified_gmt":"2015-05-29T12:33:38","slug":"entregan-terreno-para-construccion-de-viviendas-de-comite-futura-casa","status":"publish","type":"post","link":"https:\/\/eltrabajo.cl\/portal\/entregan-terreno-para-construccion-de-viviendas-de-comite-futura-casa\/","title":{"rendered":"Entregan terreno para construcci\u00f3n de viviendas de comit\u00e9 Futura Casa"},"content":{"rendered":"<figure id=\"attachment_58485\" aria-describedby=\"caption-attachment-58485\" style=\"width: 300px\" class=\"wp-caption alignleft\"><a href=\"https:\/\/i0.wp.com\/www.eltrabajo.cl\/portal\/wp-content\/uploads\/2015\/05\/Alcalde.jpg\"><img data-recalc-dims=\"1\" loading=\"lazy\" decoding=\"async\" class=\"wp-image-58485 size-medium\" src=\"https:\/\/i0.wp.com\/www.eltrabajo.cl\/portal\/wp-content\/uploads\/2015\/05\/Alcalde-300x198.jpg?resize=300%2C198\" alt=\"Este mi\u00e9rcoles, el alcalde Patricio Freire firm\u00f3 la entrega de terrenos para la construcci\u00f3n de las viviendas del comit\u00e9 Futura Casa.\" width=\"300\" height=\"198\" srcset=\"https:\/\/i0.wp.com\/eltrabajo.cl\/portal\/wp-content\/uploads\/2015\/05\/Alcalde.jpg?resize=300%2C198&amp;ssl=1 300w, https:\/\/i0.wp.com\/eltrabajo.cl\/portal\/wp-content\/uploads\/2015\/05\/Alcalde.jpg?resize=200%2C132&amp;ssl=1 200w, https:\/\/i0.wp.com\/eltrabajo.cl\/portal\/wp-content\/uploads\/2015\/05\/Alcalde.jpg?resize=228%2C150&amp;ssl=1 228w, https:\/\/i0.wp.com\/eltrabajo.cl\/portal\/wp-content\/uploads\/2015\/05\/Alcalde.jpg?resize=400%2C263&amp;ssl=1 400w, https:\/\/i0.wp.com\/eltrabajo.cl\/portal\/wp-content\/uploads\/2015\/05\/Alcalde.jpg?w=530&amp;ssl=1 530w\" sizes=\"auto, (max-width: 300px) 100vw, 300px\" \/><\/a><figcaption id=\"caption-attachment-58485\" class=\"wp-caption-text\">Este mi\u00e9rcoles, el alcalde Patricio Freire firm\u00f3 la entrega de terrenos para la construcci\u00f3n de las viviendas del comit\u00e9 Futura Casa.<\/figcaption><\/figure>\n<p>Este mi\u00e9rcoles el Alcalde Patricio Freire firm\u00f3 la entrega de terrenos a la empresa que estar\u00e1 a cargo de la construcci\u00f3n de las viviendas del comit\u00e9 Futura Casa, en una ceremonia realizada en el Sal\u00f3n de Honor de la municipalidad.<br \/>\nEn la actividad estuvo presente la directiva del comit\u00e9, quienes luego de seis a\u00f1os de espera podr\u00e1n tener finalmente su casa propia.<br \/>\n\u201cEstamos contentos de hacer esta entrega de terreno, y adem\u00e1s porque todos los pasos que se han dado est\u00e1n llegando a feliz t\u00e9rmino y luego de a\u00f1os los vecinos ver\u00e1n concretado el sue\u00f1o de la casa propia\u201d, dijo el Alcalde Patricio Freire.<br \/>\nMiguel Torres se mostr\u00f3 muy emocionado y contento de firmar el documento, que entrega los terrenos a la empresa para comenzar las obras de construcci\u00f3n.<br \/>\n\u201cEstamos contentos de firmar el documento que hace el traspaso y luego veremos las m\u00e1quinas en el terreno. Estamos contentos y agradecemos a todos los que ayudaron, porque con su ayuda hemos llegado hasta aqu\u00ed y ya no nos queda nada\u201d.<br \/>\nSeg\u00fan el calendario de actividades establecido por la empresa a cargo de las obras, se espera que en estos d\u00edas se realice la instalaci\u00f3n de faenas y el inicio de movimiento de tierra, mientras que en unos 15 d\u00edas ya se encuentren trabajando en el terreno.<\/p>\n<p>Este mi\u00e9rcoles el Alcalde Patricio Freire firm\u00f3 la entrega de terrenos a la empresa que estar\u00e1 a cargo de la construcci\u00f3n de las viviendas del comit\u00e9 Futura Casa, en una ceremonia realizada en el Sal\u00f3n de Honor de la municipalidad.<br \/>\nEn la actividad estuvo presente la directiva del comit\u00e9, quienes luego de seis a\u00f1os de espera podr\u00e1n tener finalmente su casa propia.<br \/>\n\u201cEstamos contentos de hacer esta entrega de terreno, y adem\u00e1s porque todos los pasos que se han dado est\u00e1n llegando a feliz t\u00e9rmino y luego de a\u00f1os los vecinos ver\u00e1n concretado el sue\u00f1o de la casa propia\u201d, dijo el Alcalde Patricio Freire.<br \/>\nMiguel Torres se mostr\u00f3 muy emocionado y contento de firmar el documento, que entrega los terrenos a la empresa para comenzar las obras de construcci\u00f3n.<br \/>\n\u201cEstamos contentos de firmar el documento que hace el traspaso y luego veremos las m\u00e1quinas en el terreno. Estamos contentos y agradecemos a todos los que ayudaron, porque con su ayuda hemos llegado hasta aqu\u00ed y ya no nos queda nada\u201d.<br \/>\nSeg\u00fan el calendario de actividades establecido por la empresa a cargo de las obras, se espera que en estos d\u00edas se realice la instalaci\u00f3n de faenas y el inicio de movimiento de tierra, mientras que en unos 15 d\u00edas ya se encuentren trabajando en el terreno.<\/p>\n","protected":false},"excerpt":{"rendered":"<p>Este mi\u00e9rcoles el Alcalde Patricio Freire firm\u00f3 la entrega de terrenos a la empresa que estar\u00e1 a cargo de la construcci\u00f3n de las viviendas del comit\u00e9 Futura Casa, en una ceremonia realizada&#8230;<\/p>\n","protected":false},"author":482,"featured_media":58485,"comment_status":"open","ping_status":"open","sticky":false,"template":"","format":"standard","meta":{"advanced_seo_description":"","jetpack_seo_html_title":"","jetpack_seo_noindex":false,"_jetpack_memberships_contains_paid_content":false,"footnotes":""},"categories":[15],"tags":[],"class_list":["post-58484","post","type-post","status-publish","format-standard","has-post-thumbnail","hentry","category-comunidad"],"jetpack_featured_media_url":"https:\/\/i0.wp.com\/eltrabajo.cl\/portal\/wp-content\/uploads\/2015\/05\/Alcalde.jpg?fit=530%2C349&ssl=1","jetpack_sharing_enabled":true,"jetpack_likes_enabled":true,"jetpack-related-posts":[],"_links":{"self":[{"href":"https:\/\/eltrabajo.cl\/portal\/wp-json\/wp\/v2\/posts\/58484","targetHints":{"allow":["GET"]}}],"collection":[{"href":"https:\/\/eltrabajo.cl\/portal\/wp-json\/wp\/v2\/posts"}],"about":[{"href":"https:\/\/eltrabajo.cl\/portal\/wp-json\/wp\/v2\/types\/post"}],"author":[{"embeddable":true,"href":"https:\/\/eltrabajo.cl\/portal\/wp-json\/wp\/v2\/users\/482"}],"replies":[{"embeddable":true,"href":"https:\/\/eltrabajo.cl\/portal\/wp-json\/wp\/v2\/comments?post=58484"}],"version-history":[{"count":0,"href":"https:\/\/eltrabajo.cl\/portal\/wp-json\/wp\/v2\/posts\/58484\/revisions"}],"wp:featuredmedia":[{"embeddable":true,"href":"https:\/\/eltrabajo.cl\/portal\/wp-json\/wp\/v2\/media\/58485"}],"wp:attachment":[{"href":"https:\/\/eltrabajo.cl\/portal\/wp-json\/wp\/v2\/media?parent=58484"}],"wp:term":[{"taxonomy":"category","embeddable":true,"href":"https:\/\/eltrabajo.cl\/portal\/wp-json\/wp\/v2\/categories?post=58484"},{"taxonomy":"post_tag","embeddable":true,"href":"https:\/\/eltrabajo.cl\/portal\/wp-json\/wp\/v2\/tags?post=58484"}],"curies":[{"name":"wp","href":"https:\/\/api.w.org\/{rel}","templated":true}]}}