{"id":58494,"date":"2015-05-29T09:40:45","date_gmt":"2015-05-29T12:40:45","guid":{"rendered":"http:\/\/www.eltrabajo.cl\/portal\/?p=58494"},"modified":"2015-05-29T09:40:45","modified_gmt":"2015-05-29T12:40:45","slug":"antisociales-ingresan-a-bodega-en-predio-agricola-para-robar-fungicidas","status":"publish","type":"post","link":"https:\/\/eltrabajo.cl\/portal\/antisociales-ingresan-a-bodega-en-predio-agricola-para-robar-fungicidas\/","title":{"rendered":"Antisociales ingresan a bodega en predio agr\u00edcola para robar fungicidas"},"content":{"rendered":"<figure id=\"attachment_58495\" aria-describedby=\"caption-attachment-58495\" style=\"width: 300px\" class=\"wp-caption alignleft\"><a href=\"https:\/\/i0.wp.com\/www.eltrabajo.cl\/portal\/wp-content\/uploads\/2015\/05\/Detenidas-Catemu.jpg\"><img data-recalc-dims=\"1\" loading=\"lazy\" decoding=\"async\" class=\"wp-image-58495 size-medium\" src=\"https:\/\/i0.wp.com\/www.eltrabajo.cl\/portal\/wp-content\/uploads\/2015\/05\/Detenidas-Catemu-300x198.jpg?resize=300%2C198\" alt=\"Las mujeres antisociales fueron identificadas como Carolina Bravo Rojas y Margarita Collao Araya con antecedentes delictuales pret\u00e9ritos.\" width=\"300\" height=\"198\" srcset=\"https:\/\/i0.wp.com\/eltrabajo.cl\/portal\/wp-content\/uploads\/2015\/05\/Detenidas-Catemu.jpg?resize=300%2C198&amp;ssl=1 300w, https:\/\/i0.wp.com\/eltrabajo.cl\/portal\/wp-content\/uploads\/2015\/05\/Detenidas-Catemu.jpg?resize=200%2C132&amp;ssl=1 200w, https:\/\/i0.wp.com\/eltrabajo.cl\/portal\/wp-content\/uploads\/2015\/05\/Detenidas-Catemu.jpg?resize=227%2C150&amp;ssl=1 227w, https:\/\/i0.wp.com\/eltrabajo.cl\/portal\/wp-content\/uploads\/2015\/05\/Detenidas-Catemu.jpg?resize=400%2C264&amp;ssl=1 400w, https:\/\/i0.wp.com\/eltrabajo.cl\/portal\/wp-content\/uploads\/2015\/05\/Detenidas-Catemu.jpg?w=530&amp;ssl=1 530w\" sizes=\"auto, (max-width: 300px) 100vw, 300px\" \/><\/a><figcaption id=\"caption-attachment-58495\" class=\"wp-caption-text\">Las mujeres antisociales fueron identificadas como Carolina Bravo Rojas y Margarita Collao Araya con antecedentes delictuales pret\u00e9ritos.<\/figcaption><\/figure>\n<p>Un oportuno llamado a Carabineros de la Tenencia de la comuna de Catemu logr\u00f3 frustrar el robo de cuatro botellas de fungicida que se encontraban almacenadas en el interior de un predio agr\u00edcola ubicado en el sector rural Santa Rosa de esa localidad, al advertir la presencia de dos mujeres y un hombre que escaparon con las especies, logrando posteriormente ser reducidos por la polic\u00eda uniformada.<br \/>\nLos hechos ocurrieron a eso de las 13:30 horas del mi\u00e9rcoles, cuando Carabineros se traslad\u00f3 de inmediato hasta el lugar en b\u00fasqueda de los sujetos descritos por la v\u00edctima, a partir de las caracter\u00edsticas f\u00edsicas y de vestimentas entregadas, de quienes momentos antes, accedieron hasta la bodega de esa propiedad para sustraer los productos utilizados para la fumigaci\u00f3n agr\u00edcola.<br \/>\nLa patrulla policial, al trasladarse hasta el sector Santa Rosa, observ\u00f3 a los tres antisociales que circulaban por las inmediaciones de un puente en donde fueron interceptados. Tras las circunstancias, los efectivos policiales procedieron a revisar los bolsos que portaban, encontrando las especies sustra\u00eddas que fueron reconocidas por el propietario, sindicando adem\u00e1s a los sujetos como los autores del robo.<br \/>\nLos detenidos fueron identificados como Patricio Omar Erices D\u00edaz de 32 a\u00f1os de edad, quien mantiene antecedentes delictuales por delitos de robo con intimidaci\u00f3n, robos en lugar habitado y no habitado y microtr\u00e1fico de drogas en peque\u00f1as cantidades.<br \/>\nEn tanto, las imputadas fueron identificadas como Carolina Bravo Rojas de 29 a\u00f1os y Margarita Collao Araya de 20 a\u00f1os de edad, ambas con antecedentes por microtr\u00e1fico, porte y consumo de drogas.<br \/>\nEl Jefe de la Tenencia de Carabineros de Catemu, Teniente Gino Arias, destac\u00f3 a Diario El Trabajo el oportuno llamado de la v\u00edctima que permiti\u00f3 frustrar este robo, lo que permitir\u00e1 reducir los \u00edndices delictuales en ese sector: \u201cSe logr\u00f3 recuperar las especies que fueron avaluadas por el propietario en un total de $300.000, tambi\u00e9n estos individuos portaban adem\u00e1s de los fungicidas, una cantidad de paltas y nueces que se presumen ser\u00edan especies sustra\u00eddas de otro robo. Los detenidos fueron puestos a disposici\u00f3n del ministerio p\u00fablico para la correspondiente investigaci\u00f3n del delito\u201d, precis\u00f3 el oficial de Carabineros.<br \/>\n<strong>Pablo Salinas Sald\u00edas<\/strong><\/p>\n<div class=\"tiled-gallery type-rectangular tiled-gallery-unresized\" data-original-width=\"640\" data-carousel-extra='null' itemscope itemtype=\"http:\/\/schema.org\/ImageGallery\" > <div class=\"gallery-row\" style=\"width: 640px; height: 282px;\" data-original-width=\"640\" data-original-height=\"282\" > <div class=\"gallery-group images-1\" style=\"width: 428px; height: 282px;\" data-original-width=\"428\" data-original-height=\"282\" > <div class=\"tiled-gallery-item tiled-gallery-item-large\" itemprop=\"associatedMedia\" itemscope itemtype=\"http:\/\/schema.org\/ImageObject\"> <a href=\"https:\/\/eltrabajo.cl\/portal\/antisociales-ingresan-a-bodega-en-predio-agricola-para-robar-fungicidas\/detendido-hombre-catemu\/\" border=\"0\" itemprop=\"url\"> <meta itemprop=\"width\" content=\"424\"> <meta itemprop=\"height\" content=\"278\"> <img decoding=\"async\" class=\"\" data-attachment-id=\"58496\" data-orig-file=\"https:\/\/eltrabajo.cl\/portal\/wp-content\/uploads\/2015\/05\/Detendido-Hombre-Catemu.jpg\" data-orig-size=\"530,348\" data-comments-opened=\"1\" data-image-meta=\"{&quot;aperture&quot;:&quot;0&quot;,&quot;credit&quot;:&quot;&quot;,&quot;camera&quot;:&quot;&quot;,&quot;caption&quot;:&quot;&quot;,&quot;created_timestamp&quot;:&quot;0&quot;,&quot;copyright&quot;:&quot;&quot;,&quot;focal_length&quot;:&quot;0&quot;,&quot;iso&quot;:&quot;0&quot;,&quot;shutter_speed&quot;:&quot;0&quot;,&quot;title&quot;:&quot;&quot;,&quot;orientation&quot;:&quot;0&quot;}\" data-image-title=\"Detendido Hombre Catemu\" data-image-description=\"&lt;p&gt;Patricio Omar Erices D\u00edaz fue capturado por Carabineros, imputado por el robo al interior de una bodega ubicada en un predio agr\u00edcola del sector Santa Rosa de Catemu.&lt;\/p&gt; \" data-medium-file=\"https:\/\/i0.wp.com\/eltrabajo.cl\/portal\/wp-content\/uploads\/2015\/05\/Detendido-Hombre-Catemu.jpg?fit=300%2C197&#038;ssl=1\" data-large-file=\"https:\/\/i0.wp.com\/eltrabajo.cl\/portal\/wp-content\/uploads\/2015\/05\/Detendido-Hombre-Catemu.jpg?fit=530%2C348&#038;ssl=1\" src=\"https:\/\/i0.wp.com\/eltrabajo.cl\/portal\/wp-content\/uploads\/2015\/05\/Detendido-Hombre-Catemu.jpg?w=424&#038;h=278&#038;ssl=1\" srcset=\"https:\/\/i0.wp.com\/eltrabajo.cl\/portal\/wp-content\/uploads\/2015\/05\/Detendido-Hombre-Catemu.jpg?w=530&amp;ssl=1 530w, https:\/\/i0.wp.com\/eltrabajo.cl\/portal\/wp-content\/uploads\/2015\/05\/Detendido-Hombre-Catemu.jpg?resize=200%2C131&amp;ssl=1 200w, https:\/\/i0.wp.com\/eltrabajo.cl\/portal\/wp-content\/uploads\/2015\/05\/Detendido-Hombre-Catemu.jpg?resize=300%2C197&amp;ssl=1 300w, https:\/\/i0.wp.com\/eltrabajo.cl\/portal\/wp-content\/uploads\/2015\/05\/Detendido-Hombre-Catemu.jpg?resize=228%2C150&amp;ssl=1 228w, https:\/\/i0.wp.com\/eltrabajo.cl\/portal\/wp-content\/uploads\/2015\/05\/Detendido-Hombre-Catemu.jpg?resize=400%2C263&amp;ssl=1 400w\" width=\"424\" height=\"278\" loading=\"lazy\" data-original-width=\"424\" data-original-height=\"278\" itemprop=\"http:\/\/schema.org\/image\" title=\"Detendido Hombre Catemu\" alt=\"Patricio Omar Erices D\u00edaz fue capturado por Carabineros, imputado por el robo al interior de una bodega ubicada en un predio agr\u00edcola del sector Santa Rosa de Catemu.\" style=\"width: 424px; height: 278px;\" \/> <\/a> <div class=\"tiled-gallery-caption\" itemprop=\"caption description\"> Patricio Omar Erices D\u00edaz fue capturado por Carabineros, imputado por el robo al interior de una bodega ubicada en un predio agr\u00edcola del sector Santa Rosa de Catemu. <\/div> <\/div> <\/div> <!-- close group --> <div class=\"gallery-group images-2\" style=\"width: 212px; height: 282px;\" data-original-width=\"212\" data-original-height=\"282\" > <div class=\"tiled-gallery-item tiled-gallery-item-small\" itemprop=\"associatedMedia\" itemscope itemtype=\"http:\/\/schema.org\/ImageObject\"> <a href=\"https:\/\/eltrabajo.cl\/portal\/antisociales-ingresan-a-bodega-en-predio-agricola-para-robar-fungicidas\/teniente-arias\/\" border=\"0\" itemprop=\"url\"> <meta itemprop=\"width\" content=\"208\"> <meta itemprop=\"height\" content=\"137\"> <img decoding=\"async\" class=\"\" data-attachment-id=\"58498\" data-orig-file=\"https:\/\/eltrabajo.cl\/portal\/wp-content\/uploads\/2015\/05\/Teniente-Arias.jpg\" data-orig-size=\"530,349\" data-comments-opened=\"1\" data-image-meta=\"{&quot;aperture&quot;:&quot;0&quot;,&quot;credit&quot;:&quot;&quot;,&quot;camera&quot;:&quot;&quot;,&quot;caption&quot;:&quot;&quot;,&quot;created_timestamp&quot;:&quot;0&quot;,&quot;copyright&quot;:&quot;&quot;,&quot;focal_length&quot;:&quot;0&quot;,&quot;iso&quot;:&quot;0&quot;,&quot;shutter_speed&quot;:&quot;0&quot;,&quot;title&quot;:&quot;&quot;,&quot;orientation&quot;:&quot;0&quot;}\" data-image-title=\"Teniente Arias\" data-image-description=\"&lt;p&gt;El Jefe de la Tenencia de Carabineros, Teniente Gino Arias inform\u00f3 el procedimiento policial realizado la tarde del mi\u00e9rcoles.&lt;\/p&gt; \" data-medium-file=\"https:\/\/i0.wp.com\/eltrabajo.cl\/portal\/wp-content\/uploads\/2015\/05\/Teniente-Arias.jpg?fit=300%2C198&#038;ssl=1\" data-large-file=\"https:\/\/i0.wp.com\/eltrabajo.cl\/portal\/wp-content\/uploads\/2015\/05\/Teniente-Arias.jpg?fit=530%2C349&#038;ssl=1\" src=\"https:\/\/i0.wp.com\/eltrabajo.cl\/portal\/wp-content\/uploads\/2015\/05\/Teniente-Arias.jpg?w=208&#038;h=137&#038;ssl=1\" srcset=\"https:\/\/i0.wp.com\/eltrabajo.cl\/portal\/wp-content\/uploads\/2015\/05\/Teniente-Arias.jpg?w=530&amp;ssl=1 530w, https:\/\/i0.wp.com\/eltrabajo.cl\/portal\/wp-content\/uploads\/2015\/05\/Teniente-Arias.jpg?resize=200%2C132&amp;ssl=1 200w, https:\/\/i0.wp.com\/eltrabajo.cl\/portal\/wp-content\/uploads\/2015\/05\/Teniente-Arias.jpg?resize=300%2C198&amp;ssl=1 300w, https:\/\/i0.wp.com\/eltrabajo.cl\/portal\/wp-content\/uploads\/2015\/05\/Teniente-Arias.jpg?resize=228%2C150&amp;ssl=1 228w, https:\/\/i0.wp.com\/eltrabajo.cl\/portal\/wp-content\/uploads\/2015\/05\/Teniente-Arias.jpg?resize=400%2C263&amp;ssl=1 400w\" width=\"208\" height=\"137\" loading=\"lazy\" data-original-width=\"208\" data-original-height=\"137\" itemprop=\"http:\/\/schema.org\/image\" title=\"Teniente Arias\" alt=\"El Jefe de la Tenencia de Carabineros, Teniente Gino Arias inform\u00f3 el procedimiento policial realizado la tarde del mi\u00e9rcoles.\" style=\"width: 208px; height: 137px;\" \/> <\/a> <div class=\"tiled-gallery-caption\" itemprop=\"caption description\"> El Jefe de la Tenencia de Carabineros, Teniente Gino Arias inform\u00f3 el procedimiento policial realizado la tarde del mi\u00e9rcoles. <\/div> <\/div> <div class=\"tiled-gallery-item tiled-gallery-item-small\" itemprop=\"associatedMedia\" itemscope itemtype=\"http:\/\/schema.org\/ImageObject\"> <a href=\"https:\/\/eltrabajo.cl\/portal\/antisociales-ingresan-a-bodega-en-predio-agricola-para-robar-fungicidas\/fungicidas\/\" border=\"0\" itemprop=\"url\"> <meta itemprop=\"width\" content=\"208\"> <meta itemprop=\"height\" content=\"137\"> <img decoding=\"async\" class=\"\" data-attachment-id=\"58497\" data-orig-file=\"https:\/\/eltrabajo.cl\/portal\/wp-content\/uploads\/2015\/05\/Fungicidas.jpg\" data-orig-size=\"530,348\" data-comments-opened=\"1\" data-image-meta=\"{&quot;aperture&quot;:&quot;0&quot;,&quot;credit&quot;:&quot;&quot;,&quot;camera&quot;:&quot;&quot;,&quot;caption&quot;:&quot;&quot;,&quot;created_timestamp&quot;:&quot;0&quot;,&quot;copyright&quot;:&quot;&quot;,&quot;focal_length&quot;:&quot;0&quot;,&quot;iso&quot;:&quot;0&quot;,&quot;shutter_speed&quot;:&quot;0&quot;,&quot;title&quot;:&quot;&quot;,&quot;orientation&quot;:&quot;0&quot;}\" data-image-title=\"Fungicidas\" data-image-description=\"&lt;p&gt;Los fungicidas recuperados por Carabineros fueron avaluados en la suma de $300.000.&lt;\/p&gt; \" data-medium-file=\"https:\/\/i0.wp.com\/eltrabajo.cl\/portal\/wp-content\/uploads\/2015\/05\/Fungicidas.jpg?fit=300%2C197&#038;ssl=1\" data-large-file=\"https:\/\/i0.wp.com\/eltrabajo.cl\/portal\/wp-content\/uploads\/2015\/05\/Fungicidas.jpg?fit=530%2C348&#038;ssl=1\" src=\"https:\/\/i0.wp.com\/eltrabajo.cl\/portal\/wp-content\/uploads\/2015\/05\/Fungicidas.jpg?w=208&#038;h=137&#038;ssl=1\" srcset=\"https:\/\/i0.wp.com\/eltrabajo.cl\/portal\/wp-content\/uploads\/2015\/05\/Fungicidas.jpg?w=530&amp;ssl=1 530w, https:\/\/i0.wp.com\/eltrabajo.cl\/portal\/wp-content\/uploads\/2015\/05\/Fungicidas.jpg?resize=200%2C131&amp;ssl=1 200w, https:\/\/i0.wp.com\/eltrabajo.cl\/portal\/wp-content\/uploads\/2015\/05\/Fungicidas.jpg?resize=300%2C197&amp;ssl=1 300w, https:\/\/i0.wp.com\/eltrabajo.cl\/portal\/wp-content\/uploads\/2015\/05\/Fungicidas.jpg?resize=228%2C150&amp;ssl=1 228w, https:\/\/i0.wp.com\/eltrabajo.cl\/portal\/wp-content\/uploads\/2015\/05\/Fungicidas.jpg?resize=400%2C263&amp;ssl=1 400w\" width=\"208\" height=\"137\" loading=\"lazy\" data-original-width=\"208\" data-original-height=\"137\" itemprop=\"http:\/\/schema.org\/image\" title=\"Fungicidas\" alt=\"Los fungicidas recuperados por Carabineros fueron avaluados en la suma de $300.000.\" style=\"width: 208px; height: 137px;\" \/> <\/a> <div class=\"tiled-gallery-caption\" itemprop=\"caption description\"> Los fungicidas recuperados por Carabineros fueron avaluados en la suma de $300.000. <\/div> <\/div> <\/div> <!-- close group --> <\/div> <!-- close row --> <\/div>\n","protected":false},"excerpt":{"rendered":"<p>Un oportuno llamado a Carabineros de la Tenencia de la comuna de Catemu logr\u00f3 frustrar el robo de cuatro botellas de fungicida que se encontraban almacenadas en el interior de un predio&#8230;<\/p>\n","protected":false},"author":482,"featured_media":58495,"comment_status":"open","ping_status":"open","sticky":false,"template":"","format":"standard","meta":{"advanced_seo_description":"","jetpack_seo_html_title":"","jetpack_seo_noindex":false,"_jetpack_memberships_contains_paid_content":false,"footnotes":""},"categories":[21],"tags":[],"class_list":["post-58494","post","type-post","status-publish","format-standard","has-post-thumbnail","hentry","category-policial"],"jetpack_featured_media_url":"https:\/\/i0.wp.com\/eltrabajo.cl\/portal\/wp-content\/uploads\/2015\/05\/Detenidas-Catemu.jpg?fit=530%2C350&ssl=1","jetpack_sharing_enabled":true,"jetpack_likes_enabled":true,"jetpack-related-posts":[],"_links":{"self":[{"href":"https:\/\/eltrabajo.cl\/portal\/wp-json\/wp\/v2\/posts\/58494","targetHints":{"allow":["GET"]}}],"collection":[{"href":"https:\/\/eltrabajo.cl\/portal\/wp-json\/wp\/v2\/posts"}],"about":[{"href":"https:\/\/eltrabajo.cl\/portal\/wp-json\/wp\/v2\/types\/post"}],"author":[{"embeddable":true,"href":"https:\/\/eltrabajo.cl\/portal\/wp-json\/wp\/v2\/users\/482"}],"replies":[{"embeddable":true,"href":"https:\/\/eltrabajo.cl\/portal\/wp-json\/wp\/v2\/comments?post=58494"}],"version-history":[{"count":0,"href":"https:\/\/eltrabajo.cl\/portal\/wp-json\/wp\/v2\/posts\/58494\/revisions"}],"wp:featuredmedia":[{"embeddable":true,"href":"https:\/\/eltrabajo.cl\/portal\/wp-json\/wp\/v2\/media\/58495"}],"wp:attachment":[{"href":"https:\/\/eltrabajo.cl\/portal\/wp-json\/wp\/v2\/media?parent=58494"}],"wp:term":[{"taxonomy":"category","embeddable":true,"href":"https:\/\/eltrabajo.cl\/portal\/wp-json\/wp\/v2\/categories?post=58494"},{"taxonomy":"post_tag","embeddable":true,"href":"https:\/\/eltrabajo.cl\/portal\/wp-json\/wp\/v2\/tags?post=58494"}],"curies":[{"name":"wp","href":"https:\/\/api.w.org\/{rel}","templated":true}]}}