{"id":58500,"date":"2015-05-29T09:44:26","date_gmt":"2015-05-29T12:44:26","guid":{"rendered":"http:\/\/www.eltrabajo.cl\/portal\/?p=58500"},"modified":"2015-05-29T09:49:58","modified_gmt":"2015-05-29T12:49:58","slug":"universitarios-se-unen-a-manifestaciones-por-la-educacion-convocadas-a-nivel-nacional","status":"publish","type":"post","link":"https:\/\/eltrabajo.cl\/portal\/universitarios-se-unen-a-manifestaciones-por-la-educacion-convocadas-a-nivel-nacional\/","title":{"rendered":"Universitarios se unen a manifestaciones por educaci\u00f3n convocadas en el pa\u00eds"},"content":{"rendered":"<figure id=\"attachment_58501\" aria-describedby=\"caption-attachment-58501\" style=\"width: 300px\" class=\"wp-caption alignleft\"><a href=\"https:\/\/i0.wp.com\/www.eltrabajo.cl\/portal\/wp-content\/uploads\/2015\/05\/Manifestantes-1.jpg\"><img data-recalc-dims=\"1\" loading=\"lazy\" decoding=\"async\" class=\"wp-image-58501 size-medium\" src=\"https:\/\/i0.wp.com\/www.eltrabajo.cl\/portal\/wp-content\/uploads\/2015\/05\/Manifestantes-1-300x198.jpg?resize=300%2C198\" alt=\"Un grupo de estudiantes encapuchados protagonizaron desmanes protestando contra la Reforma Educacional, arrojando piedras contra Carabineros sin que se registraran funcionarios lesionados ni personas detenidas.\" width=\"300\" height=\"198\" srcset=\"https:\/\/i0.wp.com\/eltrabajo.cl\/portal\/wp-content\/uploads\/2015\/05\/Manifestantes-1.jpg?resize=300%2C198&amp;ssl=1 300w, https:\/\/i0.wp.com\/eltrabajo.cl\/portal\/wp-content\/uploads\/2015\/05\/Manifestantes-1.jpg?resize=200%2C132&amp;ssl=1 200w, https:\/\/i0.wp.com\/eltrabajo.cl\/portal\/wp-content\/uploads\/2015\/05\/Manifestantes-1.jpg?resize=227%2C150&amp;ssl=1 227w, https:\/\/i0.wp.com\/eltrabajo.cl\/portal\/wp-content\/uploads\/2015\/05\/Manifestantes-1.jpg?resize=400%2C264&amp;ssl=1 400w, https:\/\/i0.wp.com\/eltrabajo.cl\/portal\/wp-content\/uploads\/2015\/05\/Manifestantes-1.jpg?w=530&amp;ssl=1 530w\" sizes=\"auto, (max-width: 300px) 100vw, 300px\" \/><\/a><figcaption id=\"caption-attachment-58501\" class=\"wp-caption-text\">Un grupo de estudiantes encapuchados protagonizaron desmanes protestando contra la Reforma Educacional, arrojando piedras contra Carabineros sin que se registraran funcionarios lesionados ni personas detenidas.<\/figcaption><\/figure>\n<p>Una treintena de universitarios encapuchados provocaron desmanes en la afueras del campus San Felipe de la Universidad Playa Ancha, en donde se produjeron cortes de tr\u00e1nsito, quema de cartones, la destrucci\u00f3n de un sem\u00e1foro y una lluvia de pedradas contra Carabineros, bajo las consignas de rechazo a la reforma educacional, durante dos horas en donde no resultaron personas detenidas.<br \/>\nSeg\u00fan el reporte de Carabineros, los manifestantes se aproximaron en las afueras de esa casa de estudios desde las 11:00 horas, marchando por calle Benigno Caldera hacia esquina Avenida Maip\u00fa, con alusivas cr\u00edticas a la Reforma Educacional, adhiri\u00e9ndose a las marchas convocadas en distintos puntos del pa\u00eds.<br \/>\nDurante el recorrido de los manifestantes, de acuerdo a la informaci\u00f3n proporcionada por la Comisario Mayor Maureen Espinoza, los estudiantes realizaron una quema de un ata\u00fad de cart\u00f3n en medio de la calzada, por lo que se debi\u00f3 realizar algunos desv\u00edos en el tr\u00e1nsito vehicular para evitar accidentes.<br \/>\nAdem\u00e1s, la oficial policial se\u00f1al\u00f3 que luego de un lapso de tiempo, los manifestantes comenzaron a alterarse lanzando piedras de gran tama\u00f1o hacia los funcionarios policiales que custodiaban ese per\u00edmetro, destruyendo adem\u00e1s un sem\u00e1foro ubicado en la esquina de Avenida Maip\u00fa con Benigno Caldera, alterando el orden y la seguridad de la ciudadan\u00eda.<br \/>\n\u201cLa situaci\u00f3n fue controlada, pero intentaron agredir a Carabineros que se encontraba custodiando el lugar a fin de evitar alg\u00fan accidente de tr\u00e1nsito. En un momento lanzaron piedras de gran tama\u00f1o, quemaron un ata\u00fad de cart\u00f3n. No hubo detenidos por estas manifestaciones, pero se realiz\u00f3 una denuncia al Juzgado de Polic\u00eda local y Fiscal\u00eda por da\u00f1os y desordenes p\u00fablicos\u201d, precis\u00f3 la Comisario de Carabineros a Diario El Trabajo.<br \/>\nAlrededor de las 13:45 horas, Carabineros logr\u00f3 despejar la v\u00eda p\u00fablica para el normal tr\u00e1nsito de los vecinos y conductores de veh\u00edculos por ese sector, manteni\u00e9ndose custodiado el per\u00edmetro en caso de que vuelvan a ocurrir nuevos incidentes.<br \/>\nYa por la noche, un grupo de j\u00f3venes, presumiblemente los mismos, se tomaron el puente El Rey, situaci\u00f3n que no tuvo mayor repercusi\u00f3n ya que prontamente se restableci\u00f3 el tr\u00e1fico vehicular en el sector<br \/>\n<strong>Pablo Salinas Sald\u00edas<\/strong><\/p>\n<div class=\"tiled-gallery type-rectangular tiled-gallery-unresized\" data-original-width=\"640\" data-carousel-extra='null' itemscope itemtype=\"http:\/\/schema.org\/ImageGallery\" > <div class=\"gallery-row\" style=\"width: 640px; height: 212px;\" data-original-width=\"640\" data-original-height=\"212\" > <div class=\"gallery-group images-1\" style=\"width: 320px; height: 212px;\" data-original-width=\"320\" data-original-height=\"212\" > <div class=\"tiled-gallery-item tiled-gallery-item-large\" itemprop=\"associatedMedia\" itemscope itemtype=\"http:\/\/schema.org\/ImageObject\"> <a href=\"https:\/\/eltrabajo.cl\/portal\/universitarios-se-unen-a-manifestaciones-por-la-educacion-convocadas-a-nivel-nacional\/semaforo-1\/\" border=\"0\" itemprop=\"url\"> <meta itemprop=\"width\" content=\"316\"> <meta itemprop=\"height\" content=\"208\"> <img decoding=\"async\" class=\"\" data-attachment-id=\"58502\" data-orig-file=\"https:\/\/eltrabajo.cl\/portal\/wp-content\/uploads\/2015\/05\/Semaforo-1.jpg\" data-orig-size=\"530,348\" data-comments-opened=\"1\" data-image-meta=\"{&quot;aperture&quot;:&quot;0&quot;,&quot;credit&quot;:&quot;&quot;,&quot;camera&quot;:&quot;&quot;,&quot;caption&quot;:&quot;&quot;,&quot;created_timestamp&quot;:&quot;0&quot;,&quot;copyright&quot;:&quot;&quot;,&quot;focal_length&quot;:&quot;0&quot;,&quot;iso&quot;:&quot;0&quot;,&quot;shutter_speed&quot;:&quot;0&quot;,&quot;title&quot;:&quot;&quot;,&quot;orientation&quot;:&quot;0&quot;}\" data-image-title=\"Semaforo 1\" data-image-description=\"&lt;p&gt;En la fotograf\u00eda se registra la destrucci\u00f3n del sem\u00e1foro ubicado en calle Benigno Caldera esquina Avenida Maip\u00fa en San Felipe por parte de los manifestante durante el mediod\u00eda de ayer jueves.&lt;\/p&gt; \" data-medium-file=\"https:\/\/i0.wp.com\/eltrabajo.cl\/portal\/wp-content\/uploads\/2015\/05\/Semaforo-1.jpg?fit=300%2C197&#038;ssl=1\" data-large-file=\"https:\/\/i0.wp.com\/eltrabajo.cl\/portal\/wp-content\/uploads\/2015\/05\/Semaforo-1.jpg?fit=530%2C348&#038;ssl=1\" src=\"https:\/\/i0.wp.com\/eltrabajo.cl\/portal\/wp-content\/uploads\/2015\/05\/Semaforo-1.jpg?w=316&#038;h=208&#038;ssl=1\" srcset=\"https:\/\/i0.wp.com\/eltrabajo.cl\/portal\/wp-content\/uploads\/2015\/05\/Semaforo-1.jpg?w=530&amp;ssl=1 530w, https:\/\/i0.wp.com\/eltrabajo.cl\/portal\/wp-content\/uploads\/2015\/05\/Semaforo-1.jpg?resize=200%2C131&amp;ssl=1 200w, https:\/\/i0.wp.com\/eltrabajo.cl\/portal\/wp-content\/uploads\/2015\/05\/Semaforo-1.jpg?resize=300%2C197&amp;ssl=1 300w, https:\/\/i0.wp.com\/eltrabajo.cl\/portal\/wp-content\/uploads\/2015\/05\/Semaforo-1.jpg?resize=228%2C150&amp;ssl=1 228w, https:\/\/i0.wp.com\/eltrabajo.cl\/portal\/wp-content\/uploads\/2015\/05\/Semaforo-1.jpg?resize=400%2C263&amp;ssl=1 400w\" width=\"316\" height=\"208\" loading=\"lazy\" data-original-width=\"316\" data-original-height=\"208\" itemprop=\"http:\/\/schema.org\/image\" title=\"Semaforo 1\" alt=\"En la fotograf\u00eda se registra la destrucci\u00f3n del sem\u00e1foro ubicado en calle Benigno Caldera esquina Avenida Maip\u00fa en San Felipe por parte de los manifestante durante el mediod\u00eda de ayer jueves.\" style=\"width: 316px; height: 208px;\" \/> <\/a> <div class=\"tiled-gallery-caption\" itemprop=\"caption description\"> En la fotograf\u00eda se registra la destrucci\u00f3n del sem\u00e1foro ubicado en calle Benigno Caldera esquina Avenida Maip\u00fa en San Felipe por parte de los manifestante durante el mediod\u00eda de ayer jueves. <\/div> <\/div> <\/div> <!-- close group --> <div class=\"gallery-group images-1\" style=\"width: 320px; height: 212px;\" data-original-width=\"320\" data-original-height=\"212\" > <div class=\"tiled-gallery-item tiled-gallery-item-large\" itemprop=\"associatedMedia\" itemscope itemtype=\"http:\/\/schema.org\/ImageObject\"> <a href=\"https:\/\/eltrabajo.cl\/portal\/universitarios-se-unen-a-manifestaciones-por-la-educacion-convocadas-a-nivel-nacional\/semaforo-2\/\" border=\"0\" itemprop=\"url\"> <meta itemprop=\"width\" content=\"316\"> <meta itemprop=\"height\" content=\"208\"> <img decoding=\"async\" class=\"\" data-attachment-id=\"58503\" data-orig-file=\"https:\/\/eltrabajo.cl\/portal\/wp-content\/uploads\/2015\/05\/Semaforo-2.jpg\" data-orig-size=\"530,349\" data-comments-opened=\"1\" data-image-meta=\"{&quot;aperture&quot;:&quot;0&quot;,&quot;credit&quot;:&quot;Picasa&quot;,&quot;camera&quot;:&quot;&quot;,&quot;caption&quot;:&quot;&quot;,&quot;created_timestamp&quot;:&quot;0&quot;,&quot;copyright&quot;:&quot;&quot;,&quot;focal_length&quot;:&quot;0&quot;,&quot;iso&quot;:&quot;0&quot;,&quot;shutter_speed&quot;:&quot;0&quot;,&quot;title&quot;:&quot;&quot;,&quot;orientation&quot;:&quot;0&quot;}\" data-image-title=\"Semaforo 2\" data-image-description=\"&lt;p&gt;Las manifestaciones lograron ser dispersadas por Carabineros sin mayores complicaciones reanud\u00e1ndose el tr\u00e1nsito vehicular alrededor de las 14 horas del jueves.&lt;\/p&gt; \" data-medium-file=\"https:\/\/i0.wp.com\/eltrabajo.cl\/portal\/wp-content\/uploads\/2015\/05\/Semaforo-2.jpg?fit=300%2C198&#038;ssl=1\" data-large-file=\"https:\/\/i0.wp.com\/eltrabajo.cl\/portal\/wp-content\/uploads\/2015\/05\/Semaforo-2.jpg?fit=530%2C349&#038;ssl=1\" src=\"https:\/\/i0.wp.com\/eltrabajo.cl\/portal\/wp-content\/uploads\/2015\/05\/Semaforo-2.jpg?w=316&#038;h=208&#038;ssl=1\" srcset=\"https:\/\/i0.wp.com\/eltrabajo.cl\/portal\/wp-content\/uploads\/2015\/05\/Semaforo-2.jpg?w=530&amp;ssl=1 530w, https:\/\/i0.wp.com\/eltrabajo.cl\/portal\/wp-content\/uploads\/2015\/05\/Semaforo-2.jpg?resize=200%2C132&amp;ssl=1 200w, https:\/\/i0.wp.com\/eltrabajo.cl\/portal\/wp-content\/uploads\/2015\/05\/Semaforo-2.jpg?resize=300%2C198&amp;ssl=1 300w, https:\/\/i0.wp.com\/eltrabajo.cl\/portal\/wp-content\/uploads\/2015\/05\/Semaforo-2.jpg?resize=228%2C150&amp;ssl=1 228w, https:\/\/i0.wp.com\/eltrabajo.cl\/portal\/wp-content\/uploads\/2015\/05\/Semaforo-2.jpg?resize=400%2C263&amp;ssl=1 400w\" width=\"316\" height=\"208\" loading=\"lazy\" data-original-width=\"316\" data-original-height=\"208\" itemprop=\"http:\/\/schema.org\/image\" title=\"Semaforo 2\" alt=\"Las manifestaciones lograron ser dispersadas por Carabineros sin mayores complicaciones reanud\u00e1ndose el tr\u00e1nsito vehicular alrededor de las 14 horas del jueves.\" style=\"width: 316px; height: 208px;\" \/> <\/a> <div class=\"tiled-gallery-caption\" itemprop=\"caption description\"> Las manifestaciones lograron ser dispersadas por Carabineros sin mayores complicaciones reanud\u00e1ndose el tr\u00e1nsito vehicular alrededor de las 14 horas del jueves. <\/div> <\/div> <\/div> <!-- close group --> <\/div> <!-- close row --> <\/div>\n","protected":false},"excerpt":{"rendered":"<p>Una treintena de universitarios encapuchados provocaron desmanes en la afueras del campus San Felipe de la Universidad Playa Ancha, en donde se produjeron cortes de tr\u00e1nsito, quema de cartones, la destrucci\u00f3n de&#8230;<\/p>\n","protected":false},"author":482,"featured_media":58501,"comment_status":"open","ping_status":"open","sticky":false,"template":"","format":"standard","meta":{"advanced_seo_description":"","jetpack_seo_html_title":"","jetpack_seo_noindex":false,"_jetpack_memberships_contains_paid_content":false,"footnotes":""},"categories":[21],"tags":[],"class_list":["post-58500","post","type-post","status-publish","format-standard","has-post-thumbnail","hentry","category-policial"],"jetpack_featured_media_url":"https:\/\/i0.wp.com\/eltrabajo.cl\/portal\/wp-content\/uploads\/2015\/05\/Manifestantes-1.jpg?fit=530%2C350&ssl=1","jetpack_sharing_enabled":true,"jetpack_likes_enabled":true,"jetpack-related-posts":[],"_links":{"self":[{"href":"https:\/\/eltrabajo.cl\/portal\/wp-json\/wp\/v2\/posts\/58500","targetHints":{"allow":["GET"]}}],"collection":[{"href":"https:\/\/eltrabajo.cl\/portal\/wp-json\/wp\/v2\/posts"}],"about":[{"href":"https:\/\/eltrabajo.cl\/portal\/wp-json\/wp\/v2\/types\/post"}],"author":[{"embeddable":true,"href":"https:\/\/eltrabajo.cl\/portal\/wp-json\/wp\/v2\/users\/482"}],"replies":[{"embeddable":true,"href":"https:\/\/eltrabajo.cl\/portal\/wp-json\/wp\/v2\/comments?post=58500"}],"version-history":[{"count":0,"href":"https:\/\/eltrabajo.cl\/portal\/wp-json\/wp\/v2\/posts\/58500\/revisions"}],"wp:featuredmedia":[{"embeddable":true,"href":"https:\/\/eltrabajo.cl\/portal\/wp-json\/wp\/v2\/media\/58501"}],"wp:attachment":[{"href":"https:\/\/eltrabajo.cl\/portal\/wp-json\/wp\/v2\/media?parent=58500"}],"wp:term":[{"taxonomy":"category","embeddable":true,"href":"https:\/\/eltrabajo.cl\/portal\/wp-json\/wp\/v2\/categories?post=58500"},{"taxonomy":"post_tag","embeddable":true,"href":"https:\/\/eltrabajo.cl\/portal\/wp-json\/wp\/v2\/tags?post=58500"}],"curies":[{"name":"wp","href":"https:\/\/api.w.org\/{rel}","templated":true}]}}