{"id":58509,"date":"2015-05-29T09:48:37","date_gmt":"2015-05-29T12:48:37","guid":{"rendered":"http:\/\/www.eltrabajo.cl\/portal\/?p=58509"},"modified":"2015-05-29T09:48:37","modified_gmt":"2015-05-29T12:48:37","slug":"solo-20-minutos-alcanzaron-a-vivir-siamesas-unidas-por-el-torax","status":"publish","type":"post","link":"https:\/\/eltrabajo.cl\/portal\/solo-20-minutos-alcanzaron-a-vivir-siamesas-unidas-por-el-torax\/","title":{"rendered":"Solo 20 minutos alcanzaron a vivir siamesas unidas por el t\u00f3rax"},"content":{"rendered":"<figure id=\"attachment_58510\" aria-describedby=\"caption-attachment-58510\" style=\"width: 300px\" class=\"wp-caption alignleft\"><a href=\"https:\/\/i0.wp.com\/www.eltrabajo.cl\/portal\/wp-content\/uploads\/2015\/05\/Guaguas1.jpg\"><img data-recalc-dims=\"1\" loading=\"lazy\" decoding=\"async\" class=\"wp-image-58510 size-medium\" src=\"https:\/\/i0.wp.com\/www.eltrabajo.cl\/portal\/wp-content\/uploads\/2015\/05\/Guaguas1-300x198.jpg?resize=300%2C198\" alt=\"NO LO LOGRARON.- Pese a que el personal m\u00e9dico hizo todo lo posible para estabilizar a los dos guag\u00fcitas nacidas unidas por su t\u00f3rax y quienes compart\u00edan su coraz\u00f3n e h\u00edgado, finalmente fallecieron 20 minutos despu\u00e9s de nacer. (Foto referencial s\u00f3lo con fines ilustrativos)\" width=\"300\" height=\"198\" srcset=\"https:\/\/i0.wp.com\/eltrabajo.cl\/portal\/wp-content\/uploads\/2015\/05\/Guaguas1.jpg?resize=300%2C198&amp;ssl=1 300w, https:\/\/i0.wp.com\/eltrabajo.cl\/portal\/wp-content\/uploads\/2015\/05\/Guaguas1.jpg?resize=200%2C132&amp;ssl=1 200w, https:\/\/i0.wp.com\/eltrabajo.cl\/portal\/wp-content\/uploads\/2015\/05\/Guaguas1.jpg?resize=227%2C150&amp;ssl=1 227w, https:\/\/i0.wp.com\/eltrabajo.cl\/portal\/wp-content\/uploads\/2015\/05\/Guaguas1.jpg?resize=400%2C264&amp;ssl=1 400w, https:\/\/i0.wp.com\/eltrabajo.cl\/portal\/wp-content\/uploads\/2015\/05\/Guaguas1.jpg?w=530&amp;ssl=1 530w\" sizes=\"auto, (max-width: 300px) 100vw, 300px\" \/><\/a><figcaption id=\"caption-attachment-58510\" class=\"wp-caption-text\">NO LO LOGRARON.- Pese a que el personal m\u00e9dico hizo todo lo posible para estabilizar a los dos guag\u00fcitas nacidas unidas por su t\u00f3rax y quienes compart\u00edan su coraz\u00f3n e h\u00edgado, finalmente fallecieron 20 minutos despu\u00e9s de nacer. (Foto referencial s\u00f3lo con fines ilustrativos)<\/figcaption><\/figure>\n<p>Una vecina de Villa San Camilo, quien tiene dos mellizos de 20 a\u00f1os, hombre y mujer, se ilusion\u00f3 por meses cuando hace un tiempo supo que ser\u00eda madre nuevamente. Su alegr\u00eda se duplic\u00f3 poco tiempo despu\u00e9s, cuando el m\u00e9dico particular que le atend\u00eda detect\u00f3 que no se trataba de una sola criatura la que crec\u00eda en su vientre, sino de dos. Luego de confirmar que efectivamente se trataba de gemelas, la madre, Elisabeth Contreras Godoy, simplemente empez\u00f3 a so\u00f1ar con el nuevo desaf\u00edo de ser nuevamente madre de otros gemelos.<\/p>\n<p><strong>ERAN SIEMESAS<\/strong><br \/>\nFue en uno de estos chequeos de rutina cuando el m\u00e9dico de Elisabeth descubri\u00f3 de manera preocupante, que las dos ni\u00f1as eran siamesas, ya que estaban unidas entre s\u00ed por el t\u00f3rax, compartiendo un solo coraz\u00f3n y un \u00fanico h\u00edgado, sentenciando as\u00ed el parto a una peligrosa experiencia para las tres personas.<br \/>\nEl galeno, tras realizar las pruebas de rigor, remiti\u00f3 recientemente a su paciente a Ginecolog\u00eda del Hospital San Camilo, en donde de inmediato se le brind\u00f3 la atenci\u00f3n requerida, pues la complejidad de este embarazo tambi\u00e9n pon\u00eda en peligro la vida de la madre.<br \/>\nFue as\u00ed como durante dos martes consecutivos se le atendi\u00f3 en el hospital sanfelipe\u00f1o, siendo este \u00faltimo martes la fecha en que Elisabeth no lleg\u00f3 a la cita del San Camilo, pues fue atendida en el Hospital Carlos Van Buren de Valpara\u00edso, en donde se le dio toda la atenci\u00f3n que ameritaba.<\/p>\n<p><strong>EL DESENLACE<\/strong><br \/>\nDiario El Trabajo pudo hablar con un familiar cercano a Elisabeth, quien solicit\u00f3 no ser identificada.<br \/>\n<strong>&#8211; \u00bfC\u00f3mo est\u00e1 la salud de la madre tras este parto?<\/strong><br \/>\n<strong>&#8211;<\/strong> Ella (Elisabeth) est\u00e1 bien, las ni\u00f1as nacieron vivas y por ces\u00e1rea, fue una experiencia agobiante para ella tambi\u00e9n.<br \/>\n<strong>&#8211; \u00bfEstaba muy ilusionada Elisabeth con estas guaguas?<\/strong><br \/>\n<strong>&#8211;<\/strong> Claro que Elisabeth estaba ilusionada con las ni\u00f1as, pero tambi\u00e9n hab\u00eda asumido una eventual p\u00e9rdida de alguna o de ambas guaguas.<br \/>\n<strong>&#8211; \u00bfQu\u00e9 pas\u00f3 con las nenitas finalmente?<\/strong><br \/>\n<strong>&#8211;<\/strong> Las ni\u00f1as nacieron vivas, los m\u00e9dicos debieron supongo yo, emplearse a fondo para estabilizarlas, sin embargo las ni\u00f1as fallecieron 20 minutos despu\u00e9s de nacer. Llegaron a este mundo hoy (ayer) en la ma\u00f1ana.<br \/>\n<strong>&#8211; \u00bfSabe usted qu\u00e9 pudo salir mal con estas peque\u00f1as?<\/strong><br \/>\n<strong>&#8211;<\/strong> Lo que tenemos entendido toda la familia, es que las ni\u00f1as compart\u00edan su coraz\u00f3n y el h\u00edgado, algo muy, pero muy complicado. S\u00e9 que hay casos en los que estas personitas llegan a crecer e inclusive llegar a una edad adulta, en este caso las cosas fueron distintas lamentablemente.<\/p>\n<p><strong>HAY ESPERANZA<\/strong><br \/>\nEsta es una de las historias en las que, como medio de comunicaci\u00f3n, nos duele informarlas, puesto que todo nacimiento, sea como sea, siempre ser\u00e1 bienvenido con cari\u00f1o y mucha esperanza en las personitas que nos regala Dios, en este caso todos quienes laboramos en Diario El Trabajo solidarizamos con esta familia sanfelipe\u00f1a, esperando que pronto se puedan escuchar risas infantiles en la casa de esta madre, bien sean de otros hijos suyos, o de nietos regalones.<br \/>\n<strong>Roberto Gonz\u00e1lez Short<\/strong><br \/>\nrgonzalez@eltrabajo.cl<\/p>\n","protected":false},"excerpt":{"rendered":"<p>Una vecina de Villa San Camilo, quien tiene dos mellizos de 20 a\u00f1os, hombre y mujer, se ilusion\u00f3 por meses cuando hace un tiempo supo que ser\u00eda madre nuevamente. Su alegr\u00eda se&#8230;<\/p>\n","protected":false},"author":482,"featured_media":58510,"comment_status":"open","ping_status":"open","sticky":false,"template":"","format":"standard","meta":{"advanced_seo_description":"","jetpack_seo_html_title":"","jetpack_seo_noindex":false,"_jetpack_memberships_contains_paid_content":false,"footnotes":""},"categories":[15],"tags":[],"class_list":["post-58509","post","type-post","status-publish","format-standard","has-post-thumbnail","hentry","category-comunidad"],"jetpack_featured_media_url":"https:\/\/i0.wp.com\/eltrabajo.cl\/portal\/wp-content\/uploads\/2015\/05\/Guaguas1.jpg?fit=530%2C350&ssl=1","jetpack_sharing_enabled":true,"jetpack_likes_enabled":true,"jetpack-related-posts":[],"_links":{"self":[{"href":"https:\/\/eltrabajo.cl\/portal\/wp-json\/wp\/v2\/posts\/58509","targetHints":{"allow":["GET"]}}],"collection":[{"href":"https:\/\/eltrabajo.cl\/portal\/wp-json\/wp\/v2\/posts"}],"about":[{"href":"https:\/\/eltrabajo.cl\/portal\/wp-json\/wp\/v2\/types\/post"}],"author":[{"embeddable":true,"href":"https:\/\/eltrabajo.cl\/portal\/wp-json\/wp\/v2\/users\/482"}],"replies":[{"embeddable":true,"href":"https:\/\/eltrabajo.cl\/portal\/wp-json\/wp\/v2\/comments?post=58509"}],"version-history":[{"count":0,"href":"https:\/\/eltrabajo.cl\/portal\/wp-json\/wp\/v2\/posts\/58509\/revisions"}],"wp:featuredmedia":[{"embeddable":true,"href":"https:\/\/eltrabajo.cl\/portal\/wp-json\/wp\/v2\/media\/58510"}],"wp:attachment":[{"href":"https:\/\/eltrabajo.cl\/portal\/wp-json\/wp\/v2\/media?parent=58509"}],"wp:term":[{"taxonomy":"category","embeddable":true,"href":"https:\/\/eltrabajo.cl\/portal\/wp-json\/wp\/v2\/categories?post=58509"},{"taxonomy":"post_tag","embeddable":true,"href":"https:\/\/eltrabajo.cl\/portal\/wp-json\/wp\/v2\/tags?post=58509"}],"curies":[{"name":"wp","href":"https:\/\/api.w.org\/{rel}","templated":true}]}}