{"id":58519,"date":"2015-06-01T09:22:59","date_gmt":"2015-06-01T12:22:59","guid":{"rendered":"http:\/\/www.eltrabajo.cl\/portal\/?p=58519"},"modified":"2015-06-01T09:22:59","modified_gmt":"2015-06-01T12:22:59","slug":"titulan-a-primera-generacion-de-tecnicos-de-liceo-polivalente-chagres","status":"publish","type":"post","link":"https:\/\/eltrabajo.cl\/portal\/titulan-a-primera-generacion-de-tecnicos-de-liceo-polivalente-chagres\/","title":{"rendered":"Titulan a primera generaci\u00f3n de t\u00e9cnicos de Liceo Polivalente Chagres"},"content":{"rendered":"<figure id=\"attachment_58520\" aria-describedby=\"caption-attachment-58520\" style=\"width: 300px\" class=\"wp-caption alignleft\"><a href=\"https:\/\/i0.wp.com\/www.eltrabajo.cl\/portal\/wp-content\/uploads\/2015\/06\/Titulacion-Chagres.jpg\"><img data-recalc-dims=\"1\" loading=\"lazy\" decoding=\"async\" class=\"wp-image-58520 size-medium\" src=\"https:\/\/i0.wp.com\/www.eltrabajo.cl\/portal\/wp-content\/uploads\/2015\/06\/Titulacion-Chagres-300x197.jpg?resize=300%2C197\" alt=\"Junto al alcalde Boris Luksic y del director del Liceo Polivalente Chagres, Fernando Silva, se encuentran 21 j\u00f3venes, quienes son la primera generaci\u00f3n de alumnos que recibieron su t\u00edtulo de t\u00e9cnico.\" width=\"300\" height=\"197\" srcset=\"https:\/\/i0.wp.com\/eltrabajo.cl\/portal\/wp-content\/uploads\/2015\/06\/Titulacion-Chagres.jpg?resize=300%2C197&amp;ssl=1 300w, https:\/\/i0.wp.com\/eltrabajo.cl\/portal\/wp-content\/uploads\/2015\/06\/Titulacion-Chagres.jpg?resize=200%2C131&amp;ssl=1 200w, https:\/\/i0.wp.com\/eltrabajo.cl\/portal\/wp-content\/uploads\/2015\/06\/Titulacion-Chagres.jpg?resize=228%2C150&amp;ssl=1 228w, https:\/\/i0.wp.com\/eltrabajo.cl\/portal\/wp-content\/uploads\/2015\/06\/Titulacion-Chagres.jpg?resize=400%2C263&amp;ssl=1 400w, https:\/\/i0.wp.com\/eltrabajo.cl\/portal\/wp-content\/uploads\/2015\/06\/Titulacion-Chagres.jpg?w=530&amp;ssl=1 530w\" sizes=\"auto, (max-width: 300px) 100vw, 300px\" \/><\/a><figcaption id=\"caption-attachment-58520\" class=\"wp-caption-text\">Junto al alcalde Boris Luksic y del director del Liceo Polivalente Chagres, Fernando Silva, se encuentran 21 j\u00f3venes, quienes son la primera generaci\u00f3n de alumnos que recibieron su t\u00edtulo de t\u00e9cnico.<\/figcaption><\/figure>\n<p><strong>CATEMU.<\/strong>&#8211; Los primeros t\u00e9cnicos del Liceo Polivalente Chagres recibieron su certificado de t\u00edtulo en una ceremonia hist\u00f3rica realizada en el establecimiento, la que cont\u00f3 con la presencia del Alcalde de la comuna Boris Luksic junto a su esposa Patricia Salas; el concejo municipal; el Jefe Daem F\u00e9lix Ar\u00e9valo; Fernando Silva; de la Direcci\u00f3n Provincial de Educaci\u00f3n, Fernando Cataldo; de la Gobernaci\u00f3n Provincial, Juan Pablo Morales y representantes de instituciones, empresas e invitados especiales.<br \/>\nUn total de 21 alumnos de las especialidades estructuras met\u00e1licas, laboratorista qu\u00edmico e instalaciones el\u00e9ctricas, en compa\u00f1\u00eda de sus padres, apoderados y familiares m\u00e1s cercanos, participaron de esta significativa ceremonia de titulaci\u00f3n.<br \/>\nEl Director del establecimiento, Fernando Silva Castellon, reconoci\u00f3 sentirse muy orgulloso de formar parte de la concreci\u00f3n de la primera generaci\u00f3n de t\u00e9cnicos del Liceo Polivalente Chagres, adem\u00e1s, destac\u00f3 la labor del alcalde sobre todo en el \u00e1mbito de educaci\u00f3n y se\u00f1al\u00f3 \u201clo que ha hecho Boris Luksic con la educaci\u00f3n en Catemu debe quedar en el libro de oro de esta comuna, es algo hist\u00f3rico que marcar\u00e1 la vida de quienes se titulen de este Liceo\u201d.<br \/>\nCabe se\u00f1alar que luego de licenciarse de cuarto medio en diciembre de 2014, los alumnos debieron realizar su pr\u00e1ctica profesional, en la que demostraron y aplicaron lo aprendido.<br \/>\nAl finalizar la ceremonia el alcalde se\u00f1al\u00f3 \u201cEsto es una muestra que la educaci\u00f3n en Catemu ha tenido una importante y positiva transformaci\u00f3n y no s\u00f3lo lo digo yo, lo dicen las cifras y los resultados. El considerable aumento en las matriculas a nivel comunal, destacado en los medios a nivel nacional, es una muestra de ello. Y uno de los establecimientos con mayor demanda de matr\u00edculas es precisamente nuestro Liceo Polivalente, del cual hoy titulamos a nuestra primera generaci\u00f3n de t\u00e9cnicos, a quienes felicito enormemente por sus logros y les deseo mucho \u00e9xito en su futuro\u201d.<\/p>\n","protected":false},"excerpt":{"rendered":"<p>CATEMU.&#8211; Los primeros t\u00e9cnicos del Liceo Polivalente Chagres recibieron su certificado de t\u00edtulo en una ceremonia hist\u00f3rica realizada en el establecimiento, la que cont\u00f3 con la presencia del Alcalde de la comuna&#8230;<\/p>\n","protected":false},"author":482,"featured_media":58520,"comment_status":"open","ping_status":"open","sticky":false,"template":"","format":"standard","meta":{"advanced_seo_description":"","jetpack_seo_html_title":"","jetpack_seo_noindex":false,"_jetpack_memberships_contains_paid_content":false,"footnotes":""},"categories":[15],"tags":[],"class_list":["post-58519","post","type-post","status-publish","format-standard","has-post-thumbnail","hentry","category-comunidad"],"jetpack_featured_media_url":"https:\/\/i0.wp.com\/eltrabajo.cl\/portal\/wp-content\/uploads\/2015\/06\/Titulacion-Chagres.jpg?fit=530%2C348&ssl=1","jetpack_sharing_enabled":true,"jetpack_likes_enabled":true,"jetpack-related-posts":[],"_links":{"self":[{"href":"https:\/\/eltrabajo.cl\/portal\/wp-json\/wp\/v2\/posts\/58519","targetHints":{"allow":["GET"]}}],"collection":[{"href":"https:\/\/eltrabajo.cl\/portal\/wp-json\/wp\/v2\/posts"}],"about":[{"href":"https:\/\/eltrabajo.cl\/portal\/wp-json\/wp\/v2\/types\/post"}],"author":[{"embeddable":true,"href":"https:\/\/eltrabajo.cl\/portal\/wp-json\/wp\/v2\/users\/482"}],"replies":[{"embeddable":true,"href":"https:\/\/eltrabajo.cl\/portal\/wp-json\/wp\/v2\/comments?post=58519"}],"version-history":[{"count":0,"href":"https:\/\/eltrabajo.cl\/portal\/wp-json\/wp\/v2\/posts\/58519\/revisions"}],"wp:featuredmedia":[{"embeddable":true,"href":"https:\/\/eltrabajo.cl\/portal\/wp-json\/wp\/v2\/media\/58520"}],"wp:attachment":[{"href":"https:\/\/eltrabajo.cl\/portal\/wp-json\/wp\/v2\/media?parent=58519"}],"wp:term":[{"taxonomy":"category","embeddable":true,"href":"https:\/\/eltrabajo.cl\/portal\/wp-json\/wp\/v2\/categories?post=58519"},{"taxonomy":"post_tag","embeddable":true,"href":"https:\/\/eltrabajo.cl\/portal\/wp-json\/wp\/v2\/tags?post=58519"}],"curies":[{"name":"wp","href":"https:\/\/api.w.org\/{rel}","templated":true}]}}