{"id":58522,"date":"2015-06-01T09:24:46","date_gmt":"2015-06-01T12:24:46","guid":{"rendered":"http:\/\/www.eltrabajo.cl\/portal\/?p=58522"},"modified":"2015-06-01T09:24:46","modified_gmt":"2015-06-01T12:24:46","slug":"inician-poda-de-arboles-en-la-ruta-57-para-evitar-futuros-accidentes","status":"publish","type":"post","link":"https:\/\/eltrabajo.cl\/portal\/inician-poda-de-arboles-en-la-ruta-57-para-evitar-futuros-accidentes\/","title":{"rendered":"Inician poda de \u00e1rboles en la ruta 57 para evitar futuros accidentes"},"content":{"rendered":"<figure id=\"attachment_58523\" aria-describedby=\"caption-attachment-58523\" style=\"width: 300px\" class=\"wp-caption alignleft\"><a href=\"https:\/\/i0.wp.com\/www.eltrabajo.cl\/portal\/wp-content\/uploads\/2015\/06\/Poda-de-arboles.jpg\"><img data-recalc-dims=\"1\" loading=\"lazy\" decoding=\"async\" class=\"wp-image-58523 size-medium\" src=\"https:\/\/i0.wp.com\/www.eltrabajo.cl\/portal\/wp-content\/uploads\/2015\/06\/Poda-de-arboles-300x197.jpg?resize=300%2C197\" alt=\"Este lunes se inicia la poda de \u00e1rboles en Calle Larga, la que busca evitar futuros accidentes debido al desprendimiento de ramas sobre autom\u00f3viles y transe\u00fantes. \" width=\"300\" height=\"197\" srcset=\"https:\/\/i0.wp.com\/eltrabajo.cl\/portal\/wp-content\/uploads\/2015\/06\/Poda-de-arboles.jpg?resize=300%2C197&amp;ssl=1 300w, https:\/\/i0.wp.com\/eltrabajo.cl\/portal\/wp-content\/uploads\/2015\/06\/Poda-de-arboles.jpg?resize=200%2C131&amp;ssl=1 200w, https:\/\/i0.wp.com\/eltrabajo.cl\/portal\/wp-content\/uploads\/2015\/06\/Poda-de-arboles.jpg?resize=228%2C150&amp;ssl=1 228w, https:\/\/i0.wp.com\/eltrabajo.cl\/portal\/wp-content\/uploads\/2015\/06\/Poda-de-arboles.jpg?resize=400%2C263&amp;ssl=1 400w, https:\/\/i0.wp.com\/eltrabajo.cl\/portal\/wp-content\/uploads\/2015\/06\/Poda-de-arboles.jpg?w=530&amp;ssl=1 530w\" sizes=\"auto, (max-width: 300px) 100vw, 300px\" \/><\/a><figcaption id=\"caption-attachment-58523\" class=\"wp-caption-text\">Este lunes se inicia la poda de \u00e1rboles en Calle Larga, la que busca evitar futuros accidentes debido al desprendimiento de ramas sobre autom\u00f3viles y transe\u00fantes.<\/figcaption><\/figure>\n<ul>\n<li><strong>Trabajos tienen por objetivo evitar la ca\u00edda de ramas sobre veh\u00edculos o personas que transitan por la ruta<\/strong><\/li>\n<\/ul>\n<p><strong>CALLE LARGA<\/strong>.- Con la asesor\u00eda de un ingeniero agr\u00f3nomo y de profesionales con experiencia en seguridad, este lunes se iniciar\u00e1 la poda de los moreros de la ruta 57 de Calle Larga.<br \/>\nPrecisamente durante esta \u00e9poca del a\u00f1o se debe realizar estos trabajos bajo estrictas medidas de seguridad, como tambi\u00e9n con t\u00e9cnicas forestales, que permitir\u00e1n que los \u00e1rboles crezcan sin problemas, evitando as\u00ed ca\u00eddas de ramas sobre veh\u00edculos o personas que se desplazan por la transitada v\u00eda.<br \/>\n\u201cEn el \u00faltimo tiempo se ha producido una gran cantidad de ca\u00eddas de ramas a la ruta 57, que cortan el tr\u00e1nsito y generan un riesgo importante para quienes transitan por esta ruta. Esta fue una decisi\u00f3n que se tom\u00f3 y que se ejecutar\u00e1 con todos los resguardos t\u00e9cnicos. Contamos con la asesor\u00eda de nuestro ingeniero agr\u00f3nomo, quien nos se\u00f1al\u00f3 que \u00e9sta es la \u00e9poca en que se debe realizar esta poda ya que es el momento perfecto para que los \u00e1rboles se regeneren y est\u00e9n en el verano con el follaje en perfectas condiciones para seguir creciendo\u201d, sostuvo la administradora municipal, Dina Gonz\u00e1lez Alfaro.<br \/>\nEste trabajo ser\u00e1 ejecutado por los funcionarios de log\u00edstica del municipio, quienes en coordinaci\u00f3n con carabineros realizar\u00e1n este trabajo en las horas de menor tr\u00e1nsito y con las medidas de seguridad necesarias para evitar accidentes durante el mes que durar\u00e1n estos trabajos.<\/p>\n","protected":false},"excerpt":{"rendered":"<p>Trabajos tienen por objetivo evitar la ca\u00edda de ramas sobre veh\u00edculos o personas que transitan por la ruta CALLE LARGA.- Con la asesor\u00eda de un ingeniero agr\u00f3nomo y de profesionales con experiencia&#8230;<\/p>\n","protected":false},"author":482,"featured_media":58523,"comment_status":"open","ping_status":"open","sticky":false,"template":"","format":"standard","meta":{"advanced_seo_description":"","jetpack_seo_html_title":"","jetpack_seo_noindex":false,"_jetpack_memberships_contains_paid_content":false,"footnotes":""},"categories":[15],"tags":[],"class_list":["post-58522","post","type-post","status-publish","format-standard","has-post-thumbnail","hentry","category-comunidad"],"jetpack_featured_media_url":"https:\/\/i0.wp.com\/eltrabajo.cl\/portal\/wp-content\/uploads\/2015\/06\/Poda-de-arboles.jpg?fit=530%2C348&ssl=1","jetpack_sharing_enabled":true,"jetpack_likes_enabled":true,"jetpack-related-posts":[],"_links":{"self":[{"href":"https:\/\/eltrabajo.cl\/portal\/wp-json\/wp\/v2\/posts\/58522","targetHints":{"allow":["GET"]}}],"collection":[{"href":"https:\/\/eltrabajo.cl\/portal\/wp-json\/wp\/v2\/posts"}],"about":[{"href":"https:\/\/eltrabajo.cl\/portal\/wp-json\/wp\/v2\/types\/post"}],"author":[{"embeddable":true,"href":"https:\/\/eltrabajo.cl\/portal\/wp-json\/wp\/v2\/users\/482"}],"replies":[{"embeddable":true,"href":"https:\/\/eltrabajo.cl\/portal\/wp-json\/wp\/v2\/comments?post=58522"}],"version-history":[{"count":0,"href":"https:\/\/eltrabajo.cl\/portal\/wp-json\/wp\/v2\/posts\/58522\/revisions"}],"wp:featuredmedia":[{"embeddable":true,"href":"https:\/\/eltrabajo.cl\/portal\/wp-json\/wp\/v2\/media\/58523"}],"wp:attachment":[{"href":"https:\/\/eltrabajo.cl\/portal\/wp-json\/wp\/v2\/media?parent=58522"}],"wp:term":[{"taxonomy":"category","embeddable":true,"href":"https:\/\/eltrabajo.cl\/portal\/wp-json\/wp\/v2\/categories?post=58522"},{"taxonomy":"post_tag","embeddable":true,"href":"https:\/\/eltrabajo.cl\/portal\/wp-json\/wp\/v2\/tags?post=58522"}],"curies":[{"name":"wp","href":"https:\/\/api.w.org\/{rel}","templated":true}]}}