{"id":58543,"date":"2015-06-01T09:37:12","date_gmt":"2015-06-01T12:37:12","guid":{"rendered":"http:\/\/www.eltrabajo.cl\/portal\/?p=58543"},"modified":"2015-06-01T09:37:12","modified_gmt":"2015-06-01T12:37:12","slug":"unas-300-personas-participaron-de-la-tercera-marcha-por-el-agua","status":"publish","type":"post","link":"https:\/\/eltrabajo.cl\/portal\/unas-300-personas-participaron-de-la-tercera-marcha-por-el-agua\/","title":{"rendered":"Unas 300 personas participaron de la tercera \u2018Marcha por el agua\u2019"},"content":{"rendered":"<figure id=\"attachment_58544\" aria-describedby=\"caption-attachment-58544\" style=\"width: 300px\" class=\"wp-caption alignleft\"><a href=\"https:\/\/i0.wp.com\/www.eltrabajo.cl\/portal\/wp-content\/uploads\/2015\/06\/agua-2.jpg\"><img data-recalc-dims=\"1\" loading=\"lazy\" decoding=\"async\" class=\"wp-image-58544 size-medium\" src=\"https:\/\/i0.wp.com\/www.eltrabajo.cl\/portal\/wp-content\/uploads\/2015\/06\/agua-2-300x198.jpg?resize=300%2C198\" alt=\"La tercera \u2018Marcha por el Agua\u2019 convoc\u00f3 a unas 300 personas que se desplazaron entre las comunas de San Esteban y Los Andes para manifestar su preocupaci\u00f3n por la falta de agua en el valle.\" width=\"300\" height=\"198\" srcset=\"https:\/\/i0.wp.com\/eltrabajo.cl\/portal\/wp-content\/uploads\/2015\/06\/agua-2.jpg?resize=300%2C198&amp;ssl=1 300w, https:\/\/i0.wp.com\/eltrabajo.cl\/portal\/wp-content\/uploads\/2015\/06\/agua-2.jpg?resize=200%2C132&amp;ssl=1 200w, https:\/\/i0.wp.com\/eltrabajo.cl\/portal\/wp-content\/uploads\/2015\/06\/agua-2.jpg?resize=227%2C150&amp;ssl=1 227w, https:\/\/i0.wp.com\/eltrabajo.cl\/portal\/wp-content\/uploads\/2015\/06\/agua-2.jpg?resize=400%2C264&amp;ssl=1 400w, https:\/\/i0.wp.com\/eltrabajo.cl\/portal\/wp-content\/uploads\/2015\/06\/agua-2.jpg?w=530&amp;ssl=1 530w\" sizes=\"auto, (max-width: 300px) 100vw, 300px\" \/><\/a><figcaption id=\"caption-attachment-58544\" class=\"wp-caption-text\">La tercera \u2018Marcha por el Agua\u2019 convoc\u00f3 a unas 300 personas que se desplazaron entre las comunas de San Esteban y Los Andes para manifestar su preocupaci\u00f3n por la falta de agua en el valle.<\/figcaption><\/figure>\n<ul>\n<li><strong>Evitar que avance la desertificaci\u00f3n hacia esta zona de la Regi\u00f3n de Valpara\u00edso y defender los glaciares, son algunas de las principales preocupaciones de los habitantes del sector.<\/strong><\/li>\n<\/ul>\n<p><strong>SAN ESTEBAN<\/strong>.- Desarrollar una miner\u00eda sustentable y que permita el desarrollo del Valle de Aconcagua, es el principal llamado que realizaron este s\u00e1bado vecinos de la comuna de San Esteban que salieron por tercera vez a la calle a participar de la \u2018Marcha por el Agua\u2019, actividad que organiza el municipio local.<br \/>\nUnas 300 personas, entre ellos representantes de establecimientos educacionales, Colegio de Profesores, ni\u00f1os, j\u00f3venes y familias, se reunieron en la Plaza de Armas de San Esteban, quienes acompa\u00f1ados por bandas instrumentales, banderas negras y lienzos, marcharon hasta Los Andes para manifestar su rechazo ante el manejo h\u00eddrico en la zona.<\/p>\n<figure id=\"attachment_58545\" aria-describedby=\"caption-attachment-58545\" style=\"width: 300px\" class=\"wp-caption alignright\"><a href=\"https:\/\/i0.wp.com\/www.eltrabajo.cl\/portal\/wp-content\/uploads\/2015\/06\/agua-5.jpg\"><img data-recalc-dims=\"1\" loading=\"lazy\" decoding=\"async\" class=\"wp-image-58545 size-medium\" src=\"https:\/\/i0.wp.com\/www.eltrabajo.cl\/portal\/wp-content\/uploads\/2015\/06\/agua-5-300x198.jpg?resize=300%2C198\" alt=\"Agilizar la tramitaci\u00f3n de la Ley de Glaciares es uno de los objetivos de las autoridades y una preocupaci\u00f3n para todos los vecinos de San Esteban.\" width=\"300\" height=\"198\" srcset=\"https:\/\/i0.wp.com\/eltrabajo.cl\/portal\/wp-content\/uploads\/2015\/06\/agua-5.jpg?resize=300%2C198&amp;ssl=1 300w, https:\/\/i0.wp.com\/eltrabajo.cl\/portal\/wp-content\/uploads\/2015\/06\/agua-5.jpg?resize=200%2C132&amp;ssl=1 200w, https:\/\/i0.wp.com\/eltrabajo.cl\/portal\/wp-content\/uploads\/2015\/06\/agua-5.jpg?resize=227%2C150&amp;ssl=1 227w, https:\/\/i0.wp.com\/eltrabajo.cl\/portal\/wp-content\/uploads\/2015\/06\/agua-5.jpg?resize=400%2C264&amp;ssl=1 400w, https:\/\/i0.wp.com\/eltrabajo.cl\/portal\/wp-content\/uploads\/2015\/06\/agua-5.jpg?w=530&amp;ssl=1 530w\" sizes=\"auto, (max-width: 300px) 100vw, 300px\" \/><\/a><figcaption id=\"caption-attachment-58545\" class=\"wp-caption-text\">Agilizar la tramitaci\u00f3n de la Ley de Glaciares es uno de los objetivos de las autoridades y una preocupaci\u00f3n para todos los vecinos de San Esteban.<\/figcaption><\/figure>\n<p>El alcalde de San Esteban, Ren\u00e9 Mardones, enfatiz\u00f3 que se pretende que el Valle de Aconcagua sea siempre f\u00e9rtil, para as\u00ed mantener los recursos que se generan a trav\u00e9s de la actividad agr\u00edcola, ganadera y tur\u00edstica, sumado a la miner\u00eda como un aliado en el crecimiento de esta parte de la Regi\u00f3n de Valpara\u00edso.<br \/>\nLa autoridad indic\u00f3 que para que el desarrollo econ\u00f3mico y social se realice de manera adecuada, se deben proteger los glaciares de roca y de manto blanco \u201cpara darle cuenta a la comunidad y a las futuras generaciones, de que puedan vivir en un lugar libre de contaminaci\u00f3n y con agua\u201d.<br \/>\nAdem\u00e1s manifest\u00f3 su preocupaci\u00f3n por el avance de la desertificaci\u00f3n desde el norte del pa\u00eds, lo que seg\u00fan Mardones afect\u00f3 al Valle del Huasco, Illapel, Salamanca, y a\u00f1adi\u00f3 que las comunas de Putaendo y Santa Mar\u00eda tambi\u00e9n se est\u00e1n viendo afectadas por la falta del recurso.<br \/>\n\u201cLa miner\u00eda tiene que cumplir con los est\u00e1ndares ambientales, as\u00ed es que no nos queda otra que estar en la vereda del frente de ellos, porque desde el a\u00f1o 80 que Codelco est\u00e1 rompiendo glaciares sistem\u00e1ticamente y pasando a llevar todas las normas medioambientales que existen en el pa\u00eds\u201d, enfatiz\u00f3 Mardones.<br \/>\nEl alcalde de San Esteban agreg\u00f3 que no solo la minera estatal est\u00e1 llamada a desarrollar una actividad sustentable y m\u00e1s amable con el entorno, sino que tambi\u00e9n otras empresas como Barrick Gold, Pelambres y Anglo American, entre otras.<br \/>\nRespecto a los avances conseguidos en esta materia, Mardones dijo que en una reciente reuni\u00f3n con la senadora por la circunscripci\u00f3n de Valpara\u00edso Cordillera, Lily P\u00e9rez, le manifest\u00f3 que deb\u00eda apresurar la Ley de Glaciares, normativa que a juicio del jefe comunal, debe ser modificada ya que el cuerpo legal establece transformar en parque nacional todo el cord\u00f3n monta\u00f1oso de Chile para resguardar los ventisqueros, \u201cpero no hay que ser tan extremistas\u201d, puntualiz\u00f3.<\/p>\n","protected":false},"excerpt":{"rendered":"<p>Evitar que avance la desertificaci\u00f3n hacia esta zona de la Regi\u00f3n de Valpara\u00edso y defender los glaciares, son algunas de las principales preocupaciones de los habitantes del sector. SAN ESTEBAN.- Desarrollar una&#8230;<\/p>\n","protected":false},"author":482,"featured_media":58544,"comment_status":"open","ping_status":"open","sticky":false,"template":"","format":"standard","meta":{"advanced_seo_description":"","jetpack_seo_html_title":"","jetpack_seo_noindex":false,"_jetpack_memberships_contains_paid_content":false,"footnotes":""},"categories":[15],"tags":[],"class_list":["post-58543","post","type-post","status-publish","format-standard","has-post-thumbnail","hentry","category-comunidad"],"jetpack_featured_media_url":"https:\/\/i0.wp.com\/eltrabajo.cl\/portal\/wp-content\/uploads\/2015\/06\/agua-2.jpg?fit=530%2C350&ssl=1","jetpack_sharing_enabled":true,"jetpack_likes_enabled":true,"jetpack-related-posts":[],"_links":{"self":[{"href":"https:\/\/eltrabajo.cl\/portal\/wp-json\/wp\/v2\/posts\/58543","targetHints":{"allow":["GET"]}}],"collection":[{"href":"https:\/\/eltrabajo.cl\/portal\/wp-json\/wp\/v2\/posts"}],"about":[{"href":"https:\/\/eltrabajo.cl\/portal\/wp-json\/wp\/v2\/types\/post"}],"author":[{"embeddable":true,"href":"https:\/\/eltrabajo.cl\/portal\/wp-json\/wp\/v2\/users\/482"}],"replies":[{"embeddable":true,"href":"https:\/\/eltrabajo.cl\/portal\/wp-json\/wp\/v2\/comments?post=58543"}],"version-history":[{"count":0,"href":"https:\/\/eltrabajo.cl\/portal\/wp-json\/wp\/v2\/posts\/58543\/revisions"}],"wp:featuredmedia":[{"embeddable":true,"href":"https:\/\/eltrabajo.cl\/portal\/wp-json\/wp\/v2\/media\/58544"}],"wp:attachment":[{"href":"https:\/\/eltrabajo.cl\/portal\/wp-json\/wp\/v2\/media?parent=58543"}],"wp:term":[{"taxonomy":"category","embeddable":true,"href":"https:\/\/eltrabajo.cl\/portal\/wp-json\/wp\/v2\/categories?post=58543"},{"taxonomy":"post_tag","embeddable":true,"href":"https:\/\/eltrabajo.cl\/portal\/wp-json\/wp\/v2\/tags?post=58543"}],"curies":[{"name":"wp","href":"https:\/\/api.w.org\/{rel}","templated":true}]}}