{"id":58557,"date":"2015-06-01T09:45:02","date_gmt":"2015-06-01T12:45:02","guid":{"rendered":"http:\/\/www.eltrabajo.cl\/portal\/?p=58557"},"modified":"2015-06-01T11:23:10","modified_gmt":"2015-06-01T14:23:10","slug":"positiva-recuperacion-de-trabajador-que-cayo-desde-techumbre-de-tres-metros-de-altura","status":"publish","type":"post","link":"https:\/\/eltrabajo.cl\/portal\/positiva-recuperacion-de-trabajador-que-cayo-desde-techumbre-de-tres-metros-de-altura\/","title":{"rendered":"Positiva recuperaci\u00f3n de trabajador que cay\u00f3 de techo a tres metros de altura"},"content":{"rendered":"<figure id=\"attachment_58558\" aria-describedby=\"caption-attachment-58558\" style=\"width: 300px\" class=\"wp-caption alignleft\"><a href=\"https:\/\/i0.wp.com\/www.eltrabajo.cl\/portal\/wp-content\/uploads\/2015\/06\/Ivan-Silva-Daem.jpg\"><img data-recalc-dims=\"1\" loading=\"lazy\" decoding=\"async\" class=\"wp-image-58558 size-medium\" src=\"https:\/\/i0.wp.com\/www.eltrabajo.cl\/portal\/wp-content\/uploads\/2015\/06\/Ivan-Silva-Daem-300x198.jpg?resize=300%2C198\" alt=\"El Jefe de la Daem de San Felipe, Iv\u00e1n Silva inform\u00f3 el accidente que sufri\u00f3 el trabajador de 29 a\u00f1os en la Escuela John Kennedy la ma\u00f1ana de este jueves.\" width=\"300\" height=\"198\" srcset=\"https:\/\/i0.wp.com\/eltrabajo.cl\/portal\/wp-content\/uploads\/2015\/06\/Ivan-Silva-Daem.jpg?resize=300%2C198&amp;ssl=1 300w, https:\/\/i0.wp.com\/eltrabajo.cl\/portal\/wp-content\/uploads\/2015\/06\/Ivan-Silva-Daem.jpg?resize=200%2C132&amp;ssl=1 200w, https:\/\/i0.wp.com\/eltrabajo.cl\/portal\/wp-content\/uploads\/2015\/06\/Ivan-Silva-Daem.jpg?resize=228%2C150&amp;ssl=1 228w, https:\/\/i0.wp.com\/eltrabajo.cl\/portal\/wp-content\/uploads\/2015\/06\/Ivan-Silva-Daem.jpg?resize=400%2C263&amp;ssl=1 400w, https:\/\/i0.wp.com\/eltrabajo.cl\/portal\/wp-content\/uploads\/2015\/06\/Ivan-Silva-Daem.jpg?w=530&amp;ssl=1 530w\" sizes=\"auto, (max-width: 300px) 100vw, 300px\" \/><\/a><figcaption id=\"caption-attachment-58558\" class=\"wp-caption-text\">El Jefe de la Daem de San Felipe, Iv\u00e1n Silva inform\u00f3 el accidente que sufri\u00f3 el trabajador de 29 a\u00f1os en la Escuela John Kennedy la ma\u00f1ana de este jueves.<\/figcaption><\/figure>\n<p>Estable dentro de su gravedad y sin riesgo vital se mantiene en observaci\u00f3n Jos\u00e9 Araya de 29 a\u00f1os de edad, quien sufri\u00f3 una fractura en el cr\u00e1neo tras caer accidentalmente desde la techumbre de la Escuela John Kennedy cuando cumpl\u00eda labores de mantenci\u00f3n como trabajador de la Daem de San Felipe durante la ma\u00f1ana de este jueves, debiendo ser trasladado de urgencias hasta el Instituto de Seguridad del Trabajo en la ciudad de Vi\u00f1a del Mar.<br \/>\nDe acuerdo a las \u00faltimas informaciones recogidas por Diario El Trabajo, el afectado permanece evolucionando satisfactoriamente a la fractura en ese centro hospitalario, en donde se le han practicado scanners para confirmar su estado de salud, diagnosticada como estable y sin riesgos.<br \/>\nEl accidente del joven trabajador se produjo a eso de las 09:00 horas cuando revisaba la techumbre de ese establecimiento educacional y cay\u00f3 al suelo sufriendo una fractura en su cabeza, siendo las causas de este hecho materia de investigaci\u00f3n.<br \/>\nEn primera instancia, Jos\u00e9 Araya fue trasladado hasta el Hospital San Camilo de San Felipe recibiendo los primero auxilios por la gravedad de la herida, practic\u00e1ndole los ex\u00e1menes de rigor. Sin embargo, al tratarse de un accidente laboral, fue derivado por el IST hasta la ciudad de Vi\u00f1a del Mar, en donde permanece internado en la Unidad de Cuidados Intensivos sin riesgo vital.<br \/>\nPor su parte, Iv\u00e1n Silva, Jefe de la Daem, confirm\u00f3 que el afectado cumpl\u00eda labores de mantenci\u00f3n cuando, al pisar la techumbre, desafortunadamente una plancha cedi\u00f3 y cay\u00f3 de una altura de tres metros, golpe\u00e1ndose violentamente la cabeza contra el pavimento \u201cinmediatamente se traslad\u00f3 al Hospital San Camilo en donde se me inform\u00f3 que ten\u00eda una peque\u00f1a fractura craneal y que por seguridad fue trasladado hacia Vi\u00f1a del Mar\u201d, inform\u00f3 el Jefe de la Daem de San Felipe.<br \/>\nSilva subray\u00f3 respecto a las medida de seguridad del Daem hacia sus trabajadores que \u201cposee los elementos correspondientes que exige la Ley y en este caso no hab\u00eda d\u00f3nde afirmar los arneses, sin embargo el trabajador subi\u00f3 para ver si hab\u00edan planchas deterioradas y lamentablemente con el accidente se cay\u00f3. Las instrucciones son en este caso puntual, tener prohibido subir a techos sin usar los instrumentos de seguridad que son los arneses y es una instrucci\u00f3n que se da a en forma a diaria\u201d, concluy\u00f3.<br \/>\n<strong>Pablo Salinas Sald\u00edas<\/strong><\/p>\n","protected":false},"excerpt":{"rendered":"<p>Estable dentro de su gravedad y sin riesgo vital se mantiene en observaci\u00f3n Jos\u00e9 Araya de 29 a\u00f1os de edad, quien sufri\u00f3 una fractura en el cr\u00e1neo tras caer accidentalmente desde la&#8230;<\/p>\n","protected":false},"author":482,"featured_media":58558,"comment_status":"open","ping_status":"open","sticky":false,"template":"","format":"standard","meta":{"advanced_seo_description":"","jetpack_seo_html_title":"","jetpack_seo_noindex":false,"_jetpack_memberships_contains_paid_content":false,"footnotes":""},"categories":[21],"tags":[],"class_list":["post-58557","post","type-post","status-publish","format-standard","has-post-thumbnail","hentry","category-policial"],"jetpack_featured_media_url":"https:\/\/i0.wp.com\/eltrabajo.cl\/portal\/wp-content\/uploads\/2015\/06\/Ivan-Silva-Daem.jpg?fit=530%2C349&ssl=1","jetpack_sharing_enabled":true,"jetpack_likes_enabled":true,"jetpack-related-posts":[],"_links":{"self":[{"href":"https:\/\/eltrabajo.cl\/portal\/wp-json\/wp\/v2\/posts\/58557","targetHints":{"allow":["GET"]}}],"collection":[{"href":"https:\/\/eltrabajo.cl\/portal\/wp-json\/wp\/v2\/posts"}],"about":[{"href":"https:\/\/eltrabajo.cl\/portal\/wp-json\/wp\/v2\/types\/post"}],"author":[{"embeddable":true,"href":"https:\/\/eltrabajo.cl\/portal\/wp-json\/wp\/v2\/users\/482"}],"replies":[{"embeddable":true,"href":"https:\/\/eltrabajo.cl\/portal\/wp-json\/wp\/v2\/comments?post=58557"}],"version-history":[{"count":0,"href":"https:\/\/eltrabajo.cl\/portal\/wp-json\/wp\/v2\/posts\/58557\/revisions"}],"wp:featuredmedia":[{"embeddable":true,"href":"https:\/\/eltrabajo.cl\/portal\/wp-json\/wp\/v2\/media\/58558"}],"wp:attachment":[{"href":"https:\/\/eltrabajo.cl\/portal\/wp-json\/wp\/v2\/media?parent=58557"}],"wp:term":[{"taxonomy":"category","embeddable":true,"href":"https:\/\/eltrabajo.cl\/portal\/wp-json\/wp\/v2\/categories?post=58557"},{"taxonomy":"post_tag","embeddable":true,"href":"https:\/\/eltrabajo.cl\/portal\/wp-json\/wp\/v2\/tags?post=58557"}],"curies":[{"name":"wp","href":"https:\/\/api.w.org\/{rel}","templated":true}]}}