{"id":58560,"date":"2015-06-01T09:46:06","date_gmt":"2015-06-01T12:46:06","guid":{"rendered":"http:\/\/www.eltrabajo.cl\/portal\/?p=58560"},"modified":"2015-06-01T11:22:22","modified_gmt":"2015-06-01T14:22:22","slug":"con-trece-estudiantes-detenidos-concluyeron-manifestaciones-convocadas-por-la-confech","status":"publish","type":"post","link":"https:\/\/eltrabajo.cl\/portal\/con-trece-estudiantes-detenidos-concluyeron-manifestaciones-convocadas-por-la-confech\/","title":{"rendered":"Con 13 estudiantes detenidos concluyen manifestaciones convocadas por Confech"},"content":{"rendered":"<figure id=\"attachment_58561\" aria-describedby=\"caption-attachment-58561\" style=\"width: 300px\" class=\"wp-caption alignleft\"><a href=\"https:\/\/i0.wp.com\/www.eltrabajo.cl\/portal\/wp-content\/uploads\/2015\/06\/Estudiantes-detenidos.jpg\"><img data-recalc-dims=\"1\" loading=\"lazy\" decoding=\"async\" class=\"wp-image-58561 size-medium\" src=\"https:\/\/i0.wp.com\/www.eltrabajo.cl\/portal\/wp-content\/uploads\/2015\/06\/Estudiantes-detenidos-300x199.jpg?resize=300%2C199\" alt=\"Los trece estudiantes que se manifestaban en el Puente El Rey de San Felipe fueron detenidos por des\u00f3rdenes p\u00fablicos, siendo trasladados hasta la Unidad Policial. (Foto Archivo).\" width=\"300\" height=\"199\" srcset=\"https:\/\/i0.wp.com\/eltrabajo.cl\/portal\/wp-content\/uploads\/2015\/06\/Estudiantes-detenidos.jpg?resize=300%2C199&amp;ssl=1 300w, https:\/\/i0.wp.com\/eltrabajo.cl\/portal\/wp-content\/uploads\/2015\/06\/Estudiantes-detenidos.jpg?resize=200%2C133&amp;ssl=1 200w, https:\/\/i0.wp.com\/eltrabajo.cl\/portal\/wp-content\/uploads\/2015\/06\/Estudiantes-detenidos.jpg?resize=226%2C150&amp;ssl=1 226w, https:\/\/i0.wp.com\/eltrabajo.cl\/portal\/wp-content\/uploads\/2015\/06\/Estudiantes-detenidos.jpg?resize=400%2C265&amp;ssl=1 400w, https:\/\/i0.wp.com\/eltrabajo.cl\/portal\/wp-content\/uploads\/2015\/06\/Estudiantes-detenidos.jpg?w=528&amp;ssl=1 528w\" sizes=\"auto, (max-width: 300px) 100vw, 300px\" \/><\/a><figcaption id=\"caption-attachment-58561\" class=\"wp-caption-text\">Los trece estudiantes que se manifestaban en el Puente El Rey de San Felipe fueron detenidos por des\u00f3rdenes p\u00fablicos, siendo trasladados hasta la Unidad Policial. (Foto Archivo).<\/figcaption><\/figure>\n<p>Tras las primeras manifestaciones que se gestaron la ma\u00f1ana del pasado jueves en las afueras de la Universidad de Playa Ancha, en donde se efectuaron barricadas en calle Benigno Caldera, se destruy\u00f3 un sem\u00e1foro y hubo enfrentamientos en contra de Carabineros, pasadas las 20 horas de ese mismo d\u00eda, un grupo de trece estudiantes universitarios y secundarios fueron detenidos por Carabineros tras bloquear las inmediaciones del Puente El Rey.<br \/>\nEn dicho lugar los protestantes se apostaron en la ruta para interrumpir el libre tr\u00e1nsito vehicular, encendiendo antorchas y exponiendo sus lienzos con consignas para mejorar la educaci\u00f3n p\u00fablica. La situaci\u00f3n oblig\u00f3 a Carabineros a desplazarse hacia ese lugar para restablecer el orden y la seguridad de la ciudadan\u00eda, comprobando que, de los manifestantes, cinco son menores de edad, mientras que el resto del grupo pertenece a la Universidad de Playa Ancha, por lo cual todos fueron detenidos.<br \/>\nLa Comisario (S) de Carabineros, Capit\u00e1n Carolina Fern\u00e1ndez, detall\u00f3 que los detenidos se adhirieron a la convocatoria a nivel nacional que realiz\u00f3 la Confech: \u201cEllos estaban obstaculizando el tr\u00e1nsito en el puente El Rey de San Felipe, por lo tanto se les indic\u00f3 que estaban cometiendo una infracci\u00f3n y adem\u00e1s del bloqueo de la ruta con lienzos y antorchas. Por este motivo se procedi\u00f3 a la detenci\u00f3n de estos trece individuos, de los cuales cinco corresponden a menores de edad\u201d.<br \/>\nLa oficial policial concluy\u00f3 que los imputados por des\u00f3rdenes p\u00fablicos, fueron dejados en libertad tras la instrucci\u00f3n del fiscal de turno, quedando apercibidos al art\u00edculo 26 del C\u00f3digo Procesal Penal, es decir, esperan citaci\u00f3n a sus domicilios para esclarecer los hechos.<br \/>\n\u201cTodos son estudiantes de la universidad de Playa Ancha, el resto son menores de edad de diferentes establecimientos educacionales, no fue necesario el uso de la fuerza por parte de Carabineros para restablecer el orden\u201d, destac\u00f3 la Capit\u00e1n Carolina Fern\u00e1ndez.<br \/>\n<strong>Pablo Salinas Sald\u00edas<\/strong><\/p>\n","protected":false},"excerpt":{"rendered":"<p>Tras las primeras manifestaciones que se gestaron la ma\u00f1ana del pasado jueves en las afueras de la Universidad de Playa Ancha, en donde se efectuaron barricadas en calle Benigno Caldera, se destruy\u00f3&#8230;<\/p>\n","protected":false},"author":482,"featured_media":58561,"comment_status":"open","ping_status":"open","sticky":false,"template":"","format":"standard","meta":{"advanced_seo_description":"","jetpack_seo_html_title":"","jetpack_seo_noindex":false,"_jetpack_memberships_contains_paid_content":false,"footnotes":""},"categories":[21],"tags":[],"class_list":["post-58560","post","type-post","status-publish","format-standard","has-post-thumbnail","hentry","category-policial"],"jetpack_featured_media_url":"https:\/\/i0.wp.com\/eltrabajo.cl\/portal\/wp-content\/uploads\/2015\/06\/Estudiantes-detenidos.jpg?fit=528%2C350&ssl=1","jetpack_sharing_enabled":true,"jetpack_likes_enabled":true,"jetpack-related-posts":[],"_links":{"self":[{"href":"https:\/\/eltrabajo.cl\/portal\/wp-json\/wp\/v2\/posts\/58560","targetHints":{"allow":["GET"]}}],"collection":[{"href":"https:\/\/eltrabajo.cl\/portal\/wp-json\/wp\/v2\/posts"}],"about":[{"href":"https:\/\/eltrabajo.cl\/portal\/wp-json\/wp\/v2\/types\/post"}],"author":[{"embeddable":true,"href":"https:\/\/eltrabajo.cl\/portal\/wp-json\/wp\/v2\/users\/482"}],"replies":[{"embeddable":true,"href":"https:\/\/eltrabajo.cl\/portal\/wp-json\/wp\/v2\/comments?post=58560"}],"version-history":[{"count":0,"href":"https:\/\/eltrabajo.cl\/portal\/wp-json\/wp\/v2\/posts\/58560\/revisions"}],"wp:featuredmedia":[{"embeddable":true,"href":"https:\/\/eltrabajo.cl\/portal\/wp-json\/wp\/v2\/media\/58561"}],"wp:attachment":[{"href":"https:\/\/eltrabajo.cl\/portal\/wp-json\/wp\/v2\/media?parent=58560"}],"wp:term":[{"taxonomy":"category","embeddable":true,"href":"https:\/\/eltrabajo.cl\/portal\/wp-json\/wp\/v2\/categories?post=58560"},{"taxonomy":"post_tag","embeddable":true,"href":"https:\/\/eltrabajo.cl\/portal\/wp-json\/wp\/v2\/tags?post=58560"}],"curies":[{"name":"wp","href":"https:\/\/api.w.org\/{rel}","templated":true}]}}