{"id":58563,"date":"2015-06-01T09:47:20","date_gmt":"2015-06-01T12:47:20","guid":{"rendered":"http:\/\/www.eltrabajo.cl\/portal\/?p=58563"},"modified":"2015-06-01T11:20:27","modified_gmt":"2015-06-01T14:20:27","slug":"presentan-querella-por-danos-y-desordenes-provocados-tras-manifestacion-no-autorizada","status":"publish","type":"post","link":"https:\/\/eltrabajo.cl\/portal\/presentan-querella-por-danos-y-desordenes-provocados-tras-manifestacion-no-autorizada\/","title":{"rendered":"Presentan querella por des\u00f3rdenes y da\u00f1os tras manifestaci\u00f3n no autorizada"},"content":{"rendered":"<figure id=\"attachment_58564\" aria-describedby=\"caption-attachment-58564\" style=\"width: 300px\" class=\"wp-caption alignleft\"><a href=\"https:\/\/i0.wp.com\/www.eltrabajo.cl\/portal\/wp-content\/uploads\/2015\/06\/GOBERNADOR-PRESENTA-QUERELLA.jpg\"><img data-recalc-dims=\"1\" loading=\"lazy\" decoding=\"async\" class=\"wp-image-58564 size-medium\" src=\"https:\/\/i0.wp.com\/www.eltrabajo.cl\/portal\/wp-content\/uploads\/2015\/06\/GOBERNADOR-PRESENTA-QUERELLA-300x197.jpg?resize=300%2C197\" alt=\"El Gobernador, Eduardo Le\u00f3n, present\u00f3 una querella contra todos los que resulten responsables por los da\u00f1os provocados el jueves 28 en una marcha no autorizada. \" width=\"300\" height=\"197\" srcset=\"https:\/\/i0.wp.com\/eltrabajo.cl\/portal\/wp-content\/uploads\/2015\/06\/GOBERNADOR-PRESENTA-QUERELLA.jpg?resize=300%2C197&amp;ssl=1 300w, https:\/\/i0.wp.com\/eltrabajo.cl\/portal\/wp-content\/uploads\/2015\/06\/GOBERNADOR-PRESENTA-QUERELLA.jpg?resize=200%2C131&amp;ssl=1 200w, https:\/\/i0.wp.com\/eltrabajo.cl\/portal\/wp-content\/uploads\/2015\/06\/GOBERNADOR-PRESENTA-QUERELLA.jpg?resize=228%2C150&amp;ssl=1 228w, https:\/\/i0.wp.com\/eltrabajo.cl\/portal\/wp-content\/uploads\/2015\/06\/GOBERNADOR-PRESENTA-QUERELLA.jpg?resize=400%2C263&amp;ssl=1 400w, https:\/\/i0.wp.com\/eltrabajo.cl\/portal\/wp-content\/uploads\/2015\/06\/GOBERNADOR-PRESENTA-QUERELLA.jpg?w=530&amp;ssl=1 530w\" sizes=\"auto, (max-width: 300px) 100vw, 300px\" \/><\/a><figcaption id=\"caption-attachment-58564\" class=\"wp-caption-text\">El Gobernador, Eduardo Le\u00f3n, present\u00f3 una querella contra todos los que resulten responsables por los da\u00f1os provocados el jueves 28 en una marcha no autorizada.<\/figcaption><\/figure>\n<ul>\n<li><strong>El gobernador critic\u00f3 el actuar de los manifestantes y se\u00f1al\u00f3 que el Gobierno siempre ha defendido el derecho a movilizarse, pero sin hechos de violencia.<\/strong><\/li>\n<\/ul>\n<p>Una querella criminal por el delito de da\u00f1os a la propiedad p\u00fablica y privada, y delito de incendio, contra todos quienes resulten responsables, present\u00f3 el Gobernador, Eduardo Le\u00f3n, en el Juzgado de Garant\u00eda de San Felipe.<br \/>\nEsto tras los desmanes y des\u00f3rdenes provocados por manifestantes el pasado jueves 28 de mayo en el marco de la marcha estudiantil no autorizada, en donde se destruy\u00f3 con piedras, objetos contundentes y proyectiles un sem\u00e1foro de tres tiempos ubicado en la intersecci\u00f3n de Calle Benigno Caldera con Avenida Maip\u00fa y que adem\u00e1s, obstaculizaron el tr\u00e1nsito de veh\u00edculos por dichas arterias entre las 11:00 de la ma\u00f1ana hasta pasadas las 14:00 horas.<br \/>\nAnte esto, la m\u00e1xima autoridad de la Provincia reproch\u00f3 el actuar de los manifestantes se\u00f1alando que \u201clo que ocurri\u00f3 ayer no estaba autorizado y generaron da\u00f1os, destruyeron un sem\u00e1foro, hicieron barricadas y la verdad es que todos tenemos derechos a manifestaron, pero cuando la violencia se apodera, ya es otra cosa\u201d.<br \/>\nLa autoridad se\u00f1al\u00f3 que existen partes de Carabineros que dan cuenta de estos hechos y que servir\u00e1n para que se inicie la investigaci\u00f3n y dar con los responsables de estos lamentables hechos.<\/p>\n","protected":false},"excerpt":{"rendered":"<p>El gobernador critic\u00f3 el actuar de los manifestantes y se\u00f1al\u00f3 que el Gobierno siempre ha defendido el derecho a movilizarse, pero sin hechos de violencia. Una querella criminal por el delito de&#8230;<\/p>\n","protected":false},"author":482,"featured_media":58564,"comment_status":"open","ping_status":"open","sticky":false,"template":"","format":"standard","meta":{"advanced_seo_description":"","jetpack_seo_html_title":"","jetpack_seo_noindex":false,"_jetpack_memberships_contains_paid_content":false,"footnotes":""},"categories":[21],"tags":[],"class_list":["post-58563","post","type-post","status-publish","format-standard","has-post-thumbnail","hentry","category-policial"],"jetpack_featured_media_url":"https:\/\/i0.wp.com\/eltrabajo.cl\/portal\/wp-content\/uploads\/2015\/06\/GOBERNADOR-PRESENTA-QUERELLA.jpg?fit=530%2C348&ssl=1","jetpack_sharing_enabled":true,"jetpack_likes_enabled":true,"jetpack-related-posts":[],"_links":{"self":[{"href":"https:\/\/eltrabajo.cl\/portal\/wp-json\/wp\/v2\/posts\/58563","targetHints":{"allow":["GET"]}}],"collection":[{"href":"https:\/\/eltrabajo.cl\/portal\/wp-json\/wp\/v2\/posts"}],"about":[{"href":"https:\/\/eltrabajo.cl\/portal\/wp-json\/wp\/v2\/types\/post"}],"author":[{"embeddable":true,"href":"https:\/\/eltrabajo.cl\/portal\/wp-json\/wp\/v2\/users\/482"}],"replies":[{"embeddable":true,"href":"https:\/\/eltrabajo.cl\/portal\/wp-json\/wp\/v2\/comments?post=58563"}],"version-history":[{"count":0,"href":"https:\/\/eltrabajo.cl\/portal\/wp-json\/wp\/v2\/posts\/58563\/revisions"}],"wp:featuredmedia":[{"embeddable":true,"href":"https:\/\/eltrabajo.cl\/portal\/wp-json\/wp\/v2\/media\/58564"}],"wp:attachment":[{"href":"https:\/\/eltrabajo.cl\/portal\/wp-json\/wp\/v2\/media?parent=58563"}],"wp:term":[{"taxonomy":"category","embeddable":true,"href":"https:\/\/eltrabajo.cl\/portal\/wp-json\/wp\/v2\/categories?post=58563"},{"taxonomy":"post_tag","embeddable":true,"href":"https:\/\/eltrabajo.cl\/portal\/wp-json\/wp\/v2\/tags?post=58563"}],"curies":[{"name":"wp","href":"https:\/\/api.w.org\/{rel}","templated":true}]}}