{"id":58580,"date":"2015-06-02T09:20:19","date_gmt":"2015-06-02T12:20:19","guid":{"rendered":"http:\/\/www.eltrabajo.cl\/portal\/?p=58580"},"modified":"2015-06-02T09:20:19","modified_gmt":"2015-06-02T12:20:19","slug":"desarrollan-jornada-nacional-de-cuasimodista-en-san-felipe","status":"publish","type":"post","link":"https:\/\/eltrabajo.cl\/portal\/desarrollan-jornada-nacional-de-cuasimodista-en-san-felipe\/","title":{"rendered":"Desarrollan Jornada Nacional de Cuasimodista en San Felipe"},"content":{"rendered":"<figure id=\"attachment_58581\" aria-describedby=\"caption-attachment-58581\" style=\"width: 300px\" class=\"wp-caption alignleft\"><a href=\"https:\/\/i0.wp.com\/www.eltrabajo.cl\/portal\/wp-content\/uploads\/2015\/06\/Cuasimodistas.jpg\"><img data-recalc-dims=\"1\" loading=\"lazy\" decoding=\"async\" class=\"wp-image-58581 size-medium\" src=\"https:\/\/i0.wp.com\/www.eltrabajo.cl\/portal\/wp-content\/uploads\/2015\/06\/Cuasimodistas-300x198.jpg?resize=300%2C198\" alt=\"El fin de semana pasado se realiz\u00f3, en la di\u00f3cesis de San Felipe, la Jornada Nacional de Cuasimodistas.\" width=\"300\" height=\"198\" srcset=\"https:\/\/i0.wp.com\/eltrabajo.cl\/portal\/wp-content\/uploads\/2015\/06\/Cuasimodistas.jpg?resize=300%2C198&amp;ssl=1 300w, https:\/\/i0.wp.com\/eltrabajo.cl\/portal\/wp-content\/uploads\/2015\/06\/Cuasimodistas.jpg?resize=200%2C132&amp;ssl=1 200w, https:\/\/i0.wp.com\/eltrabajo.cl\/portal\/wp-content\/uploads\/2015\/06\/Cuasimodistas.jpg?resize=228%2C150&amp;ssl=1 228w, https:\/\/i0.wp.com\/eltrabajo.cl\/portal\/wp-content\/uploads\/2015\/06\/Cuasimodistas.jpg?resize=400%2C263&amp;ssl=1 400w, https:\/\/i0.wp.com\/eltrabajo.cl\/portal\/wp-content\/uploads\/2015\/06\/Cuasimodistas.jpg?w=530&amp;ssl=1 530w\" sizes=\"auto, (max-width: 300px) 100vw, 300px\" \/><\/a><figcaption id=\"caption-attachment-58581\" class=\"wp-caption-text\">El fin de semana pasado se realiz\u00f3, en la di\u00f3cesis de San Felipe, la Jornada Nacional de Cuasimodistas.<\/figcaption><\/figure>\n<p>Con la participaci\u00f3n de representantes de los Cuasimodos locales de diferentes parroquias del pa\u00eds, se desarroll\u00f3 en la di\u00f3cesis de San Felipe la Jornada Nacional de Cuasimodistas. El encuentro tuvo lugar este fin de semana pasado en la Casa de Retiros Juan XIII.<br \/>\nEn este evento se analizaron varios temas que est\u00e1n en directa relaci\u00f3n con el trabajo pastoral y misionero de los Cuasimodos de Chile. A mismo tiempo, se agradeci\u00f3 por los dones y gracias recibidas por la peregrinaci\u00f3n del Cristo Cuasimodista, se identificaron los principales aspectos del l\u00edder Cuasimodista y se renov\u00f3 el compromiso para servir en el bien de la Iglesia.<br \/>\nLa Eucarist\u00eda de Env\u00edo fue celebrada por Mons. Cristi\u00e1n Contreras Molina, O. de M., quien en parte de su homil\u00eda destac\u00f3 que \u201cEl Esp\u00edritu Santo act\u00faa en los Cuasimodistas para que Cristo llegue a los enfermos, adem\u00e1s de agradecer la valiosa labor que realizan los cuasimodos en nuestra Iglesia\u201d.<br \/>\nVer\u00f3nica Rodr\u00edguez D\u00edaz, Presidenta Nacional de los Cuasimodistas de Chile, se\u00f1al\u00f3 sobre el liderazgo cuasimodista, expresando: \u201cnuestro modelo a seguir es Jes\u00fas, para poder llevar a Jes\u00fas Eucarist\u00eda a quienes sufren y m\u00e1s lo necesitan, adem\u00e1s significa comprender y descubrir las capacidades que cada persona tiene para ponerlas al servicio de nuestros hermanos. Adem\u00e1s que esta fiesta es \u00fanica y es nuestra por ella debemos motivar para invitar que las personas participen y se integren a las diferentes comunidades de cuasimodos que hay en nuestra Iglesia\u201d.<\/p>\n","protected":false},"excerpt":{"rendered":"<p>Con la participaci\u00f3n de representantes de los Cuasimodos locales de diferentes parroquias del pa\u00eds, se desarroll\u00f3 en la di\u00f3cesis de San Felipe la Jornada Nacional de Cuasimodistas. El encuentro tuvo lugar este&#8230;<\/p>\n","protected":false},"author":482,"featured_media":58581,"comment_status":"open","ping_status":"open","sticky":false,"template":"","format":"standard","meta":{"advanced_seo_description":"","jetpack_seo_html_title":"","jetpack_seo_noindex":false,"_jetpack_memberships_contains_paid_content":false,"footnotes":""},"categories":[15],"tags":[],"class_list":["post-58580","post","type-post","status-publish","format-standard","has-post-thumbnail","hentry","category-comunidad"],"jetpack_featured_media_url":"https:\/\/i0.wp.com\/eltrabajo.cl\/portal\/wp-content\/uploads\/2015\/06\/Cuasimodistas.jpg?fit=530%2C349&ssl=1","jetpack_sharing_enabled":true,"jetpack_likes_enabled":true,"jetpack-related-posts":[],"_links":{"self":[{"href":"https:\/\/eltrabajo.cl\/portal\/wp-json\/wp\/v2\/posts\/58580","targetHints":{"allow":["GET"]}}],"collection":[{"href":"https:\/\/eltrabajo.cl\/portal\/wp-json\/wp\/v2\/posts"}],"about":[{"href":"https:\/\/eltrabajo.cl\/portal\/wp-json\/wp\/v2\/types\/post"}],"author":[{"embeddable":true,"href":"https:\/\/eltrabajo.cl\/portal\/wp-json\/wp\/v2\/users\/482"}],"replies":[{"embeddable":true,"href":"https:\/\/eltrabajo.cl\/portal\/wp-json\/wp\/v2\/comments?post=58580"}],"version-history":[{"count":0,"href":"https:\/\/eltrabajo.cl\/portal\/wp-json\/wp\/v2\/posts\/58580\/revisions"}],"wp:featuredmedia":[{"embeddable":true,"href":"https:\/\/eltrabajo.cl\/portal\/wp-json\/wp\/v2\/media\/58581"}],"wp:attachment":[{"href":"https:\/\/eltrabajo.cl\/portal\/wp-json\/wp\/v2\/media?parent=58580"}],"wp:term":[{"taxonomy":"category","embeddable":true,"href":"https:\/\/eltrabajo.cl\/portal\/wp-json\/wp\/v2\/categories?post=58580"},{"taxonomy":"post_tag","embeddable":true,"href":"https:\/\/eltrabajo.cl\/portal\/wp-json\/wp\/v2\/tags?post=58580"}],"curies":[{"name":"wp","href":"https:\/\/api.w.org\/{rel}","templated":true}]}}