{"id":58608,"date":"2015-06-02T09:39:28","date_gmt":"2015-06-02T12:39:28","guid":{"rendered":"http:\/\/www.eltrabajo.cl\/portal\/?p=58608"},"modified":"2015-06-02T09:39:28","modified_gmt":"2015-06-02T12:39:28","slug":"automovilista-da-muerte-a-el-caminante-atropellado-en-ladera-de-cerro-yevide","status":"publish","type":"post","link":"https:\/\/eltrabajo.cl\/portal\/automovilista-da-muerte-a-el-caminante-atropellado-en-ladera-de-cerro-yevide\/","title":{"rendered":"Automovilista da muerte a \u2018El Caminante\u2019 atropellado en ladera de Cerro Yevide"},"content":{"rendered":"<figure id=\"attachment_58609\" aria-describedby=\"caption-attachment-58609\" style=\"width: 300px\" class=\"wp-caption alignleft\"><a href=\"https:\/\/i0.wp.com\/www.eltrabajo.cl\/portal\/wp-content\/uploads\/2015\/06\/Luis-Saavedra-Vivar.jpg\"><img data-recalc-dims=\"1\" loading=\"lazy\" decoding=\"async\" class=\"wp-image-58609 size-medium\" src=\"https:\/\/i0.wp.com\/www.eltrabajo.cl\/portal\/wp-content\/uploads\/2015\/06\/Luis-Saavedra-Vivar-300x198.jpg?resize=300%2C198\" alt=\"Luis Saavedra Vivar de 57 a\u00f1os de edad, ampliamente conocido como \u2018El Caminante\u2019 falleci\u00f3 v\u00edctima de un atropello por un automovilista que se dio a la fuga en la comuna de Santa Mar\u00eda, siendo posteriormente detenido por Carabineros en su domicilio de San Felipe.\" width=\"300\" height=\"198\" srcset=\"https:\/\/i0.wp.com\/eltrabajo.cl\/portal\/wp-content\/uploads\/2015\/06\/Luis-Saavedra-Vivar.jpg?resize=300%2C198&amp;ssl=1 300w, https:\/\/i0.wp.com\/eltrabajo.cl\/portal\/wp-content\/uploads\/2015\/06\/Luis-Saavedra-Vivar.jpg?resize=200%2C132&amp;ssl=1 200w, https:\/\/i0.wp.com\/eltrabajo.cl\/portal\/wp-content\/uploads\/2015\/06\/Luis-Saavedra-Vivar.jpg?resize=228%2C150&amp;ssl=1 228w, https:\/\/i0.wp.com\/eltrabajo.cl\/portal\/wp-content\/uploads\/2015\/06\/Luis-Saavedra-Vivar.jpg?resize=400%2C263&amp;ssl=1 400w, https:\/\/i0.wp.com\/eltrabajo.cl\/portal\/wp-content\/uploads\/2015\/06\/Luis-Saavedra-Vivar.jpg?w=530&amp;ssl=1 530w\" sizes=\"auto, (max-width: 300px) 100vw, 300px\" \/><\/a><figcaption id=\"caption-attachment-58609\" class=\"wp-caption-text\">Luis Saavedra Vivar de 57 a\u00f1os de edad, ampliamente conocido como \u2018El Caminante\u2019 falleci\u00f3 v\u00edctima de un atropello por un automovilista que se dio a la fuga en la comuna de Santa Mar\u00eda, siendo posteriormente detenido por Carabineros en su domicilio de San Felipe.<\/figcaption><\/figure>\n<p>Aunque Luis Saavedra Vivar de 57 a\u00f1os de edad, no era conocido por su nombre real, sino por su apodo de \u2018El Caminante\u2019 tras sus caracter\u00edsticas caminatas eternas por distintas comunas de San Felipe y Los Andes, gan\u00e1ndose a trav\u00e9s de los a\u00f1os el cari\u00f1o de vecinos que lo ayudaban con ropa y comida por su condici\u00f3n de indigente, desplaz\u00e1ndose por carreteras, calles y pasajes portando un coche de beb\u00e9 por el cual era reconocido de inmediato en la v\u00eda p\u00fablica.<br \/>\nSin embargo, el destino de este hombre lleg\u00f3 a su fin a eso de las 22:30 horas del pasado domingo, en los momentos que el conductor de un veh\u00edculo, que se desplazaba por la ruta que une Santa Mar\u00eda con San Felipe, en la ladera del cerro Yevide, impact\u00f3 sorpresivamente el cuerpo de \u2018El Caminante\u2019 quien transitaba por la carretera con su caracter\u00edstico coche en medio de la oscuridad de una fr\u00eda noche aparentemente sin ning\u00fan tipo de reflectantes por el costado de la calzada, lugar no apto para el desplazamiento de peatones.<br \/>\nTestigos aseguran que el violento impacto de la v\u00edctima contra el pavimento no fue auxiliado por el automovilista, quien se dio a la fuga, no obstante, lograron adquirir relevantes antecedentes como el modelo del m\u00f3vil y el n\u00famero de patente para ser denunciado ante Carabineros de la Tenencia de la comuna de Santa Mar\u00eda, quienes en minutos se constituyeron en la calle Piedra de Le\u00f3n.<br \/>\nAl mismo tiempo, la ambulancia del Samu practic\u00f3 al herido los primeros mecanismos de reanimaci\u00f3n, sin embargo pese a los esfuerzos, Luis Saavedra falleci\u00f3 a los pocos minutos en el sitio del suceso, v\u00edctima de las graves heridas y fracturas en su cuerpo.<br \/>\nEl lamentable accidente dio paso a las diligencias de los peritos de la Subcomisar\u00eda de Accidentes de Tr\u00e1nsito, Siat de Carabineros de San Felipe, para evaluar las condiciones del suceso a fin de iniciar la investigaci\u00f3n del caso, mientras el personal policial lograba dar con el paradero del automovilista involucrado tras las descripciones proporcionadas por los testigos.<br \/>\nEn ese sentido, Carabineros identific\u00f3 al conductor del veh\u00edculo con las iniciales C.C.O.R. de 28 a\u00f1os de edad, domiciliado en villa Los Graneros de San Felipe, quien se encontraba al interior de su vivienda, confesando su participaci\u00f3n en el accidente por el cual fue detenido para ser conducido hasta el Hospital San Camilo para la pr\u00e1ctica de la alcoholemia de rigor.<br \/>\nAdem\u00e1s, la polic\u00eda incaut\u00f3 el veh\u00edculo de propiedad del acusado para ser analizado por la Siat de Carabineros a fin de determinar las causas basales del accidente con resultado de muerte en el lugar de los hechos, an\u00e1lisis que se adjuntar\u00e1n a la carpeta investigativa que se encuentra en manos de la Fiscal\u00eda que abordar\u00e1 el caso.<br \/>\nEl imputado tras ser formalizado por el Ministerio P\u00fablico la ma\u00f1ana de este lunes recuper\u00f3 su libertad debido a que no conduc\u00eda bajo los efectos del alcohol de acuerdo a los ex\u00e1menes de rigor, sin que se decretaran medidas cautelares, mientras la Fiscal\u00eda investigar\u00e1 las responsabilidades eventuales tanto del conductor como del peat\u00f3n fallecido.<br \/>\n<strong>Pablo Salinas Sald\u00edas<\/strong><\/p>\n","protected":false},"excerpt":{"rendered":"<p>Aunque Luis Saavedra Vivar de 57 a\u00f1os de edad, no era conocido por su nombre real, sino por su apodo de \u2018El Caminante\u2019 tras sus caracter\u00edsticas caminatas eternas por distintas comunas de&#8230;<\/p>\n","protected":false},"author":482,"featured_media":58609,"comment_status":"open","ping_status":"open","sticky":false,"template":"","format":"standard","meta":{"advanced_seo_description":"","jetpack_seo_html_title":"","jetpack_seo_noindex":false,"_jetpack_memberships_contains_paid_content":false,"footnotes":""},"categories":[21],"tags":[],"class_list":["post-58608","post","type-post","status-publish","format-standard","has-post-thumbnail","hentry","category-policial"],"jetpack_featured_media_url":"https:\/\/i0.wp.com\/eltrabajo.cl\/portal\/wp-content\/uploads\/2015\/06\/Luis-Saavedra-Vivar.jpg?fit=530%2C349&ssl=1","jetpack_sharing_enabled":true,"jetpack_likes_enabled":true,"jetpack-related-posts":[],"_links":{"self":[{"href":"https:\/\/eltrabajo.cl\/portal\/wp-json\/wp\/v2\/posts\/58608","targetHints":{"allow":["GET"]}}],"collection":[{"href":"https:\/\/eltrabajo.cl\/portal\/wp-json\/wp\/v2\/posts"}],"about":[{"href":"https:\/\/eltrabajo.cl\/portal\/wp-json\/wp\/v2\/types\/post"}],"author":[{"embeddable":true,"href":"https:\/\/eltrabajo.cl\/portal\/wp-json\/wp\/v2\/users\/482"}],"replies":[{"embeddable":true,"href":"https:\/\/eltrabajo.cl\/portal\/wp-json\/wp\/v2\/comments?post=58608"}],"version-history":[{"count":0,"href":"https:\/\/eltrabajo.cl\/portal\/wp-json\/wp\/v2\/posts\/58608\/revisions"}],"wp:featuredmedia":[{"embeddable":true,"href":"https:\/\/eltrabajo.cl\/portal\/wp-json\/wp\/v2\/media\/58609"}],"wp:attachment":[{"href":"https:\/\/eltrabajo.cl\/portal\/wp-json\/wp\/v2\/media?parent=58608"}],"wp:term":[{"taxonomy":"category","embeddable":true,"href":"https:\/\/eltrabajo.cl\/portal\/wp-json\/wp\/v2\/categories?post=58608"},{"taxonomy":"post_tag","embeddable":true,"href":"https:\/\/eltrabajo.cl\/portal\/wp-json\/wp\/v2\/tags?post=58608"}],"curies":[{"name":"wp","href":"https:\/\/api.w.org\/{rel}","templated":true}]}}