{"id":58619,"date":"2015-06-03T09:22:05","date_gmt":"2015-06-03T12:22:05","guid":{"rendered":"http:\/\/www.eltrabajo.cl\/portal\/?p=58619"},"modified":"2015-06-03T09:22:05","modified_gmt":"2015-06-03T12:22:05","slug":"con-concurso-de-dibujo-escolar-conmemoran-dia-mundial-sin-fumar","status":"publish","type":"post","link":"https:\/\/eltrabajo.cl\/portal\/con-concurso-de-dibujo-escolar-conmemoran-dia-mundial-sin-fumar\/","title":{"rendered":"Con concurso de dibujo escolar conmemoran D\u00eda Mundial Sin Fumar"},"content":{"rendered":"<figure id=\"attachment_58620\" aria-describedby=\"caption-attachment-58620\" style=\"width: 300px\" class=\"wp-caption alignleft\"><a href=\"https:\/\/i0.wp.com\/www.eltrabajo.cl\/portal\/wp-content\/uploads\/2015\/06\/FOTO-1-Ganadores-Concurso-Dibujo.jpg\"><img data-recalc-dims=\"1\" loading=\"lazy\" decoding=\"async\" class=\"wp-image-58620 size-medium\" src=\"https:\/\/i0.wp.com\/www.eltrabajo.cl\/portal\/wp-content\/uploads\/2015\/06\/FOTO-1-Ganadores-Concurso-Dibujo-300x198.jpg?resize=300%2C198\" alt=\"Alumnos de ense\u00f1anza b\u00e1sica principalmente participaron de este concurso de dibujo enmarcado en el D\u00eda Mundial sin fumar.\" width=\"300\" height=\"198\" srcset=\"https:\/\/i0.wp.com\/eltrabajo.cl\/portal\/wp-content\/uploads\/2015\/06\/FOTO-1-Ganadores-Concurso-Dibujo.jpg?resize=300%2C198&amp;ssl=1 300w, https:\/\/i0.wp.com\/eltrabajo.cl\/portal\/wp-content\/uploads\/2015\/06\/FOTO-1-Ganadores-Concurso-Dibujo.jpg?resize=200%2C132&amp;ssl=1 200w, https:\/\/i0.wp.com\/eltrabajo.cl\/portal\/wp-content\/uploads\/2015\/06\/FOTO-1-Ganadores-Concurso-Dibujo.jpg?resize=227%2C150&amp;ssl=1 227w, https:\/\/i0.wp.com\/eltrabajo.cl\/portal\/wp-content\/uploads\/2015\/06\/FOTO-1-Ganadores-Concurso-Dibujo.jpg?resize=400%2C264&amp;ssl=1 400w, https:\/\/i0.wp.com\/eltrabajo.cl\/portal\/wp-content\/uploads\/2015\/06\/FOTO-1-Ganadores-Concurso-Dibujo.jpg?w=530&amp;ssl=1 530w\" sizes=\"auto, (max-width: 300px) 100vw, 300px\" \/><\/a><figcaption id=\"caption-attachment-58620\" class=\"wp-caption-text\">Alumnos de ense\u00f1anza b\u00e1sica principalmente participaron de este concurso de dibujo enmarcado en el D\u00eda Mundial sin fumar.<\/figcaption><\/figure>\n<ul>\n<li><strong>Alumnos de distintos establecimientos participaron en la iniciativa organizada por la Mesa de Promoci\u00f3n de la Salud, con el respaldo de la Seremi de Salud Oficina Provincial Aconcagua<\/strong>.<\/li>\n<\/ul>\n<p>Con la entrega de premios a los cursos que resultaron ganadores del concurso de dibujo escolar, orientado a sensibilizar desde la infancia en torno a los riesgos del consumo de tabaco, se conmemor\u00f3 en San Felipe el D\u00eda Mundial Sin Fumar, iniciativa que promueve cada 31 de mayo la Organizaci\u00f3n Mundial de la Salud (OMS).<\/p>\n<p>La actividad fue organizada por la Mesa de Promoci\u00f3n de la Salud y cont\u00f3 con el respaldo de la Seremi de Salud Aconcagua, convocando a una gran cantidad de alumnos que adem\u00e1s de demostrar su talento con trabajos que daban cuenta de su creatividad y disciplina art\u00edstica, tambi\u00e9n dejaron de manifiesto que efectivamente est\u00e1n conscientes de la problem\u00e1tica del tabaquismo.<\/p>\n<figure id=\"attachment_58621\" aria-describedby=\"caption-attachment-58621\" style=\"width: 300px\" class=\"wp-caption alignright\"><a href=\"https:\/\/i0.wp.com\/www.eltrabajo.cl\/portal\/wp-content\/uploads\/2015\/06\/FOTO-2-Estudiantes-Enfermeria.jpg\"><img data-recalc-dims=\"1\" loading=\"lazy\" decoding=\"async\" class=\"wp-image-58621 size-medium\" src=\"https:\/\/i0.wp.com\/www.eltrabajo.cl\/portal\/wp-content\/uploads\/2015\/06\/FOTO-2-Estudiantes-Enfermeria-300x198.jpg?resize=300%2C198\" alt=\"Estudiantes de la carrera de Enfermer\u00eda de la UAC San Felipe, presentaron ante los asistentes una dramatizaci\u00f3n acerca de una paciente terminal con c\u00e1ncer pulmonar, producto del tabaquismo.\" width=\"300\" height=\"198\" srcset=\"https:\/\/i0.wp.com\/eltrabajo.cl\/portal\/wp-content\/uploads\/2015\/06\/FOTO-2-Estudiantes-Enfermeria.jpg?resize=300%2C198&amp;ssl=1 300w, https:\/\/i0.wp.com\/eltrabajo.cl\/portal\/wp-content\/uploads\/2015\/06\/FOTO-2-Estudiantes-Enfermeria.jpg?resize=200%2C132&amp;ssl=1 200w, https:\/\/i0.wp.com\/eltrabajo.cl\/portal\/wp-content\/uploads\/2015\/06\/FOTO-2-Estudiantes-Enfermeria.jpg?resize=227%2C150&amp;ssl=1 227w, https:\/\/i0.wp.com\/eltrabajo.cl\/portal\/wp-content\/uploads\/2015\/06\/FOTO-2-Estudiantes-Enfermeria.jpg?resize=400%2C264&amp;ssl=1 400w, https:\/\/i0.wp.com\/eltrabajo.cl\/portal\/wp-content\/uploads\/2015\/06\/FOTO-2-Estudiantes-Enfermeria.jpg?w=530&amp;ssl=1 530w\" sizes=\"auto, (max-width: 300px) 100vw, 300px\" \/><\/a><figcaption id=\"caption-attachment-58621\" class=\"wp-caption-text\">Estudiantes de la carrera de Enfermer\u00eda de la UAC San Felipe, presentaron ante los asistentes una dramatizaci\u00f3n acerca de una paciente terminal con c\u00e1ncer pulmonar, producto del tabaquismo.<\/figcaption><\/figure>\n<p>Entre los ganadores figura el octavo b\u00e1sico de la Escuela Jos\u00e9 de San Mart\u00edn, trabajo que fue realizado por un grupo de alumnos entre los cuales destaca Martina Villegas, quien coment\u00f3 que a corta edad se inici\u00f3 el consumo del tabaco, decidiendo abandonarlo una vez que conoci\u00f3 los riesgos que ello implica en la salud humana.<br \/>\n\u201cNo quiero morir de c\u00e1ncer de pulm\u00f3n, no quiero tener problemas para respirar. Yo no pienso fumar nunca m\u00e1s, porque es algo terrible, genera una verdadera adicci\u00f3n, sin contar lo caro que resulta, tanto comprar cigarrillos, como costear las enfermedades que implica el fumar\u201d, se\u00f1al\u00f3 la estudiante.<br \/>\nSeg\u00fan explic\u00f3 la encargada de la Mesa de Promoci\u00f3n de la Salud, asistente social Loreto Olgu\u00edn, ha sido un tema de preocupaci\u00f3n constante del alcalde Patricio Freire, el promover estilos de vida saludable, en donde claramente, el consumo de tabaco no est\u00e1 considerado.<br \/>\n\u201cNuestro alcalde nos ha encomendado la tarea de realizar distintas acciones para promover estilos de vida saludable. Y en ese \u00e1mbito, no pod\u00edamos quedar ajenos a la conmemoraci\u00f3n del D\u00eda Mundial sin fumar, porque sabemos que la incidencia de c\u00e1ncer de pulm\u00f3n producto del consumo de tabaco, es alt\u00edsima en nuestro pa\u00eds\u201d, se\u00f1al\u00f3 la profesional.<br \/>\nDesde la Seremi de Salud, la asesora de promoci\u00f3n de la salud, Carolina Vilches, manifest\u00f3 que los registros a nivel nacional indican que el h\u00e1bito tab\u00e1quico afecta a un porcentaje important\u00edsimo de la poblaci\u00f3n, se\u00f1alando por ejemplo que los j\u00f3venes salen de cuarto medio fumando.<br \/>\n\u201cPor eso consideramos una iniciativa muy interesante esta que ha desarrollado la Mesa de Promoci\u00f3n de la Salud, porque sabemos que es necesario educar y sensibilizar desde la escolaridad. Solo de esa manera lograremos disminuir la tasa de tabaquismo en nuestro pa\u00eds\u201d, manifest\u00f3 la profesional.<\/p>\n","protected":false},"excerpt":{"rendered":"<p>Alumnos de distintos establecimientos participaron en la iniciativa organizada por la Mesa de Promoci\u00f3n de la Salud, con el respaldo de la Seremi de Salud Oficina Provincial Aconcagua. Con la entrega de&#8230;<\/p>\n","protected":false},"author":482,"featured_media":58620,"comment_status":"open","ping_status":"open","sticky":false,"template":"","format":"standard","meta":{"advanced_seo_description":"","jetpack_seo_html_title":"","jetpack_seo_noindex":false,"_jetpack_memberships_contains_paid_content":false,"footnotes":""},"categories":[15],"tags":[],"class_list":["post-58619","post","type-post","status-publish","format-standard","has-post-thumbnail","hentry","category-comunidad"],"jetpack_featured_media_url":"https:\/\/i0.wp.com\/eltrabajo.cl\/portal\/wp-content\/uploads\/2015\/06\/FOTO-1-Ganadores-Concurso-Dibujo.jpg?fit=530%2C350&ssl=1","jetpack_sharing_enabled":true,"jetpack_likes_enabled":true,"jetpack-related-posts":[],"_links":{"self":[{"href":"https:\/\/eltrabajo.cl\/portal\/wp-json\/wp\/v2\/posts\/58619","targetHints":{"allow":["GET"]}}],"collection":[{"href":"https:\/\/eltrabajo.cl\/portal\/wp-json\/wp\/v2\/posts"}],"about":[{"href":"https:\/\/eltrabajo.cl\/portal\/wp-json\/wp\/v2\/types\/post"}],"author":[{"embeddable":true,"href":"https:\/\/eltrabajo.cl\/portal\/wp-json\/wp\/v2\/users\/482"}],"replies":[{"embeddable":true,"href":"https:\/\/eltrabajo.cl\/portal\/wp-json\/wp\/v2\/comments?post=58619"}],"version-history":[{"count":0,"href":"https:\/\/eltrabajo.cl\/portal\/wp-json\/wp\/v2\/posts\/58619\/revisions"}],"wp:featuredmedia":[{"embeddable":true,"href":"https:\/\/eltrabajo.cl\/portal\/wp-json\/wp\/v2\/media\/58620"}],"wp:attachment":[{"href":"https:\/\/eltrabajo.cl\/portal\/wp-json\/wp\/v2\/media?parent=58619"}],"wp:term":[{"taxonomy":"category","embeddable":true,"href":"https:\/\/eltrabajo.cl\/portal\/wp-json\/wp\/v2\/categories?post=58619"},{"taxonomy":"post_tag","embeddable":true,"href":"https:\/\/eltrabajo.cl\/portal\/wp-json\/wp\/v2\/tags?post=58619"}],"curies":[{"name":"wp","href":"https:\/\/api.w.org\/{rel}","templated":true}]}}