{"id":58624,"date":"2015-06-03T09:24:16","date_gmt":"2015-06-03T12:24:16","guid":{"rendered":"http:\/\/www.eltrabajo.cl\/portal\/?p=58624"},"modified":"2015-06-03T09:24:16","modified_gmt":"2015-06-03T12:24:16","slug":"exitoso-termino-de-programa-mujer-trabajadora-jefa-de-hogar-2014","status":"publish","type":"post","link":"https:\/\/eltrabajo.cl\/portal\/exitoso-termino-de-programa-mujer-trabajadora-jefa-de-hogar-2014\/","title":{"rendered":"Exitoso t\u00e9rmino de Programa Mujer Trabajadora Jefa de Hogar 2014"},"content":{"rendered":"<figure id=\"attachment_58625\" aria-describedby=\"caption-attachment-58625\" style=\"width: 300px\" class=\"wp-caption alignleft\"><a href=\"https:\/\/i0.wp.com\/www.eltrabajo.cl\/portal\/wp-content\/uploads\/2015\/06\/JEFAS-DE-HOGAR-1.jpg\"><img data-recalc-dims=\"1\" loading=\"lazy\" decoding=\"async\" class=\"wp-image-58625 size-medium\" src=\"https:\/\/i0.wp.com\/www.eltrabajo.cl\/portal\/wp-content\/uploads\/2015\/06\/JEFAS-DE-HOGAR-1-300x198.jpg?resize=300%2C198\" alt=\"El alcalde Guillermo Reyes junto a mujeres beneficiadas en la ceremonia oficial de egreso del Programa Jefas de Hogar 2014.\" width=\"300\" height=\"198\" srcset=\"https:\/\/i0.wp.com\/eltrabajo.cl\/portal\/wp-content\/uploads\/2015\/06\/JEFAS-DE-HOGAR-1.jpg?resize=300%2C198&amp;ssl=1 300w, https:\/\/i0.wp.com\/eltrabajo.cl\/portal\/wp-content\/uploads\/2015\/06\/JEFAS-DE-HOGAR-1.jpg?resize=200%2C132&amp;ssl=1 200w, https:\/\/i0.wp.com\/eltrabajo.cl\/portal\/wp-content\/uploads\/2015\/06\/JEFAS-DE-HOGAR-1.jpg?resize=227%2C150&amp;ssl=1 227w, https:\/\/i0.wp.com\/eltrabajo.cl\/portal\/wp-content\/uploads\/2015\/06\/JEFAS-DE-HOGAR-1.jpg?resize=400%2C264&amp;ssl=1 400w, https:\/\/i0.wp.com\/eltrabajo.cl\/portal\/wp-content\/uploads\/2015\/06\/JEFAS-DE-HOGAR-1.jpg?w=530&amp;ssl=1 530w\" sizes=\"auto, (max-width: 300px) 100vw, 300px\" \/><\/a><figcaption id=\"caption-attachment-58625\" class=\"wp-caption-text\">El alcalde Guillermo Reyes junto a mujeres beneficiadas en la ceremonia oficial de egreso del Programa Jefas de Hogar 2014.<\/figcaption><\/figure>\n<ul>\n<li><strong>Emotiva ceremonia permiti\u00f3 tambi\u00e9n el lanzamiento de la iniciativa para este 2015<\/strong><\/li>\n<\/ul>\n<p><strong>PUTAENDO.<\/strong>&#8211; La se\u00f1ora Ana Palma vive en Las Minillas y tiene dos hijos a quienes mantiene con empuje, esfuerzo y humildad. El a\u00f1o pasado entr\u00f3 al Programa Mujer Trabajadora Jefa de Hogar, que lleva a cabo la Municipalidad de Putaendo, actividad con la cual no tiene m\u00e1s que agradecimientos.<br \/>\nCon su proyecto de venta de art\u00edculos de aseo y ropa, necesitaba ayuda para poder concretar esta actividad y dar mejores condiciones econ\u00f3micas a su propia familia.<br \/>\n\u201cMe dieron herramientas para trabajar mejor, porque yo tengo un negocio, pero no sab\u00eda mucho. En parte ten\u00eda mi negocio formalizado, pero me dieron m\u00e1s herramientas y, a la vez, con el aporte que obtuve, ayudaron para comprar m\u00e1s cosas de las que pod\u00eda comprar para seguir adelante con mi proyecto\u201d, destac\u00f3 Ana.<br \/>\nCon historias emotivas como la de ella, se realiz\u00f3 la ceremonia oficial de egreso del Programa Jefas de Hogar 2014 liderada por el alcalde de Putaendo, Guillermo Reyes. Durante el \u00faltimo a\u00f1o, cerca de 100 mujeres participaron en diferentes capacitaciones y beneficios. Adem\u00e1s, 26 de ellas lograron concretar sus iniciativas de inversi\u00f3n.<br \/>\n\u201cCuando se van, cuando egresan, nos da cierta nostalgia porque hemos trabajado con intensidad y hay logros. Tambi\u00e9n nos emociona y nos ilusionamos con que los nuevos grupos tengan esta misma condici\u00f3n. En estos siete a\u00f1os de alcalde, yo he visto pasar distintas cantidades de mujeres de Putaendo y la verdad es que hay un hilo conductor, un com\u00fan denominador: Todo estos casos se traducen en las ganas de salir adelante, con responsabilidad para sacar adelante a su familia\u201d, recalc\u00f3 el edil Guillermo Reyes.<br \/>\nPara la coordinadora comunal del programa, Laura Fuenzalida, el 2014 fue un a\u00f1o muy exitoso. No s\u00f3lo se trabaj\u00f3 para capacitar a las usuarias en diferentes aspectos para entregarles otros aportes, sino que se ayuda a desarrollar a las mujeres en temas como su desarrollo humano y autoestima.<br \/>\n\u201cLa mujer es un recurso humano fuert\u00edsimo. La mujer tiene las herramientas suficientes para aportar a la sociedad, sobretodo en el mundo laboral\u201d, manifest\u00f3 la coordinadora.<\/p>\n<p><strong>LANZAMIENTO PROGRAMA 2015<\/strong><br \/>\nEn la misma ceremonia oficiada en el liceo Manuel Mar\u00edn Fritis, se dio comienzo al Programa Mujer Trabajadora Jefa de Hogar 2015. En esta ocasi\u00f3n ser\u00e1n 70 las mujeres que podr\u00e1n acceder, durante todo el a\u00f1o, a diferentes talleres y herramientas para mejorar sus condiciones econ\u00f3micas.<br \/>\n\u201cEste a\u00f1o viene muy fuerte el \u00e1rea de la capacitaci\u00f3n. Comienza la pr\u00f3xima semana a ejecutarse diferentes cursos que no quisiera adelantar, porque est\u00e1n en proceso, pero este a\u00f1o vienen muchas m\u00e1s capacitaciones para las usuarias del programa. Tambi\u00e9n vendr\u00e1 un fuerte trabajo con la inserci\u00f3n laboral femenina\u201d, explic\u00f3 Fuenzalida.<br \/>\nPor su parte, la m\u00e1xima autoridad comunal sostuvo que uno de los objetivos de su administraci\u00f3n es siempre ayudarlas. \u201cTenemos un compromiso diario con las mujeres. Nos relacionamos con ellas todas las semanas, todos los d\u00edas. Los sue\u00f1os y las expectativas de Putaendo son con las mujeres. Ellas son las que de verdad llevan la presencia de la familia putaendina y nosotros nos relacionamos todos los d\u00edas con ellas en el municipio\u201d.<br \/>\nLa ceremonia cont\u00f3 tambi\u00e9n con la presencia de los ediles Carlos Gallardo, Luis Sandoval y Sergio Zamora, quienes compartieron junto a las usuarias como la se\u00f1ora Ana. Ella misma env\u00edo un mensaje para aquellas que este 2015 comienzan el programa.<br \/>\n\u201cTienen que ser constantes, tienen que decir yo voy a hacer esto y hacerlo. Me dije que ten\u00eda que hacer algo en tres meses, consegu\u00ed los permisos, patentes y lo hice. Muchas veces se pone como excusa a los hijos, pero eso no les servir\u00e1 de nada. O tiran para arriba o se quedan d\u00f3nde est\u00e1n ahora. Estoy muy agradecida\u201d, concluy\u00f3.<\/p>\n","protected":false},"excerpt":{"rendered":"<p>Emotiva ceremonia permiti\u00f3 tambi\u00e9n el lanzamiento de la iniciativa para este 2015 PUTAENDO.&#8211; La se\u00f1ora Ana Palma vive en Las Minillas y tiene dos hijos a quienes mantiene con empuje, esfuerzo y&#8230;<\/p>\n","protected":false},"author":482,"featured_media":58625,"comment_status":"open","ping_status":"open","sticky":false,"template":"","format":"standard","meta":{"advanced_seo_description":"","jetpack_seo_html_title":"","jetpack_seo_noindex":false,"_jetpack_memberships_contains_paid_content":false,"footnotes":""},"categories":[15],"tags":[],"class_list":["post-58624","post","type-post","status-publish","format-standard","has-post-thumbnail","hentry","category-comunidad"],"jetpack_featured_media_url":"https:\/\/i0.wp.com\/eltrabajo.cl\/portal\/wp-content\/uploads\/2015\/06\/JEFAS-DE-HOGAR-1.jpg?fit=530%2C350&ssl=1","jetpack_sharing_enabled":true,"jetpack_likes_enabled":true,"jetpack-related-posts":[],"_links":{"self":[{"href":"https:\/\/eltrabajo.cl\/portal\/wp-json\/wp\/v2\/posts\/58624","targetHints":{"allow":["GET"]}}],"collection":[{"href":"https:\/\/eltrabajo.cl\/portal\/wp-json\/wp\/v2\/posts"}],"about":[{"href":"https:\/\/eltrabajo.cl\/portal\/wp-json\/wp\/v2\/types\/post"}],"author":[{"embeddable":true,"href":"https:\/\/eltrabajo.cl\/portal\/wp-json\/wp\/v2\/users\/482"}],"replies":[{"embeddable":true,"href":"https:\/\/eltrabajo.cl\/portal\/wp-json\/wp\/v2\/comments?post=58624"}],"version-history":[{"count":0,"href":"https:\/\/eltrabajo.cl\/portal\/wp-json\/wp\/v2\/posts\/58624\/revisions"}],"wp:featuredmedia":[{"embeddable":true,"href":"https:\/\/eltrabajo.cl\/portal\/wp-json\/wp\/v2\/media\/58625"}],"wp:attachment":[{"href":"https:\/\/eltrabajo.cl\/portal\/wp-json\/wp\/v2\/media?parent=58624"}],"wp:term":[{"taxonomy":"category","embeddable":true,"href":"https:\/\/eltrabajo.cl\/portal\/wp-json\/wp\/v2\/categories?post=58624"},{"taxonomy":"post_tag","embeddable":true,"href":"https:\/\/eltrabajo.cl\/portal\/wp-json\/wp\/v2\/tags?post=58624"}],"curies":[{"name":"wp","href":"https:\/\/api.w.org\/{rel}","templated":true}]}}