{"id":58627,"date":"2015-06-03T09:25:35","date_gmt":"2015-06-03T12:25:35","guid":{"rendered":"http:\/\/www.eltrabajo.cl\/portal\/?p=58627"},"modified":"2015-06-03T11:58:58","modified_gmt":"2015-06-03T14:58:58","slug":"benefician-a-21-mamas-en-la-segunda-entrega-de-coches","status":"publish","type":"post","link":"https:\/\/eltrabajo.cl\/portal\/benefician-a-21-mamas-en-la-segunda-entrega-de-coches\/","title":{"rendered":"Benefician a 21 mam\u00e1s en segunda entrega de coches en comuna Rinconada"},"content":{"rendered":"<figure id=\"attachment_58628\" aria-describedby=\"caption-attachment-58628\" style=\"width: 300px\" class=\"wp-caption alignleft\"><a href=\"https:\/\/i0.wp.com\/www.eltrabajo.cl\/portal\/wp-content\/uploads\/2015\/06\/ENTREGA-COCHES.jpg\"><img data-recalc-dims=\"1\" loading=\"lazy\" decoding=\"async\" class=\"wp-image-58628 size-medium\" src=\"https:\/\/i0.wp.com\/www.eltrabajo.cl\/portal\/wp-content\/uploads\/2015\/06\/ENTREGA-COCHES-300x197.jpg?resize=300%2C197\" alt=\"21 mam\u00e1s fueron beneficiadas en esta segunda entrega de coches gracias a gestiones del municipio.\" width=\"300\" height=\"197\" srcset=\"https:\/\/i0.wp.com\/eltrabajo.cl\/portal\/wp-content\/uploads\/2015\/06\/ENTREGA-COCHES.jpg?resize=300%2C197&amp;ssl=1 300w, https:\/\/i0.wp.com\/eltrabajo.cl\/portal\/wp-content\/uploads\/2015\/06\/ENTREGA-COCHES.jpg?resize=200%2C131&amp;ssl=1 200w, https:\/\/i0.wp.com\/eltrabajo.cl\/portal\/wp-content\/uploads\/2015\/06\/ENTREGA-COCHES.jpg?resize=228%2C150&amp;ssl=1 228w, https:\/\/i0.wp.com\/eltrabajo.cl\/portal\/wp-content\/uploads\/2015\/06\/ENTREGA-COCHES.jpg?resize=400%2C263&amp;ssl=1 400w, https:\/\/i0.wp.com\/eltrabajo.cl\/portal\/wp-content\/uploads\/2015\/06\/ENTREGA-COCHES.jpg?w=530&amp;ssl=1 530w\" sizes=\"auto, (max-width: 300px) 100vw, 300px\" \/><\/a><figcaption id=\"caption-attachment-58628\" class=\"wp-caption-text\">21 mam\u00e1s fueron beneficiadas en esta segunda entrega de coches gracias a gestiones del municipio.<\/figcaption><\/figure>\n<p><strong>RINCONADA<\/strong>.- Una iniciativa que ya se ha desarrollado en a\u00f1os anteriores es la que se llev\u00f3 a cabo el pasado lunes en el sal\u00f3n municipal de la comuna de Rinconada.<br \/>\nMorado, rojo, calipso y negro eran los colores de los 21 los coches entregados por el municipio en el sal\u00f3n de la Municipalidad de Rinconada.<br \/>\nPara el alcalde esta es una inversi\u00f3n importante, ya que el aporte de coches se realiza hasta cinco veces en el a\u00f1o. En esta ocasi\u00f3n fueron 21 beneficiadas, pero en otras ocasiones pueden llegar a ser m\u00e1s de 30.<br \/>\nValeria Montenegro, Directora de Desarrollo Comunal, se\u00f1al\u00f3 que \u201ceste aporte se le entrega a las nuevas mamitas de Rinconada, incluso a las que han sido madres por segunda o tercera vez, es un ahorro sustantivo dentro de los gastos que conlleva dicha maternidad, con el fin de que puedan tener el apoyo de un coche para el traslado y as\u00ed facilitar todas las actividades que ellas ejercen como madre\u201d.<br \/>\nEs importante destacar que para obtener este beneficio no hay que postular, esta selecci\u00f3n se lleva a cabo en conjunto con el Cesfam, ya que ellos son quienes entregan un listado de las mam\u00e1s que van de forma regular a sus controles y participan en todas aquellas actividades que tienen que ver con el conocimiento y cuidado de los bebes y todo lo que implica el ser madre.<br \/>\nConversamos con Marcela Silva, quien hace dos meses fue madre de mellizos, Mateo y Lucas y al t\u00e9rmino de esta ceremonia expres\u00f3 que \u201cellos son peque\u00f1itos, nacieron a las 34 semanas, uno de ellos qued\u00f3 hospitalizado, pero ya est\u00e1 bastante bien, as\u00ed que muy feliz, es una bendici\u00f3n maravillosa que el se\u00f1or me regalo. Al principio se hace dif\u00edcil, pero al mirarlos a ellos siento que es una bendici\u00f3n. El aporte de coches es una ayuda total, nos ayuda bastante porque muchos no tenemos los recursos para comprar as\u00ed que se va a disfrutar s\u00ed o s\u00ed con ellos\u201d.<br \/>\nDe esta forma el alcalde Pedro Caballer\u00eda deposita su granito de arena en las nuevas familias rinconadinas, tratando de ayudar con estos coches en el presupuesto familiar, sobre todo con los reci\u00e9n nacidos, ya que este periodo hace a los padres desembolsar m\u00e1s dinero de lo normal.<\/p>\n","protected":false},"excerpt":{"rendered":"<p>RINCONADA.- Una iniciativa que ya se ha desarrollado en a\u00f1os anteriores es la que se llev\u00f3 a cabo el pasado lunes en el sal\u00f3n municipal de la comuna de Rinconada. Morado, rojo,&#8230;<\/p>\n","protected":false},"author":482,"featured_media":58628,"comment_status":"open","ping_status":"open","sticky":false,"template":"","format":"standard","meta":{"advanced_seo_description":"","jetpack_seo_html_title":"","jetpack_seo_noindex":false,"_jetpack_memberships_contains_paid_content":false,"footnotes":""},"categories":[15],"tags":[],"class_list":["post-58627","post","type-post","status-publish","format-standard","has-post-thumbnail","hentry","category-comunidad"],"jetpack_featured_media_url":"https:\/\/i0.wp.com\/eltrabajo.cl\/portal\/wp-content\/uploads\/2015\/06\/ENTREGA-COCHES.jpg?fit=530%2C348&ssl=1","jetpack_sharing_enabled":true,"jetpack_likes_enabled":true,"jetpack-related-posts":[],"_links":{"self":[{"href":"https:\/\/eltrabajo.cl\/portal\/wp-json\/wp\/v2\/posts\/58627","targetHints":{"allow":["GET"]}}],"collection":[{"href":"https:\/\/eltrabajo.cl\/portal\/wp-json\/wp\/v2\/posts"}],"about":[{"href":"https:\/\/eltrabajo.cl\/portal\/wp-json\/wp\/v2\/types\/post"}],"author":[{"embeddable":true,"href":"https:\/\/eltrabajo.cl\/portal\/wp-json\/wp\/v2\/users\/482"}],"replies":[{"embeddable":true,"href":"https:\/\/eltrabajo.cl\/portal\/wp-json\/wp\/v2\/comments?post=58627"}],"version-history":[{"count":0,"href":"https:\/\/eltrabajo.cl\/portal\/wp-json\/wp\/v2\/posts\/58627\/revisions"}],"wp:featuredmedia":[{"embeddable":true,"href":"https:\/\/eltrabajo.cl\/portal\/wp-json\/wp\/v2\/media\/58628"}],"wp:attachment":[{"href":"https:\/\/eltrabajo.cl\/portal\/wp-json\/wp\/v2\/media?parent=58627"}],"wp:term":[{"taxonomy":"category","embeddable":true,"href":"https:\/\/eltrabajo.cl\/portal\/wp-json\/wp\/v2\/categories?post=58627"},{"taxonomy":"post_tag","embeddable":true,"href":"https:\/\/eltrabajo.cl\/portal\/wp-json\/wp\/v2\/tags?post=58627"}],"curies":[{"name":"wp","href":"https:\/\/api.w.org\/{rel}","templated":true}]}}