{"id":58648,"date":"2015-06-03T09:35:20","date_gmt":"2015-06-03T12:35:20","guid":{"rendered":"http:\/\/www.eltrabajo.cl\/portal\/?p=58648"},"modified":"2015-06-03T09:35:20","modified_gmt":"2015-06-03T12:35:20","slug":"delincuente-ataco-a-mordiscos-a-funcionario-policial-al-ser-detenido","status":"publish","type":"post","link":"https:\/\/eltrabajo.cl\/portal\/delincuente-ataco-a-mordiscos-a-funcionario-policial-al-ser-detenido\/","title":{"rendered":"Delincuente atac\u00f3 a mordiscos a funcionario policial al ser detenido"},"content":{"rendered":"<figure id=\"attachment_58649\" aria-describedby=\"caption-attachment-58649\" style=\"width: 300px\" class=\"wp-caption alignleft\"><a href=\"https:\/\/i0.wp.com\/www.eltrabajo.cl\/portal\/wp-content\/uploads\/2015\/06\/gamba1.jpg\"><img data-recalc-dims=\"1\" loading=\"lazy\" decoding=\"async\" class=\"wp-image-58649 size-medium\" src=\"https:\/\/i0.wp.com\/www.eltrabajo.cl\/portal\/wp-content\/uploads\/2015\/06\/gamba1-300x198.jpg?resize=300%2C198\" alt=\"Alexis Andr\u00e9s Aravena P\u00e9rez , alias \u2018El Gamba\u2019, fue detenido y requerido en un procedimiento simplificado arriesgando 61 d\u00edas de presidio, sin embargo, \u00e9l ya contaba formalizado por el delito de homicidio simple en calidad de frustrado.\" width=\"300\" height=\"198\" srcset=\"https:\/\/i0.wp.com\/eltrabajo.cl\/portal\/wp-content\/uploads\/2015\/06\/gamba1.jpg?resize=300%2C198&amp;ssl=1 300w, https:\/\/i0.wp.com\/eltrabajo.cl\/portal\/wp-content\/uploads\/2015\/06\/gamba1.jpg?resize=200%2C132&amp;ssl=1 200w, https:\/\/i0.wp.com\/eltrabajo.cl\/portal\/wp-content\/uploads\/2015\/06\/gamba1.jpg?resize=228%2C150&amp;ssl=1 228w, https:\/\/i0.wp.com\/eltrabajo.cl\/portal\/wp-content\/uploads\/2015\/06\/gamba1.jpg?resize=400%2C263&amp;ssl=1 400w, https:\/\/i0.wp.com\/eltrabajo.cl\/portal\/wp-content\/uploads\/2015\/06\/gamba1.jpg?w=530&amp;ssl=1 530w\" sizes=\"auto, (max-width: 300px) 100vw, 300px\" \/><\/a><figcaption id=\"caption-attachment-58649\" class=\"wp-caption-text\">Alexis Andr\u00e9s Aravena P\u00e9rez , alias \u2018El Gamba\u2019, fue detenido y requerido en un procedimiento simplificado arriesgando 61 d\u00edas de presidio, sin embargo, \u00e9l ya contaba formalizado por el delito de homicidio simple en calidad de frustrado.<\/figcaption><\/figure>\n<ul>\n<li><strong>Peligroso delincuente est\u00e1 acusado por homicidio frustrado. Agresi\u00f3n se produjo cuando lo iba a detener por amenazar de muerte a la due\u00f1a de una verduler\u00eda.<\/strong><\/li>\n<\/ul>\n<p><strong>LOS ANDES.-<\/strong> Con lesiones leves en una de sus manos y antebrazo result\u00f3 un funcionario de Carabineros que fue atacado a mordiscos por un delincuente al cual pretend\u00eda arrestar tras haber amenazado de muerte a la due\u00f1a de una verduler\u00eda.<br \/>\nEl hecho se produjo la tarde del domingo en el sector de avenida Argentina, cuando el sujeto identificado como Alexis Andr\u00e9s Aravena P\u00e9rez (27), alias \u2018El Gamba\u2019, ingres\u00f3 a un puesto de venta de frutas y verduras del sector, trab\u00e1ndose en una discusi\u00f3n con la due\u00f1a.<br \/>\nEl antisocial comenz\u00f3 a amenazar de muerte a la propietaria, ante lo cual la mujer temerosa de sufrir alg\u00fan tipo de agresi\u00f3n f\u00edsica llam\u00f3 a Carabineros.<br \/>\nEl personal policial acudi\u00f3 en forma inmediata hasta el local y cuando proced\u00edan a detener al sujeto, \u00e9ste se abalanz\u00f3 sobre uno de los Carabineros y comenz\u00f3 darle dentelladas, lesion\u00e1ndolo en su mano y brazo de derecho.<br \/>\nFinalmente el sujeto fue reducido y conducido hasta la Comisar\u00eda en donde esper\u00f3 la decisi\u00f3n del fiscal de turno que determin\u00f3 que pasara a control de detenci\u00f3n por los delitos de amenazas y lesiones a un funcionario de Carabineros.<br \/>\nUna vez puesto a disposici\u00f3n del Tribunal de Garant\u00eda fue requerido en procedimiento simplificado por estos hechos, arriesgando una pena de 61 d\u00edas de presidio por cada uno de estos il\u00edcitos.<br \/>\nCabe consignar que \u2018el Gamba\u2019 se encuentra ya formalizado por el delito de homicidio simple en calidad de frustrado por un hecho cometido en febrero de este a\u00f1o.<br \/>\nEn esa ocasi\u00f3n \u2018El Gamba\u2019 junto otro sujeto apodado, \u2018El Colo-Colo\u2019 acudieron hasta un inmueble ubicado en avenida Independencia en donde arrendaba una pieza la v\u00edctima, Cristi\u00e1n Serrano Sep\u00falveda (48).<br \/>\nLos tres estuvieron ingiriendo bebidas alcoh\u00f3licas toda la noche y ya en horas de la ma\u00f1ana bajo los efectos del licor comenzaron una discusi\u00f3n por antiguas rencillas, momento en el cual \u2018El Gamba\u2019 tom\u00f3 por los brazos a Serrano, situaci\u00f3n que aprovech\u00f3 \u2018El Colo-Colo\u2019 para extraer desde el bolsillo derecho de su pantal\u00f3n un cuchillo con el cual le asest\u00f3 varias estocadas en el t\u00f3rax, rostro y cabeza.<br \/>\nTras el ataque, \u2018el Gamba\u2019 y \u2018el Colo Colo\u2019 abandonaron el cit\u00e9, mientras otros residentes prestaron ayuda a la v\u00edctima y llamaron a Carabineros.<br \/>\nEl herido fue trasladado hasta el Servicio de Urgencia del Hospital San Juan de Dios en donde qued\u00f3 internado con diagn\u00f3stico grave debido a heridas tronco abdominales penetrantes y heridas cortantes en el p\u00e1rpado izquierdo y cuero cabelludo, mientras que los agresores fueron detenidos y formalizados, quedando ambos con la medida cautelar de arresto domiciliario nocturno.<\/p>\n","protected":false},"excerpt":{"rendered":"<p>Peligroso delincuente est\u00e1 acusado por homicidio frustrado. Agresi\u00f3n se produjo cuando lo iba a detener por amenazar de muerte a la due\u00f1a de una verduler\u00eda. LOS ANDES.- Con lesiones leves en una&#8230;<\/p>\n","protected":false},"author":482,"featured_media":58649,"comment_status":"open","ping_status":"open","sticky":false,"template":"","format":"standard","meta":{"advanced_seo_description":"","jetpack_seo_html_title":"","jetpack_seo_noindex":false,"_jetpack_memberships_contains_paid_content":false,"footnotes":""},"categories":[21],"tags":[],"class_list":["post-58648","post","type-post","status-publish","format-standard","has-post-thumbnail","hentry","category-policial"],"jetpack_featured_media_url":"https:\/\/i0.wp.com\/eltrabajo.cl\/portal\/wp-content\/uploads\/2015\/06\/gamba1.jpg?fit=530%2C349&ssl=1","jetpack_sharing_enabled":true,"jetpack_likes_enabled":true,"jetpack-related-posts":[],"_links":{"self":[{"href":"https:\/\/eltrabajo.cl\/portal\/wp-json\/wp\/v2\/posts\/58648","targetHints":{"allow":["GET"]}}],"collection":[{"href":"https:\/\/eltrabajo.cl\/portal\/wp-json\/wp\/v2\/posts"}],"about":[{"href":"https:\/\/eltrabajo.cl\/portal\/wp-json\/wp\/v2\/types\/post"}],"author":[{"embeddable":true,"href":"https:\/\/eltrabajo.cl\/portal\/wp-json\/wp\/v2\/users\/482"}],"replies":[{"embeddable":true,"href":"https:\/\/eltrabajo.cl\/portal\/wp-json\/wp\/v2\/comments?post=58648"}],"version-history":[{"count":0,"href":"https:\/\/eltrabajo.cl\/portal\/wp-json\/wp\/v2\/posts\/58648\/revisions"}],"wp:featuredmedia":[{"embeddable":true,"href":"https:\/\/eltrabajo.cl\/portal\/wp-json\/wp\/v2\/media\/58649"}],"wp:attachment":[{"href":"https:\/\/eltrabajo.cl\/portal\/wp-json\/wp\/v2\/media?parent=58648"}],"wp:term":[{"taxonomy":"category","embeddable":true,"href":"https:\/\/eltrabajo.cl\/portal\/wp-json\/wp\/v2\/categories?post=58648"},{"taxonomy":"post_tag","embeddable":true,"href":"https:\/\/eltrabajo.cl\/portal\/wp-json\/wp\/v2\/tags?post=58648"}],"curies":[{"name":"wp","href":"https:\/\/api.w.org\/{rel}","templated":true}]}}