{"id":58651,"date":"2015-06-03T09:36:40","date_gmt":"2015-06-03T12:36:40","guid":{"rendered":"http:\/\/www.eltrabajo.cl\/portal\/?p=58651"},"modified":"2015-06-03T11:22:30","modified_gmt":"2015-06-03T14:22:30","slug":"en-minutos-capturan-a-peligroso-antisocial-que-perpetro-robo-en-local-de-traslavina","status":"publish","type":"post","link":"https:\/\/eltrabajo.cl\/portal\/en-minutos-capturan-a-peligroso-antisocial-que-perpetro-robo-en-local-de-traslavina\/","title":{"rendered":"En minutos atrapan peligroso antisocial que perpetr\u00f3 robo en local de Traslavi\u00f1a"},"content":{"rendered":"<figure id=\"attachment_58652\" aria-describedby=\"caption-attachment-58652\" style=\"width: 300px\" class=\"wp-caption alignleft\"><a href=\"https:\/\/i0.wp.com\/www.eltrabajo.cl\/portal\/wp-content\/uploads\/2015\/06\/Detenido.jpg\"><img data-recalc-dims=\"1\" loading=\"lazy\" decoding=\"async\" class=\"wp-image-58652 size-medium\" src=\"https:\/\/i0.wp.com\/www.eltrabajo.cl\/portal\/wp-content\/uploads\/2015\/06\/Detenido-300x197.jpg?resize=300%2C197\" alt=\"El imputado, identificado como Jorge Fidel Morales Pino con un amplio prontuario delictivo, fue capturado por Carabineros la ma\u00f1ana de este lunes por el delito de robo que logr\u00f3 ser frustrado gracias al oportuno llamado de auxilio de la v\u00edctima.\" width=\"300\" height=\"197\" srcset=\"https:\/\/i0.wp.com\/eltrabajo.cl\/portal\/wp-content\/uploads\/2015\/06\/Detenido.jpg?resize=300%2C197&amp;ssl=1 300w, https:\/\/i0.wp.com\/eltrabajo.cl\/portal\/wp-content\/uploads\/2015\/06\/Detenido.jpg?resize=200%2C131&amp;ssl=1 200w, https:\/\/i0.wp.com\/eltrabajo.cl\/portal\/wp-content\/uploads\/2015\/06\/Detenido.jpg?resize=228%2C150&amp;ssl=1 228w, https:\/\/i0.wp.com\/eltrabajo.cl\/portal\/wp-content\/uploads\/2015\/06\/Detenido.jpg?resize=400%2C263&amp;ssl=1 400w, https:\/\/i0.wp.com\/eltrabajo.cl\/portal\/wp-content\/uploads\/2015\/06\/Detenido.jpg?w=530&amp;ssl=1 530w\" sizes=\"auto, (max-width: 300px) 100vw, 300px\" \/><\/a><figcaption id=\"caption-attachment-58652\" class=\"wp-caption-text\">El imputado, identificado como Jorge Fidel Morales Pino con un amplio prontuario delictivo, fue capturado por Carabineros la ma\u00f1ana de este lunes por el delito de robo que logr\u00f3 ser frustrado gracias al oportuno llamado de auxilio de la v\u00edctima.<\/figcaption><\/figure>\n<p>En horas de la ma\u00f1ana de este lunes, un peligroso antisocial fue reducido por la polic\u00eda uniformada tras robar diferentes especies desde un local comercial ubicado en calle Traslavi\u00f1a de San Felipe, el que tras cometer el delito, huy\u00f3 hacia la alameda Chacabuco, pero fue capturado en calle Abraham Ahumada esquina Artem\u00f3n Cifuentes, luego de lo cual fue puesto a disposici\u00f3n del Ministerio P\u00fablico.<\/p>\n<p>Un peligroso antisocial fue capturado en horas de la ma\u00f1ana del lunes por Carabineros, luego de haber perpetrado el robo de algunas especies desde el interior de un local comercial ubicado en calle Traslavi\u00f1a, cuyos propietarios al requerir auxilio a los uniformados, lograron la aprehensi\u00f3n de este sujeto a tan s\u00f3lo metros del lugar.<br \/>\nLos hechos se habr\u00edan originado cuando el delincuente, identificado como Jorge Fidel Morales Pino, se encontraba en la v\u00eda p\u00fablica merodeando los autom\u00f3viles estacionados en calle Traslavi\u00f1a, cuando sorpresivamente ingres\u00f3 hasta un local comercial en donde sustrajo algunas especies y luego escap\u00f3 en direcci\u00f3n a la alameda Chacabuco.<br \/>\nEn esos instantes, la v\u00edctima de este robo tom\u00f3 su celular y dio cuenta del suceso a Carabineros entregando las descripciones f\u00edsicas y de vestimentas del sujeto. En un r\u00e1pido accionar, los efectivos policiales se trasladaron a distintas arterias cercanas al local afectado para capturar al antisocial.<br \/>\nA los pocos minutos, Morales Pino fue hallado en calle Abraham Ahumada esquina Artem\u00f3n Cifuentes, quien portaba las especies de propiedad de la v\u00edctima por lo cual fue detenido y trasladado hasta la unidad policial.<br \/>\nEl imputado, con antecedentes delictuales por robos, hurtos y porte de drogas, fue formalizado por la Fiscal\u00eda para iniciar una investigaci\u00f3n del caso.<br \/>\n<strong>Pablo Salinas Sald\u00edas<\/strong><\/p>\n","protected":false},"excerpt":{"rendered":"<p>En horas de la ma\u00f1ana de este lunes, un peligroso antisocial fue reducido por la polic\u00eda uniformada tras robar diferentes especies desde un local comercial ubicado en calle Traslavi\u00f1a de San Felipe,&#8230;<\/p>\n","protected":false},"author":482,"featured_media":58652,"comment_status":"open","ping_status":"open","sticky":false,"template":"","format":"standard","meta":{"advanced_seo_description":"","jetpack_seo_html_title":"","jetpack_seo_noindex":false,"_jetpack_memberships_contains_paid_content":false,"footnotes":""},"categories":[21],"tags":[],"class_list":["post-58651","post","type-post","status-publish","format-standard","has-post-thumbnail","hentry","category-policial"],"jetpack_featured_media_url":"https:\/\/i0.wp.com\/eltrabajo.cl\/portal\/wp-content\/uploads\/2015\/06\/Detenido.jpg?fit=530%2C348&ssl=1","jetpack_sharing_enabled":true,"jetpack_likes_enabled":true,"jetpack-related-posts":[],"_links":{"self":[{"href":"https:\/\/eltrabajo.cl\/portal\/wp-json\/wp\/v2\/posts\/58651","targetHints":{"allow":["GET"]}}],"collection":[{"href":"https:\/\/eltrabajo.cl\/portal\/wp-json\/wp\/v2\/posts"}],"about":[{"href":"https:\/\/eltrabajo.cl\/portal\/wp-json\/wp\/v2\/types\/post"}],"author":[{"embeddable":true,"href":"https:\/\/eltrabajo.cl\/portal\/wp-json\/wp\/v2\/users\/482"}],"replies":[{"embeddable":true,"href":"https:\/\/eltrabajo.cl\/portal\/wp-json\/wp\/v2\/comments?post=58651"}],"version-history":[{"count":0,"href":"https:\/\/eltrabajo.cl\/portal\/wp-json\/wp\/v2\/posts\/58651\/revisions"}],"wp:featuredmedia":[{"embeddable":true,"href":"https:\/\/eltrabajo.cl\/portal\/wp-json\/wp\/v2\/media\/58652"}],"wp:attachment":[{"href":"https:\/\/eltrabajo.cl\/portal\/wp-json\/wp\/v2\/media?parent=58651"}],"wp:term":[{"taxonomy":"category","embeddable":true,"href":"https:\/\/eltrabajo.cl\/portal\/wp-json\/wp\/v2\/categories?post=58651"},{"taxonomy":"post_tag","embeddable":true,"href":"https:\/\/eltrabajo.cl\/portal\/wp-json\/wp\/v2\/tags?post=58651"}],"curies":[{"name":"wp","href":"https:\/\/api.w.org\/{rel}","templated":true}]}}