{"id":58654,"date":"2015-06-03T09:40:11","date_gmt":"2015-06-03T12:40:11","guid":{"rendered":"http:\/\/www.eltrabajo.cl\/portal\/?p=58654"},"modified":"2015-06-03T11:54:19","modified_gmt":"2015-06-03T14:54:19","slug":"casi-500-profesores-protestaron-ayer-en-la-plaza-de-armas","status":"publish","type":"post","link":"https:\/\/eltrabajo.cl\/portal\/casi-500-profesores-protestaron-ayer-en-la-plaza-de-armas\/","title":{"rendered":"Casi 500 profesores de toda la provincia protestaron ayer en la Plaza de Armas"},"content":{"rendered":"<figure id=\"attachment_58655\" aria-describedby=\"caption-attachment-58655\" style=\"width: 300px\" class=\"wp-caption alignleft\"><a href=\"https:\/\/i0.wp.com\/www.eltrabajo.cl\/portal\/wp-content\/uploads\/2015\/06\/Paro1.jpg\"><img data-recalc-dims=\"1\" loading=\"lazy\" decoding=\"async\" class=\"wp-image-58655 size-medium\" src=\"https:\/\/i0.wp.com\/www.eltrabajo.cl\/portal\/wp-content\/uploads\/2015\/06\/Paro1-300x198.jpg?resize=300%2C198\" alt=\"EN PARO.- Unos 480 profesores se dieron cita en la Plaza de Armas ayer martes. Este movimiento es indefinido y ser\u00e1 revisado cuando la protesta cumpla cinco d\u00edas, o sea, este viernes.\" width=\"300\" height=\"198\" srcset=\"https:\/\/i0.wp.com\/eltrabajo.cl\/portal\/wp-content\/uploads\/2015\/06\/Paro1.jpg?resize=300%2C198&amp;ssl=1 300w, https:\/\/i0.wp.com\/eltrabajo.cl\/portal\/wp-content\/uploads\/2015\/06\/Paro1.jpg?resize=200%2C132&amp;ssl=1 200w, https:\/\/i0.wp.com\/eltrabajo.cl\/portal\/wp-content\/uploads\/2015\/06\/Paro1.jpg?resize=227%2C150&amp;ssl=1 227w, https:\/\/i0.wp.com\/eltrabajo.cl\/portal\/wp-content\/uploads\/2015\/06\/Paro1.jpg?resize=400%2C264&amp;ssl=1 400w, https:\/\/i0.wp.com\/eltrabajo.cl\/portal\/wp-content\/uploads\/2015\/06\/Paro1.jpg?w=530&amp;ssl=1 530w\" sizes=\"auto, (max-width: 300px) 100vw, 300px\" \/><\/a><figcaption id=\"caption-attachment-58655\" class=\"wp-caption-text\">EN PARO.- Unos 480 profesores se dieron cita en la Plaza de Armas ayer martes. Este movimiento es indefinido y ser\u00e1 revisado cuando la protesta cumpla cinco d\u00edas, o sea, este viernes.<\/figcaption><\/figure>\n<p>La espiral que se gesta en torno al mundo de la educaci\u00f3n a nivel nacional en el actual paro de profesores, expuso este martes su m\u00e1xima fuerza a nivel provincial en nuestra Plaza de Armas, pues al menos unas 480 personas se pronunciaron con pancartas y consignas en apoyo a su movimiento.<br \/>\nHubo profesores disfrazados; otros bailaban y algunos gritaban por los parlantes. Este movimiento no gener\u00f3 episodios de violencia ni de conflictos con las personas que pasaban por el lugar. Diario El Trabajo habl\u00f3 un momento con Sonia Fern\u00e1ndez Ibaceta, presidenta provincial del Colegio de Profesores de San Felipe.<br \/>\n<strong>&#8211; \u00bfCu\u00e1l es el panorama de este paro hasta el momento?<\/strong><br \/>\n<strong>&#8211;<\/strong> Estamos frente a un paro indefinido y lo vamos a evaluar en los primeros cincos d\u00edas en asamblea nacional, estamos muy optimistas como dirigentes comunales, pues esta es una de las convocatorias m\u00e1s masivas en los \u00faltimos cuatro a\u00f1os, de las 24 escuelas de la provincia, s\u00f3lo cuatro no se han adherido al paro.<br \/>\n<strong>&#8211; \u00bfQu\u00e9 es lo que est\u00e1n ustedes demandando?<\/strong><br \/>\n<strong>&#8211;<\/strong> Nosotros lo que estamos pidiendo en este momento, es que el proyecto de ley de carrera profesional presentado por el Ejecutivo, sea retirado o modificado de acuerdo a las demandas que hist\u00f3ricamente ha tenido el Colegio de Profesores desde 1997.<br \/>\n<strong>&#8211; \u00bfCu\u00e1l es la demanda m\u00e1s importante de todas?<\/strong><br \/>\n<strong>&#8211;<\/strong> La m\u00e1s importante de estas demandas, es la que plantea que los profesores tienen que entrar a concurso una vez que se titulan para poder ocupar un cargo docente, y eso no se est\u00e1 dando.<br \/>\n<strong>&#8211; \u00bfQu\u00e9 cantidad de profesores est\u00e1n en paro en el Valle de Aconcagua?<\/strong><br \/>\n<strong>&#8211;<\/strong> En Aconcagua son aproximadamente unos 600 profesores los que hay, de los cuales unos 500 s\u00ed est\u00e1n alineados con este paro, aunque no est\u00e9n hoy aqu\u00ed. En algunas escuelas el paro es al 100%, en otras el paro es parcial.<br \/>\n<strong>Roberto Gonz\u00e1lez Short<\/strong><br \/>\nrgonzalez@eltrabajo.cl<\/p>\n<div class=\"tiled-gallery type-rectangular tiled-gallery-unresized\" data-original-width=\"640\" data-carousel-extra='null' itemscope itemtype=\"http:\/\/schema.org\/ImageGallery\" > <div class=\"gallery-row\" style=\"width: 640px; height: 212px;\" data-original-width=\"640\" data-original-height=\"212\" > <div class=\"gallery-group images-1\" style=\"width: 321px; height: 212px;\" data-original-width=\"321\" data-original-height=\"212\" > <div class=\"tiled-gallery-item tiled-gallery-item-large\" itemprop=\"associatedMedia\" itemscope itemtype=\"http:\/\/schema.org\/ImageObject\"> <a href=\"https:\/\/eltrabajo.cl\/portal\/casi-500-profesores-protestaron-ayer-en-la-plaza-de-armas\/paro3\/\" border=\"0\" itemprop=\"url\"> <meta itemprop=\"width\" content=\"317\"> <meta itemprop=\"height\" content=\"208\"> <img decoding=\"async\" class=\"\" data-attachment-id=\"58657\" data-orig-file=\"https:\/\/eltrabajo.cl\/portal\/wp-content\/uploads\/2015\/06\/Paro3.jpg\" data-orig-size=\"530,348\" data-comments-opened=\"1\" data-image-meta=\"{&quot;aperture&quot;:&quot;0&quot;,&quot;credit&quot;:&quot;&quot;,&quot;camera&quot;:&quot;&quot;,&quot;caption&quot;:&quot;&quot;,&quot;created_timestamp&quot;:&quot;0&quot;,&quot;copyright&quot;:&quot;&quot;,&quot;focal_length&quot;:&quot;0&quot;,&quot;iso&quot;:&quot;0&quot;,&quot;shutter_speed&quot;:&quot;0&quot;,&quot;title&quot;:&quot;&quot;,&quot;orientation&quot;:&quot;0&quot;}\" data-image-title=\"Paro3\" data-image-description=\"&lt;p&gt;FUERTE APOYO.- En Aconcagua son aproximadamente unos 600 profesores los que hay, de los cuales unos 500 s\u00ed est\u00e1n alineados con este paro.&lt;\/p&gt; \" data-medium-file=\"https:\/\/i0.wp.com\/eltrabajo.cl\/portal\/wp-content\/uploads\/2015\/06\/Paro3.jpg?fit=300%2C197&#038;ssl=1\" data-large-file=\"https:\/\/i0.wp.com\/eltrabajo.cl\/portal\/wp-content\/uploads\/2015\/06\/Paro3.jpg?fit=530%2C348&#038;ssl=1\" src=\"https:\/\/i0.wp.com\/eltrabajo.cl\/portal\/wp-content\/uploads\/2015\/06\/Paro3.jpg?w=317&#038;h=208&#038;ssl=1\" srcset=\"https:\/\/i0.wp.com\/eltrabajo.cl\/portal\/wp-content\/uploads\/2015\/06\/Paro3.jpg?w=530&amp;ssl=1 530w, https:\/\/i0.wp.com\/eltrabajo.cl\/portal\/wp-content\/uploads\/2015\/06\/Paro3.jpg?resize=200%2C131&amp;ssl=1 200w, https:\/\/i0.wp.com\/eltrabajo.cl\/portal\/wp-content\/uploads\/2015\/06\/Paro3.jpg?resize=300%2C197&amp;ssl=1 300w, https:\/\/i0.wp.com\/eltrabajo.cl\/portal\/wp-content\/uploads\/2015\/06\/Paro3.jpg?resize=228%2C150&amp;ssl=1 228w, https:\/\/i0.wp.com\/eltrabajo.cl\/portal\/wp-content\/uploads\/2015\/06\/Paro3.jpg?resize=400%2C263&amp;ssl=1 400w\" width=\"317\" height=\"208\" loading=\"lazy\" data-original-width=\"317\" data-original-height=\"208\" itemprop=\"http:\/\/schema.org\/image\" title=\"Paro3\" alt=\"FUERTE APOYO.- En Aconcagua son aproximadamente unos 600 profesores los que hay, de los cuales unos 500 s\u00ed est\u00e1n alineados con este paro.\" style=\"width: 317px; height: 208px;\" \/> <\/a> <div class=\"tiled-gallery-caption\" itemprop=\"caption description\"> FUERTE APOYO.- En Aconcagua son aproximadamente unos 600 profesores los que hay, de los cuales unos 500 s\u00ed est\u00e1n alineados con este paro. <\/div> <\/div> <\/div> <!-- close group --> <div class=\"gallery-group images-1\" style=\"width: 319px; height: 212px;\" data-original-width=\"319\" data-original-height=\"212\" > <div class=\"tiled-gallery-item tiled-gallery-item-large\" itemprop=\"associatedMedia\" itemscope itemtype=\"http:\/\/schema.org\/ImageObject\"> <a href=\"https:\/\/eltrabajo.cl\/portal\/casi-500-profesores-protestaron-ayer-en-la-plaza-de-armas\/paro2\/\" border=\"0\" itemprop=\"url\"> <meta itemprop=\"width\" content=\"315\"> <meta itemprop=\"height\" content=\"208\"> <img decoding=\"async\" class=\"\" data-attachment-id=\"58656\" data-orig-file=\"https:\/\/eltrabajo.cl\/portal\/wp-content\/uploads\/2015\/06\/Paro2.jpg\" data-orig-size=\"530,350\" data-comments-opened=\"1\" data-image-meta=\"{&quot;aperture&quot;:&quot;0&quot;,&quot;credit&quot;:&quot;&quot;,&quot;camera&quot;:&quot;&quot;,&quot;caption&quot;:&quot;&quot;,&quot;created_timestamp&quot;:&quot;0&quot;,&quot;copyright&quot;:&quot;&quot;,&quot;focal_length&quot;:&quot;0&quot;,&quot;iso&quot;:&quot;0&quot;,&quot;shutter_speed&quot;:&quot;0&quot;,&quot;title&quot;:&quot;&quot;,&quot;orientation&quot;:&quot;0&quot;}\" data-image-title=\"Paro2\" data-image-description=\"&lt;p&gt;SIN VIOLENCIA.- Hubo profesores disfrazados; otros bailaban y algunos gritaban por los parlantes. Este movimiento no gener\u00f3 episodios de violencia ni de conflictos con las personas que pasaban por el lugar.&lt;\/p&gt; \" data-medium-file=\"https:\/\/i0.wp.com\/eltrabajo.cl\/portal\/wp-content\/uploads\/2015\/06\/Paro2.jpg?fit=300%2C198&#038;ssl=1\" data-large-file=\"https:\/\/i0.wp.com\/eltrabajo.cl\/portal\/wp-content\/uploads\/2015\/06\/Paro2.jpg?fit=530%2C350&#038;ssl=1\" src=\"https:\/\/i0.wp.com\/eltrabajo.cl\/portal\/wp-content\/uploads\/2015\/06\/Paro2.jpg?w=315&#038;h=208&#038;ssl=1\" srcset=\"https:\/\/i0.wp.com\/eltrabajo.cl\/portal\/wp-content\/uploads\/2015\/06\/Paro2.jpg?w=530&amp;ssl=1 530w, https:\/\/i0.wp.com\/eltrabajo.cl\/portal\/wp-content\/uploads\/2015\/06\/Paro2.jpg?resize=200%2C132&amp;ssl=1 200w, https:\/\/i0.wp.com\/eltrabajo.cl\/portal\/wp-content\/uploads\/2015\/06\/Paro2.jpg?resize=300%2C198&amp;ssl=1 300w, https:\/\/i0.wp.com\/eltrabajo.cl\/portal\/wp-content\/uploads\/2015\/06\/Paro2.jpg?resize=227%2C150&amp;ssl=1 227w, https:\/\/i0.wp.com\/eltrabajo.cl\/portal\/wp-content\/uploads\/2015\/06\/Paro2.jpg?resize=400%2C264&amp;ssl=1 400w\" width=\"315\" height=\"208\" loading=\"lazy\" data-original-width=\"315\" data-original-height=\"208\" itemprop=\"http:\/\/schema.org\/image\" title=\"Paro2\" alt=\"SIN VIOLENCIA.- Hubo profesores disfrazados; otros bailaban y algunos gritaban por los parlantes. Este movimiento no gener\u00f3 episodios de violencia ni de conflictos con las personas que pasaban por el lugar.\" style=\"width: 315px; height: 208px;\" \/> <\/a> <div class=\"tiled-gallery-caption\" itemprop=\"caption description\"> SIN VIOLENCIA.- Hubo profesores disfrazados; otros bailaban y algunos gritaban por los parlantes. Este movimiento no gener\u00f3 episodios de violencia ni de conflictos con las personas que pasaban por el lugar. <\/div> <\/div> <\/div> <!-- close group --> <\/div> <!-- close row --> <\/div>\n","protected":false},"excerpt":{"rendered":"<p>La espiral que se gesta en torno al mundo de la educaci\u00f3n a nivel nacional en el actual paro de profesores, expuso este martes su m\u00e1xima fuerza a nivel provincial en nuestra&#8230;<\/p>\n","protected":false},"author":482,"featured_media":58655,"comment_status":"open","ping_status":"open","sticky":false,"template":"","format":"standard","meta":{"advanced_seo_description":"","jetpack_seo_html_title":"","jetpack_seo_noindex":false,"_jetpack_memberships_contains_paid_content":false,"footnotes":""},"categories":[15],"tags":[],"class_list":["post-58654","post","type-post","status-publish","format-standard","has-post-thumbnail","hentry","category-comunidad"],"jetpack_featured_media_url":"https:\/\/i0.wp.com\/eltrabajo.cl\/portal\/wp-content\/uploads\/2015\/06\/Paro1.jpg?fit=530%2C350&ssl=1","jetpack_sharing_enabled":true,"jetpack_likes_enabled":true,"jetpack-related-posts":[],"_links":{"self":[{"href":"https:\/\/eltrabajo.cl\/portal\/wp-json\/wp\/v2\/posts\/58654","targetHints":{"allow":["GET"]}}],"collection":[{"href":"https:\/\/eltrabajo.cl\/portal\/wp-json\/wp\/v2\/posts"}],"about":[{"href":"https:\/\/eltrabajo.cl\/portal\/wp-json\/wp\/v2\/types\/post"}],"author":[{"embeddable":true,"href":"https:\/\/eltrabajo.cl\/portal\/wp-json\/wp\/v2\/users\/482"}],"replies":[{"embeddable":true,"href":"https:\/\/eltrabajo.cl\/portal\/wp-json\/wp\/v2\/comments?post=58654"}],"version-history":[{"count":0,"href":"https:\/\/eltrabajo.cl\/portal\/wp-json\/wp\/v2\/posts\/58654\/revisions"}],"wp:featuredmedia":[{"embeddable":true,"href":"https:\/\/eltrabajo.cl\/portal\/wp-json\/wp\/v2\/media\/58655"}],"wp:attachment":[{"href":"https:\/\/eltrabajo.cl\/portal\/wp-json\/wp\/v2\/media?parent=58654"}],"wp:term":[{"taxonomy":"category","embeddable":true,"href":"https:\/\/eltrabajo.cl\/portal\/wp-json\/wp\/v2\/categories?post=58654"},{"taxonomy":"post_tag","embeddable":true,"href":"https:\/\/eltrabajo.cl\/portal\/wp-json\/wp\/v2\/tags?post=58654"}],"curies":[{"name":"wp","href":"https:\/\/api.w.org\/{rel}","templated":true}]}}