{"id":58684,"date":"2015-06-04T09:39:34","date_gmt":"2015-06-04T12:39:34","guid":{"rendered":"http:\/\/www.eltrabajo.cl\/portal\/?p=58684"},"modified":"2015-06-04T09:39:34","modified_gmt":"2015-06-04T12:39:34","slug":"este-mes-entregaran-totalmente-nueva-la-calle-chercan-tapia","status":"publish","type":"post","link":"https:\/\/eltrabajo.cl\/portal\/este-mes-entregaran-totalmente-nueva-la-calle-chercan-tapia\/","title":{"rendered":"Este mes entregar\u00e1n totalmente nueva la calle Cherc\u00e1n Tapia"},"content":{"rendered":"<figure id=\"attachment_58685\" aria-describedby=\"caption-attachment-58685\" style=\"width: 300px\" class=\"wp-caption alignleft\"><a href=\"https:\/\/i0.wp.com\/www.eltrabajo.cl\/portal\/wp-content\/uploads\/2015\/06\/Obreros1.jpg\"><img data-recalc-dims=\"1\" loading=\"lazy\" decoding=\"async\" class=\"wp-image-58685 size-medium\" src=\"https:\/\/i0.wp.com\/www.eltrabajo.cl\/portal\/wp-content\/uploads\/2015\/06\/Obreros1-300x198.jpg?resize=300%2C198\" alt=\"FALTA POCO.- Los obreros de Tricam ya est\u00e1n en los detalles finales de este importante trabajo, mismos que ser\u00e1n entregados al Municipio a fines de este mes.\" width=\"300\" height=\"198\" srcset=\"https:\/\/i0.wp.com\/eltrabajo.cl\/portal\/wp-content\/uploads\/2015\/06\/Obreros1.jpg?resize=300%2C198&amp;ssl=1 300w, https:\/\/i0.wp.com\/eltrabajo.cl\/portal\/wp-content\/uploads\/2015\/06\/Obreros1.jpg?resize=200%2C132&amp;ssl=1 200w, https:\/\/i0.wp.com\/eltrabajo.cl\/portal\/wp-content\/uploads\/2015\/06\/Obreros1.jpg?resize=227%2C150&amp;ssl=1 227w, https:\/\/i0.wp.com\/eltrabajo.cl\/portal\/wp-content\/uploads\/2015\/06\/Obreros1.jpg?resize=400%2C264&amp;ssl=1 400w, https:\/\/i0.wp.com\/eltrabajo.cl\/portal\/wp-content\/uploads\/2015\/06\/Obreros1.jpg?w=530&amp;ssl=1 530w\" sizes=\"auto, (max-width: 300px) 100vw, 300px\" \/><\/a><figcaption id=\"caption-attachment-58685\" class=\"wp-caption-text\">FALTA POCO.- Los obreros de Tricam ya est\u00e1n en los detalles finales de este importante trabajo, mismos que ser\u00e1n entregados al Municipio a fines de este mes.<\/figcaption><\/figure>\n<p>Muy buenas noticias son las que este mi\u00e9rcoles entreg\u00f3 a nuestro medio el Ingeniero Constructor Cristian P\u00e9rez, administrador del contrato de las obras de reconstrucci\u00f3n de calle Cherc\u00e1n Tapia, pues pese a que en el mismo convenio se estableci\u00f3 que las obras estar\u00edan siendo entregadas en septiembre de este a\u00f1o, \u00e9l anunci\u00f3 que se adelantaron tres meses, y se dar\u00e1n por terminadas este mismo mes de junio.<\/p>\n<p><strong>LOS DETALLES<\/strong><br \/>\n\u00abEstas obras las recibimos el 22 de diciembre de 2014 y se estableci\u00f3 en esa fecha, que lo estar\u00edamos entregando en septiembre pr\u00f3ximo, sin embargo logramos cumplir sin retrasos todas las etapas del trabajo, por lo que economizamos tres meses de tiempo\u00bb, explic\u00f3 P\u00e9rez a Diario El Trabajo.<br \/>\nSe trata de unos 150 obreros, quienes han laborado de lunes a s\u00e1bado de las 08:00 a las 18:30 horas.<br \/>\n\u00abEl monto de este contrato es de 1.698 millones de pesos, son 750 metros lineales y este tramo lleva un binder de 8 cent\u00edmetros y 7 cent\u00edmetros de asfalto, la calle est\u00e1 hecha a doble calzada y con aceras, tambi\u00e9n cuenta con una ciclov\u00eda\u00bb, agreg\u00f3 Cristian P\u00e9rez a Diario El Trabajo.<br \/>\nSeg\u00fan lo explicado por P\u00e9rez, \u00aba fin de mes estaremos entregando estas obras al Municipio, s\u00f3lo nos faltan colocar 22 luminarias; demarcar la calle; terminar los cuellos de calle; reinstalar el sem\u00e1foro en Tocornal e instalar las tachas reflectantes\u00bb, dijo finalmente el Ingeniero en Construcci\u00f3n al frente del proyecto ejecutado por Constructora Tricam de Santiago.<br \/>\n<strong>Roberto Gonz\u00e1lez Short<\/strong><br \/>\nrgonzalez@eltrabajo.cl<\/p>\n<div class=\"tiled-gallery type-rectangular tiled-gallery-unresized\" data-original-width=\"640\" data-carousel-extra='null' itemscope itemtype=\"http:\/\/schema.org\/ImageGallery\" > <div class=\"gallery-row\" style=\"width: 640px; height: 122px;\" data-original-width=\"640\" data-original-height=\"122\" > <div class=\"gallery-group images-1\" style=\"width: 182px; height: 122px;\" data-original-width=\"182\" data-original-height=\"122\" > <div class=\"tiled-gallery-item tiled-gallery-item-small\" itemprop=\"associatedMedia\" itemscope itemtype=\"http:\/\/schema.org\/ImageObject\"> <a href=\"https:\/\/eltrabajo.cl\/portal\/este-mes-entregaran-totalmente-nueva-la-calle-chercan-tapia\/obreros2\/\" border=\"0\" itemprop=\"url\"> <meta itemprop=\"width\" content=\"178\"> <meta itemprop=\"height\" content=\"118\"> <img decoding=\"async\" class=\"\" data-attachment-id=\"58688\" data-orig-file=\"https:\/\/eltrabajo.cl\/portal\/wp-content\/uploads\/2015\/06\/Obreros2.jpg\" data-orig-size=\"530,350\" data-comments-opened=\"1\" data-image-meta=\"{&quot;aperture&quot;:&quot;0&quot;,&quot;credit&quot;:&quot;&quot;,&quot;camera&quot;:&quot;&quot;,&quot;caption&quot;:&quot;&quot;,&quot;created_timestamp&quot;:&quot;0&quot;,&quot;copyright&quot;:&quot;&quot;,&quot;focal_length&quot;:&quot;0&quot;,&quot;iso&quot;:&quot;0&quot;,&quot;shutter_speed&quot;:&quot;0&quot;,&quot;title&quot;:&quot;&quot;,&quot;orientation&quot;:&quot;0&quot;}\" data-image-title=\"Obreros2\" data-image-description=\"&lt;p&gt;DETALLES FINALES.- Estos trabajadores instalaban ayer un peque\u00f1o muro de contenci\u00f3n en una de las antiguas entradas a Sodimac.&lt;\/p&gt; \" data-medium-file=\"https:\/\/i0.wp.com\/eltrabajo.cl\/portal\/wp-content\/uploads\/2015\/06\/Obreros2.jpg?fit=300%2C198&#038;ssl=1\" data-large-file=\"https:\/\/i0.wp.com\/eltrabajo.cl\/portal\/wp-content\/uploads\/2015\/06\/Obreros2.jpg?fit=530%2C350&#038;ssl=1\" src=\"https:\/\/i0.wp.com\/eltrabajo.cl\/portal\/wp-content\/uploads\/2015\/06\/Obreros2.jpg?w=178&#038;h=118&#038;ssl=1\" srcset=\"https:\/\/i0.wp.com\/eltrabajo.cl\/portal\/wp-content\/uploads\/2015\/06\/Obreros2.jpg?w=530&amp;ssl=1 530w, https:\/\/i0.wp.com\/eltrabajo.cl\/portal\/wp-content\/uploads\/2015\/06\/Obreros2.jpg?resize=200%2C132&amp;ssl=1 200w, https:\/\/i0.wp.com\/eltrabajo.cl\/portal\/wp-content\/uploads\/2015\/06\/Obreros2.jpg?resize=300%2C198&amp;ssl=1 300w, https:\/\/i0.wp.com\/eltrabajo.cl\/portal\/wp-content\/uploads\/2015\/06\/Obreros2.jpg?resize=227%2C150&amp;ssl=1 227w, https:\/\/i0.wp.com\/eltrabajo.cl\/portal\/wp-content\/uploads\/2015\/06\/Obreros2.jpg?resize=400%2C264&amp;ssl=1 400w\" width=\"178\" height=\"118\" loading=\"lazy\" data-original-width=\"178\" data-original-height=\"118\" itemprop=\"http:\/\/schema.org\/image\" title=\"Obreros2\" alt=\"DETALLES FINALES.- Estos trabajadores instalaban ayer un peque\u00f1o muro de contenci\u00f3n en una de las antiguas entradas a Sodimac.\" style=\"width: 178px; height: 118px;\" \/> <\/a> <div class=\"tiled-gallery-caption\" itemprop=\"caption description\"> DETALLES FINALES.- Estos trabajadores instalaban ayer un peque\u00f1o muro de contenci\u00f3n en una de las antiguas entradas a Sodimac. <\/div> <\/div> <\/div> <!-- close group --> <div class=\"gallery-group images-1\" style=\"width: 93px; height: 122px;\" data-original-width=\"93\" data-original-height=\"122\" > <div class=\"tiled-gallery-item tiled-gallery-item-small\" itemprop=\"associatedMedia\" itemscope itemtype=\"http:\/\/schema.org\/ImageObject\"> <a href=\"https:\/\/eltrabajo.cl\/portal\/este-mes-entregaran-totalmente-nueva-la-calle-chercan-tapia\/obrerossss-4\/\" border=\"0\" itemprop=\"url\"> <meta itemprop=\"width\" content=\"89\"> <meta itemprop=\"height\" content=\"118\"> <img decoding=\"async\" class=\"\" data-attachment-id=\"58689\" data-orig-file=\"https:\/\/eltrabajo.cl\/portal\/wp-content\/uploads\/2015\/06\/OBREROSSSS-4.jpg\" data-orig-size=\"529,696\" data-comments-opened=\"1\" data-image-meta=\"{&quot;aperture&quot;:&quot;0&quot;,&quot;credit&quot;:&quot;&quot;,&quot;camera&quot;:&quot;&quot;,&quot;caption&quot;:&quot;&quot;,&quot;created_timestamp&quot;:&quot;0&quot;,&quot;copyright&quot;:&quot;&quot;,&quot;focal_length&quot;:&quot;0&quot;,&quot;iso&quot;:&quot;0&quot;,&quot;shutter_speed&quot;:&quot;0&quot;,&quot;title&quot;:&quot;&quot;,&quot;orientation&quot;:&quot;0&quot;}\" data-image-title=\"OBREROSSSS 4\" data-image-description=\"&lt;p&gt;SEGURIDAD TAMBI\u00c9N.- Salvador Cisterna y Daniel Vargas de la empresa Tricam, terminaban ayer mi\u00e9rcoles con las c\u00e1maras de filtraci\u00f3n de agua en esta carretera.&lt;\/p&gt; \" data-medium-file=\"https:\/\/i0.wp.com\/eltrabajo.cl\/portal\/wp-content\/uploads\/2015\/06\/OBREROSSSS-4.jpg?fit=228%2C300&#038;ssl=1\" data-large-file=\"https:\/\/i0.wp.com\/eltrabajo.cl\/portal\/wp-content\/uploads\/2015\/06\/OBREROSSSS-4.jpg?fit=529%2C696&#038;ssl=1\" src=\"https:\/\/i0.wp.com\/eltrabajo.cl\/portal\/wp-content\/uploads\/2015\/06\/OBREROSSSS-4.jpg?w=89&#038;h=118&#038;ssl=1\" srcset=\"https:\/\/i0.wp.com\/eltrabajo.cl\/portal\/wp-content\/uploads\/2015\/06\/OBREROSSSS-4.jpg?w=529&amp;ssl=1 529w, https:\/\/i0.wp.com\/eltrabajo.cl\/portal\/wp-content\/uploads\/2015\/06\/OBREROSSSS-4.jpg?resize=114%2C150&amp;ssl=1 114w, https:\/\/i0.wp.com\/eltrabajo.cl\/portal\/wp-content\/uploads\/2015\/06\/OBREROSSSS-4.jpg?resize=228%2C300&amp;ssl=1 228w, https:\/\/i0.wp.com\/eltrabajo.cl\/portal\/wp-content\/uploads\/2015\/06\/OBREROSSSS-4.jpg?resize=400%2C526&amp;ssl=1 400w\" width=\"89\" height=\"118\" loading=\"lazy\" data-original-width=\"89\" data-original-height=\"118\" itemprop=\"http:\/\/schema.org\/image\" title=\"OBREROSSSS 4\" alt=\"SEGURIDAD TAMBI\u00c9N.- Salvador Cisterna y Daniel Vargas de la empresa Tricam, terminaban ayer mi\u00e9rcoles con las c\u00e1maras de filtraci\u00f3n de agua en esta carretera.\" style=\"width: 89px; height: 118px;\" \/> <\/a> <div class=\"tiled-gallery-caption\" itemprop=\"caption description\"> SEGURIDAD TAMBI\u00c9N.- Salvador Cisterna y Daniel Vargas de la empresa Tricam, terminaban ayer mi\u00e9rcoles con las c\u00e1maras de filtraci\u00f3n de agua en esta carretera. <\/div> <\/div> <\/div> <!-- close group --> <div class=\"gallery-group images-1\" style=\"width: 182px; height: 122px;\" data-original-width=\"182\" data-original-height=\"122\" > <div class=\"tiled-gallery-item tiled-gallery-item-small\" itemprop=\"associatedMedia\" itemscope itemtype=\"http:\/\/schema.org\/ImageObject\"> <a href=\"https:\/\/eltrabajo.cl\/portal\/este-mes-entregaran-totalmente-nueva-la-calle-chercan-tapia\/acera1\/\" border=\"0\" itemprop=\"url\"> <meta itemprop=\"width\" content=\"178\"> <meta itemprop=\"height\" content=\"118\"> <img decoding=\"async\" class=\"\" data-attachment-id=\"58686\" data-orig-file=\"https:\/\/eltrabajo.cl\/portal\/wp-content\/uploads\/2015\/06\/Acera1.jpg\" data-orig-size=\"530,350\" data-comments-opened=\"1\" data-image-meta=\"{&quot;aperture&quot;:&quot;0&quot;,&quot;credit&quot;:&quot;&quot;,&quot;camera&quot;:&quot;&quot;,&quot;caption&quot;:&quot;&quot;,&quot;created_timestamp&quot;:&quot;0&quot;,&quot;copyright&quot;:&quot;&quot;,&quot;focal_length&quot;:&quot;0&quot;,&quot;iso&quot;:&quot;0&quot;,&quot;shutter_speed&quot;:&quot;0&quot;,&quot;title&quot;:&quot;&quot;,&quot;orientation&quot;:&quot;0&quot;}\" data-image-title=\"Acera1\" data-image-description=\"&lt;p&gt;ACERAS NUEVAS.- Esta acera por ejemplo, pronto estar\u00e1 terminada y lista para que los peatones la puedan usar con tranquilidad y seguridad.&lt;\/p&gt; \" data-medium-file=\"https:\/\/i0.wp.com\/eltrabajo.cl\/portal\/wp-content\/uploads\/2015\/06\/Acera1.jpg?fit=300%2C198&#038;ssl=1\" data-large-file=\"https:\/\/i0.wp.com\/eltrabajo.cl\/portal\/wp-content\/uploads\/2015\/06\/Acera1.jpg?fit=530%2C350&#038;ssl=1\" src=\"https:\/\/i0.wp.com\/eltrabajo.cl\/portal\/wp-content\/uploads\/2015\/06\/Acera1.jpg?w=178&#038;h=118&#038;ssl=1\" srcset=\"https:\/\/i0.wp.com\/eltrabajo.cl\/portal\/wp-content\/uploads\/2015\/06\/Acera1.jpg?w=530&amp;ssl=1 530w, https:\/\/i0.wp.com\/eltrabajo.cl\/portal\/wp-content\/uploads\/2015\/06\/Acera1.jpg?resize=200%2C132&amp;ssl=1 200w, https:\/\/i0.wp.com\/eltrabajo.cl\/portal\/wp-content\/uploads\/2015\/06\/Acera1.jpg?resize=300%2C198&amp;ssl=1 300w, https:\/\/i0.wp.com\/eltrabajo.cl\/portal\/wp-content\/uploads\/2015\/06\/Acera1.jpg?resize=227%2C150&amp;ssl=1 227w, https:\/\/i0.wp.com\/eltrabajo.cl\/portal\/wp-content\/uploads\/2015\/06\/Acera1.jpg?resize=400%2C264&amp;ssl=1 400w\" width=\"178\" height=\"118\" loading=\"lazy\" data-original-width=\"178\" data-original-height=\"118\" itemprop=\"http:\/\/schema.org\/image\" title=\"Acera1\" alt=\"ACERAS NUEVAS.- Esta acera por ejemplo, pronto estar\u00e1 terminada y lista para que los peatones la puedan usar con tranquilidad y seguridad.\" style=\"width: 178px; height: 118px;\" \/> <\/a> <div class=\"tiled-gallery-caption\" itemprop=\"caption description\"> ACERAS NUEVAS.- Esta acera por ejemplo, pronto estar\u00e1 terminada y lista para que los peatones la puedan usar con tranquilidad y seguridad. <\/div> <\/div> <\/div> <!-- close group --> <div class=\"gallery-group images-1\" style=\"width: 183px; height: 122px;\" data-original-width=\"183\" data-original-height=\"122\" > <div class=\"tiled-gallery-item tiled-gallery-item-small\" itemprop=\"associatedMedia\" itemscope itemtype=\"http:\/\/schema.org\/ImageObject\"> <a href=\"https:\/\/eltrabajo.cl\/portal\/este-mes-entregaran-totalmente-nueva-la-calle-chercan-tapia\/cristian-perez\/\" border=\"0\" itemprop=\"url\"> <meta itemprop=\"width\" content=\"179\"> <meta itemprop=\"height\" content=\"118\"> <img decoding=\"async\" class=\"\" data-attachment-id=\"58687\" data-orig-file=\"https:\/\/eltrabajo.cl\/portal\/wp-content\/uploads\/2015\/06\/Cristian-Perez.jpg\" data-orig-size=\"530,349\" data-comments-opened=\"1\" data-image-meta=\"{&quot;aperture&quot;:&quot;0&quot;,&quot;credit&quot;:&quot;&quot;,&quot;camera&quot;:&quot;&quot;,&quot;caption&quot;:&quot;&quot;,&quot;created_timestamp&quot;:&quot;0&quot;,&quot;copyright&quot;:&quot;&quot;,&quot;focal_length&quot;:&quot;0&quot;,&quot;iso&quot;:&quot;0&quot;,&quot;shutter_speed&quot;:&quot;0&quot;,&quot;title&quot;:&quot;&quot;,&quot;orientation&quot;:&quot;0&quot;}\" data-image-title=\"Cristian Perez\" data-image-description=\"&lt;p&gt;Ingeniero Constructor Cristian P\u00e9rez, administrador del contrato de obras.&lt;\/p&gt; \" data-medium-file=\"https:\/\/i0.wp.com\/eltrabajo.cl\/portal\/wp-content\/uploads\/2015\/06\/Cristian-Perez.jpg?fit=300%2C198&#038;ssl=1\" data-large-file=\"https:\/\/i0.wp.com\/eltrabajo.cl\/portal\/wp-content\/uploads\/2015\/06\/Cristian-Perez.jpg?fit=530%2C349&#038;ssl=1\" src=\"https:\/\/i0.wp.com\/eltrabajo.cl\/portal\/wp-content\/uploads\/2015\/06\/Cristian-Perez.jpg?w=179&#038;h=118&#038;ssl=1\" srcset=\"https:\/\/i0.wp.com\/eltrabajo.cl\/portal\/wp-content\/uploads\/2015\/06\/Cristian-Perez.jpg?w=530&amp;ssl=1 530w, https:\/\/i0.wp.com\/eltrabajo.cl\/portal\/wp-content\/uploads\/2015\/06\/Cristian-Perez.jpg?resize=200%2C132&amp;ssl=1 200w, https:\/\/i0.wp.com\/eltrabajo.cl\/portal\/wp-content\/uploads\/2015\/06\/Cristian-Perez.jpg?resize=300%2C198&amp;ssl=1 300w, https:\/\/i0.wp.com\/eltrabajo.cl\/portal\/wp-content\/uploads\/2015\/06\/Cristian-Perez.jpg?resize=228%2C150&amp;ssl=1 228w, https:\/\/i0.wp.com\/eltrabajo.cl\/portal\/wp-content\/uploads\/2015\/06\/Cristian-Perez.jpg?resize=400%2C263&amp;ssl=1 400w\" width=\"179\" height=\"118\" loading=\"lazy\" data-original-width=\"179\" data-original-height=\"118\" itemprop=\"http:\/\/schema.org\/image\" title=\"Cristian Perez\" alt=\"Ingeniero Constructor Cristian P\u00e9rez, administrador del contrato de obras.\" style=\"width: 179px; height: 118px;\" \/> <\/a> <div class=\"tiled-gallery-caption\" itemprop=\"caption description\"> Ingeniero Constructor Cristian P\u00e9rez, administrador del contrato de obras. <\/div> <\/div> <\/div> <!-- close group --> <\/div> <!-- close row --> <\/div>\n","protected":false},"excerpt":{"rendered":"<p>Muy buenas noticias son las que este mi\u00e9rcoles entreg\u00f3 a nuestro medio el Ingeniero Constructor Cristian P\u00e9rez, administrador del contrato de las obras de reconstrucci\u00f3n de calle Cherc\u00e1n Tapia, pues pese a&#8230;<\/p>\n","protected":false},"author":482,"featured_media":58685,"comment_status":"open","ping_status":"open","sticky":false,"template":"","format":"standard","meta":{"advanced_seo_description":"","jetpack_seo_html_title":"","jetpack_seo_noindex":false,"_jetpack_memberships_contains_paid_content":false,"footnotes":""},"categories":[15],"tags":[],"class_list":["post-58684","post","type-post","status-publish","format-standard","has-post-thumbnail","hentry","category-comunidad"],"jetpack_featured_media_url":"https:\/\/i0.wp.com\/eltrabajo.cl\/portal\/wp-content\/uploads\/2015\/06\/Obreros1.jpg?fit=530%2C350&ssl=1","jetpack_sharing_enabled":true,"jetpack_likes_enabled":true,"jetpack-related-posts":[],"_links":{"self":[{"href":"https:\/\/eltrabajo.cl\/portal\/wp-json\/wp\/v2\/posts\/58684","targetHints":{"allow":["GET"]}}],"collection":[{"href":"https:\/\/eltrabajo.cl\/portal\/wp-json\/wp\/v2\/posts"}],"about":[{"href":"https:\/\/eltrabajo.cl\/portal\/wp-json\/wp\/v2\/types\/post"}],"author":[{"embeddable":true,"href":"https:\/\/eltrabajo.cl\/portal\/wp-json\/wp\/v2\/users\/482"}],"replies":[{"embeddable":true,"href":"https:\/\/eltrabajo.cl\/portal\/wp-json\/wp\/v2\/comments?post=58684"}],"version-history":[{"count":0,"href":"https:\/\/eltrabajo.cl\/portal\/wp-json\/wp\/v2\/posts\/58684\/revisions"}],"wp:featuredmedia":[{"embeddable":true,"href":"https:\/\/eltrabajo.cl\/portal\/wp-json\/wp\/v2\/media\/58685"}],"wp:attachment":[{"href":"https:\/\/eltrabajo.cl\/portal\/wp-json\/wp\/v2\/media?parent=58684"}],"wp:term":[{"taxonomy":"category","embeddable":true,"href":"https:\/\/eltrabajo.cl\/portal\/wp-json\/wp\/v2\/categories?post=58684"},{"taxonomy":"post_tag","embeddable":true,"href":"https:\/\/eltrabajo.cl\/portal\/wp-json\/wp\/v2\/tags?post=58684"}],"curies":[{"name":"wp","href":"https:\/\/api.w.org\/{rel}","templated":true}]}}