{"id":58703,"date":"2015-06-04T09:49:32","date_gmt":"2015-06-04T12:49:32","guid":{"rendered":"http:\/\/www.eltrabajo.cl\/portal\/?p=58703"},"modified":"2015-06-04T09:49:32","modified_gmt":"2015-06-04T12:49:32","slug":"indigente-podria-ser-condenado-a-cinco-anos-de-carcel-por-abusar-sexualmente-de-escolar","status":"publish","type":"post","link":"https:\/\/eltrabajo.cl\/portal\/indigente-podria-ser-condenado-a-cinco-anos-de-carcel-por-abusar-sexualmente-de-escolar\/","title":{"rendered":"Indigente podr\u00eda ser condenado a cinco a\u00f1os de c\u00e1rcel por abusar sexualmente de escolar"},"content":{"rendered":"<figure id=\"attachment_58704\" aria-describedby=\"caption-attachment-58704\" style=\"width: 300px\" class=\"wp-caption alignleft\"><a href=\"https:\/\/i0.wp.com\/www.eltrabajo.cl\/portal\/wp-content\/uploads\/2015\/06\/Condenado-abusador.jpg\"><img data-recalc-dims=\"1\" loading=\"lazy\" decoding=\"async\" class=\"wp-image-58704 size-medium\" src=\"https:\/\/i0.wp.com\/www.eltrabajo.cl\/portal\/wp-content\/uploads\/2015\/06\/Condenado-abusador-300x198.jpg?resize=300%2C198\" alt=\"Antonio Fernandini Rojas se mantiene actualmente en prisi\u00f3n preventiva desde que fue formalizado por el delito de abuso sexual a una menor de edad por el cual fue condenado por la justicia.\" width=\"300\" height=\"198\" srcset=\"https:\/\/i0.wp.com\/eltrabajo.cl\/portal\/wp-content\/uploads\/2015\/06\/Condenado-abusador.jpg?resize=300%2C198&amp;ssl=1 300w, https:\/\/i0.wp.com\/eltrabajo.cl\/portal\/wp-content\/uploads\/2015\/06\/Condenado-abusador.jpg?resize=200%2C132&amp;ssl=1 200w, https:\/\/i0.wp.com\/eltrabajo.cl\/portal\/wp-content\/uploads\/2015\/06\/Condenado-abusador.jpg?resize=227%2C150&amp;ssl=1 227w, https:\/\/i0.wp.com\/eltrabajo.cl\/portal\/wp-content\/uploads\/2015\/06\/Condenado-abusador.jpg?resize=400%2C264&amp;ssl=1 400w, https:\/\/i0.wp.com\/eltrabajo.cl\/portal\/wp-content\/uploads\/2015\/06\/Condenado-abusador.jpg?w=530&amp;ssl=1 530w\" sizes=\"auto, (max-width: 300px) 100vw, 300px\" \/><\/a><figcaption id=\"caption-attachment-58704\" class=\"wp-caption-text\">Antonio Fernandini Rojas se mantiene actualmente en prisi\u00f3n preventiva desde que fue formalizado por el delito de abuso sexual a una menor de edad por el cual fue condenado por la justicia.<\/figcaption><\/figure>\n<ul>\n<li><strong>Antonio Jes\u00fas Fernandini Rojas, de 50 a\u00f1os de edad, viv\u00eda en situaci\u00f3n de calle cuando abus\u00f3 sexualmente de una escolar de 16 a\u00f1os en la v\u00eda p\u00fablica. Por este delito investigado por la Fiscal\u00eda de San Felipe, fue llevado a juicio oral en donde el Tribunal lo consider\u00f3 culpable de los hechos, pudiendo ser condenado este viernes a una pena de cinco a\u00f1os de c\u00e1rcel<\/strong>.<\/li>\n<\/ul>\n<p>Un hombre en situaci\u00f3n de calle identificado como Antonio Jes\u00fas Fernandini Rojas, fue considerado culpable del delito de abuso sexual al atentar contra una escolar de 16 a\u00f1os, quien fue v\u00edctima de este sujeto, quien abus\u00f3 de ella bajo amenazas en un pasaje de calle Los Paltos en la comuna de San Felipe.<br \/>\nEl caso se remonta a la tarde noche del 03 de octubre del 2014, cuando seg\u00fan la informaci\u00f3n policial, la adolescente se encontraba en las afueras del Liceo Corina Urbina de San Felipe, a la espera de reunirse con su madre a quien hab\u00eda contactado telef\u00f3nicamente para establecer la ubicaci\u00f3n exacta del encuentro entre ambas.<br \/>\nLa v\u00edctima, mientras se encontraba en la v\u00eda p\u00fablica, sorpresivamente fue abordada por un desconocido quien habr\u00eda comenzado a dialogar con la menor para invitarla a salir, present\u00e1ndose como un admirador, conociendo todos los movimientos que realizaba a diario.<br \/>\nLa menor, al verse acosada, comenz\u00f3 a caminar en direcci\u00f3n a calle Los Paltos para lograr esquivar al sujeto, quien le realizaba insinuaba de connotaci\u00f3n sexual. Seg\u00fan los hechos descritos ante la polic\u00eda, el hombre, al verse ignorado por la muchacha, se abalanz\u00f3 sobre ella y la tom\u00f3 de un brazo para amenazarla con un fierro al cuello, y de esta forma la habr\u00eda obligado a movilizarse junto a \u00e9l hasta un pasaje en donde procedi\u00f3 a abusar sexualmente de ella.<br \/>\nMinutos m\u00e1s tarde la madre de la v\u00edctima, desesperada al buscar a su hija, observ\u00f3 los hechos y pidi\u00f3 auxilio a un transe\u00fante para increpar al abusador, quien huy\u00f3 en direcci\u00f3n desconocida mientras se requiri\u00f3 la presencia de Carabineros, quienes se constituyeron en el lugar para realizar patrullajes por el sector logrando capturar al indigente ya individualizado.<br \/>\nFernandini Rojas, indigente de 50 a\u00f1os de edad, posee condenas por robo por sorpresa, lesiones, hurto simple y robo en lugar habitado. Adem\u00e1s, mantiene causas vigentes ya formalizadas por lesiones menos graves por un hecho ocurrido en v\u00edsperas de las pasadas Fiestas Patrias, en donde se le acusa de haber golpeado en la cabeza con un fierro a otro indigente tras una ri\u00f1a motivada por el exceso de alcohol en una vivienda utilizada clandestinamente en calle San Mart\u00edn, que actualmente fue clausurada tras las denuncias de los vecinos.<br \/>\nAdem\u00e1s, se le atribuye participaci\u00f3n en el robo de diversas especies en Jard\u00edn Infantil El Peneca, de calle San Mart\u00edn en San Felipe, cuyo delito fue frustrado gracias a la intervenci\u00f3n de Carabineros, quienes lo sorprendieron al interior de manera flagrante, por lo cual fue detenido.<br \/>\nTras el veredicto condenatorio por los jueces del Tribunal, la Fiscal\u00eda persigue que el hoy condenado reciba una sentencia que alcance los cinco a\u00f1os de presidio de manera efectiva, decisi\u00f3n que ser\u00e1 dada a conocer este viernes en ese centro de justicia.<br \/>\n<strong>Pablo Salinas Sald\u00edas<\/strong><\/p>\n","protected":false},"excerpt":{"rendered":"<p>Antonio Jes\u00fas Fernandini Rojas, de 50 a\u00f1os de edad, viv\u00eda en situaci\u00f3n de calle cuando abus\u00f3 sexualmente de una escolar de 16 a\u00f1os en la v\u00eda p\u00fablica. Por este delito investigado por&#8230;<\/p>\n","protected":false},"author":482,"featured_media":58704,"comment_status":"open","ping_status":"open","sticky":false,"template":"","format":"standard","meta":{"advanced_seo_description":"","jetpack_seo_html_title":"","jetpack_seo_noindex":false,"_jetpack_memberships_contains_paid_content":false,"footnotes":""},"categories":[21],"tags":[],"class_list":["post-58703","post","type-post","status-publish","format-standard","has-post-thumbnail","hentry","category-policial"],"jetpack_featured_media_url":"https:\/\/i0.wp.com\/eltrabajo.cl\/portal\/wp-content\/uploads\/2015\/06\/Condenado-abusador.jpg?fit=530%2C350&ssl=1","jetpack_sharing_enabled":true,"jetpack_likes_enabled":true,"jetpack-related-posts":[],"_links":{"self":[{"href":"https:\/\/eltrabajo.cl\/portal\/wp-json\/wp\/v2\/posts\/58703","targetHints":{"allow":["GET"]}}],"collection":[{"href":"https:\/\/eltrabajo.cl\/portal\/wp-json\/wp\/v2\/posts"}],"about":[{"href":"https:\/\/eltrabajo.cl\/portal\/wp-json\/wp\/v2\/types\/post"}],"author":[{"embeddable":true,"href":"https:\/\/eltrabajo.cl\/portal\/wp-json\/wp\/v2\/users\/482"}],"replies":[{"embeddable":true,"href":"https:\/\/eltrabajo.cl\/portal\/wp-json\/wp\/v2\/comments?post=58703"}],"version-history":[{"count":0,"href":"https:\/\/eltrabajo.cl\/portal\/wp-json\/wp\/v2\/posts\/58703\/revisions"}],"wp:featuredmedia":[{"embeddable":true,"href":"https:\/\/eltrabajo.cl\/portal\/wp-json\/wp\/v2\/media\/58704"}],"wp:attachment":[{"href":"https:\/\/eltrabajo.cl\/portal\/wp-json\/wp\/v2\/media?parent=58703"}],"wp:term":[{"taxonomy":"category","embeddable":true,"href":"https:\/\/eltrabajo.cl\/portal\/wp-json\/wp\/v2\/categories?post=58703"},{"taxonomy":"post_tag","embeddable":true,"href":"https:\/\/eltrabajo.cl\/portal\/wp-json\/wp\/v2\/tags?post=58703"}],"curies":[{"name":"wp","href":"https:\/\/api.w.org\/{rel}","templated":true}]}}