{"id":58713,"date":"2015-06-05T09:24:16","date_gmt":"2015-06-05T12:24:16","guid":{"rendered":"http:\/\/www.eltrabajo.cl\/portal\/?p=58713"},"modified":"2015-06-05T09:24:16","modified_gmt":"2015-06-05T12:24:16","slug":"certifican-a-34-mujeres-que-realizaron-cursos-con-becas-laborales-sence","status":"publish","type":"post","link":"https:\/\/eltrabajo.cl\/portal\/certifican-a-34-mujeres-que-realizaron-cursos-con-becas-laborales-sence\/","title":{"rendered":"Certifican a 34 mujeres que realizaron cursos con becas laborales Sence"},"content":{"rendered":"<figure id=\"attachment_58714\" aria-describedby=\"caption-attachment-58714\" style=\"width: 300px\" class=\"wp-caption alignleft\"><a href=\"https:\/\/i0.wp.com\/www.eltrabajo.cl\/portal\/wp-content\/uploads\/2015\/06\/Curso-Sence-panquehue-1.jpg\"><img data-recalc-dims=\"1\" loading=\"lazy\" decoding=\"async\" class=\"wp-image-58714 size-medium\" src=\"https:\/\/i0.wp.com\/www.eltrabajo.cl\/portal\/wp-content\/uploads\/2015\/06\/Curso-Sence-panquehue-1-300x198.jpg?resize=300%2C198\" alt=\"Son 34 mujeres las que recibieron sus certificados que acreditan su participaci\u00f3n en los cursos de los oficios de Pasteler\u00eda y Auxiliar de Administraci\u00f3n.\" width=\"300\" height=\"198\" srcset=\"https:\/\/i0.wp.com\/eltrabajo.cl\/portal\/wp-content\/uploads\/2015\/06\/Curso-Sence-panquehue-1.jpg?resize=300%2C198&amp;ssl=1 300w, https:\/\/i0.wp.com\/eltrabajo.cl\/portal\/wp-content\/uploads\/2015\/06\/Curso-Sence-panquehue-1.jpg?resize=200%2C132&amp;ssl=1 200w, https:\/\/i0.wp.com\/eltrabajo.cl\/portal\/wp-content\/uploads\/2015\/06\/Curso-Sence-panquehue-1.jpg?resize=228%2C150&amp;ssl=1 228w, https:\/\/i0.wp.com\/eltrabajo.cl\/portal\/wp-content\/uploads\/2015\/06\/Curso-Sence-panquehue-1.jpg?resize=400%2C263&amp;ssl=1 400w, https:\/\/i0.wp.com\/eltrabajo.cl\/portal\/wp-content\/uploads\/2015\/06\/Curso-Sence-panquehue-1.jpg?w=530&amp;ssl=1 530w\" sizes=\"auto, (max-width: 300px) 100vw, 300px\" \/><\/a><figcaption id=\"caption-attachment-58714\" class=\"wp-caption-text\">Son 34 mujeres las que recibieron sus certificados que acreditan su participaci\u00f3n en los cursos de los oficios de Pasteler\u00eda y Auxiliar de Administraci\u00f3n.<\/figcaption><\/figure>\n<ul>\n<li><strong>Se trata del egreso de los cursos de formaci\u00f3n en los oficios de Pasteler\u00eda y Auxiliar de Administraci\u00f3n.<\/strong><\/li>\n<\/ul>\n<p><strong>PANQUEHUE.<\/strong>&#8211; \u201cEs una meta y un desaf\u00edo cumplido\u201d, ese fue el comentario generalizado de un grupo de 34 esforzadas mujeres al momento de recibir los certificados, que acreditan haber cumplido con los cursos de capacitaci\u00f3n en los oficios de Pasteler\u00eda y Auxiliar de Administraci\u00f3n.<br \/>\nLa entrega de los certificados, se realiz\u00f3 en la Biblioteca Municipal, donde los alumnos egresados de estos programas, reiteraron su agradecimiento por el apoyo brindado.<br \/>\nJulia C\u00e9sped, encargada de la Oficina de Municipal de Intermediaci\u00f3n Laboral (Omil), explic\u00f3 que la realizaci\u00f3n en la comuna de estas Becas Laborales por parte de Sence, han tenido un gran \u00e9xito.<br \/>\n\u201cEstos dos cursos comenzaron a ejecutar el pasado 05 de enero y desde un principio hubo de parte de las mujeres inscritas, un gran inter\u00e9s en participar.<br \/>\nPara acceder al este beneficio de las becas laborales, las mujeres debieron acreditar pertenecer a los tres quintiles m\u00e1s vulnerables de la ficha de protecci\u00f3n social.<br \/>\nAhora lo importante en la formaci\u00f3n de estos dos oficios, en el caso de pasteler\u00eda, es que las mujeres comiencen desde ahora hacer sus propios productos y generen un proceso de ingreso a trav\u00e9s de la venta. En el curso de Auxiliar de Administraci\u00f3n, sirve para que las mujeres aprendan a ordenar sus gastos, de acuerdo a las empresas que ellas tienen, por lo tanto, fue una inducci\u00f3n de mucha ayuda\u201d.<br \/>\nAgreg\u00f3 Julia Cesped que en el mes de octubre, a trav\u00e9s del programa Franquicia Tributaria podr\u00eda haber nuevos cursos, sin embargo en los pr\u00f3ximos d\u00edas comenzar\u00e1 uno llamado fabricaci\u00f3n de muebles de madera, a trav\u00e9s del programa Mas Capaz de Sence.<\/p>\n","protected":false},"excerpt":{"rendered":"<p>Se trata del egreso de los cursos de formaci\u00f3n en los oficios de Pasteler\u00eda y Auxiliar de Administraci\u00f3n. PANQUEHUE.&#8211; \u201cEs una meta y un desaf\u00edo cumplido\u201d, ese fue el comentario generalizado de&#8230;<\/p>\n","protected":false},"author":482,"featured_media":58714,"comment_status":"open","ping_status":"open","sticky":false,"template":"","format":"standard","meta":{"advanced_seo_description":"","jetpack_seo_html_title":"","jetpack_seo_noindex":false,"_jetpack_memberships_contains_paid_content":false,"footnotes":""},"categories":[15],"tags":[],"class_list":["post-58713","post","type-post","status-publish","format-standard","has-post-thumbnail","hentry","category-comunidad"],"jetpack_featured_media_url":"https:\/\/i0.wp.com\/eltrabajo.cl\/portal\/wp-content\/uploads\/2015\/06\/Curso-Sence-panquehue-1.jpg?fit=530%2C349&ssl=1","jetpack_sharing_enabled":true,"jetpack_likes_enabled":true,"jetpack-related-posts":[],"_links":{"self":[{"href":"https:\/\/eltrabajo.cl\/portal\/wp-json\/wp\/v2\/posts\/58713","targetHints":{"allow":["GET"]}}],"collection":[{"href":"https:\/\/eltrabajo.cl\/portal\/wp-json\/wp\/v2\/posts"}],"about":[{"href":"https:\/\/eltrabajo.cl\/portal\/wp-json\/wp\/v2\/types\/post"}],"author":[{"embeddable":true,"href":"https:\/\/eltrabajo.cl\/portal\/wp-json\/wp\/v2\/users\/482"}],"replies":[{"embeddable":true,"href":"https:\/\/eltrabajo.cl\/portal\/wp-json\/wp\/v2\/comments?post=58713"}],"version-history":[{"count":0,"href":"https:\/\/eltrabajo.cl\/portal\/wp-json\/wp\/v2\/posts\/58713\/revisions"}],"wp:featuredmedia":[{"embeddable":true,"href":"https:\/\/eltrabajo.cl\/portal\/wp-json\/wp\/v2\/media\/58714"}],"wp:attachment":[{"href":"https:\/\/eltrabajo.cl\/portal\/wp-json\/wp\/v2\/media?parent=58713"}],"wp:term":[{"taxonomy":"category","embeddable":true,"href":"https:\/\/eltrabajo.cl\/portal\/wp-json\/wp\/v2\/categories?post=58713"},{"taxonomy":"post_tag","embeddable":true,"href":"https:\/\/eltrabajo.cl\/portal\/wp-json\/wp\/v2\/tags?post=58713"}],"curies":[{"name":"wp","href":"https:\/\/api.w.org\/{rel}","templated":true}]}}