{"id":58716,"date":"2015-06-05T09:26:44","date_gmt":"2015-06-05T12:26:44","guid":{"rendered":"http:\/\/www.eltrabajo.cl\/portal\/?p=58716"},"modified":"2015-06-05T09:26:44","modified_gmt":"2015-06-05T12:26:44","slug":"ecologistas-del-valle-defienden-en-el-congreso-importancia-de-glaciares","status":"publish","type":"post","link":"https:\/\/eltrabajo.cl\/portal\/ecologistas-del-valle-defienden-en-el-congreso-importancia-de-glaciares\/","title":{"rendered":"Ecologistas del Valle defienden en el Congreso importancia de glaciares"},"content":{"rendered":"<figure id=\"attachment_58717\" aria-describedby=\"caption-attachment-58717\" style=\"width: 300px\" class=\"wp-caption alignleft\"><a href=\"https:\/\/i0.wp.com\/www.eltrabajo.cl\/portal\/wp-content\/uploads\/2015\/06\/Ecologistas-2.jpg\"><img data-recalc-dims=\"1\" loading=\"lazy\" decoding=\"async\" class=\"wp-image-58717 size-medium\" src=\"https:\/\/i0.wp.com\/www.eltrabajo.cl\/portal\/wp-content\/uploads\/2015\/06\/Ecologistas-2-300x198.jpg?resize=300%2C198\" alt=\"Diversos grupos ecologistas de todo el Valle de Aconcagua tuvieron audiencia con la Comisi\u00f3n de Medio Ambiente en la fase final de las discusiones por la nueva ley de protecci\u00f3n de los glaciares.\" width=\"300\" height=\"198\" srcset=\"https:\/\/i0.wp.com\/eltrabajo.cl\/portal\/wp-content\/uploads\/2015\/06\/Ecologistas-2.jpg?resize=300%2C198&amp;ssl=1 300w, https:\/\/i0.wp.com\/eltrabajo.cl\/portal\/wp-content\/uploads\/2015\/06\/Ecologistas-2.jpg?resize=200%2C132&amp;ssl=1 200w, https:\/\/i0.wp.com\/eltrabajo.cl\/portal\/wp-content\/uploads\/2015\/06\/Ecologistas-2.jpg?resize=228%2C150&amp;ssl=1 228w, https:\/\/i0.wp.com\/eltrabajo.cl\/portal\/wp-content\/uploads\/2015\/06\/Ecologistas-2.jpg?resize=400%2C263&amp;ssl=1 400w, https:\/\/i0.wp.com\/eltrabajo.cl\/portal\/wp-content\/uploads\/2015\/06\/Ecologistas-2.jpg?w=530&amp;ssl=1 530w\" sizes=\"auto, (max-width: 300px) 100vw, 300px\" \/><\/a><figcaption id=\"caption-attachment-58717\" class=\"wp-caption-text\">Diversos grupos ecologistas de todo el Valle de Aconcagua tuvieron audiencia con la Comisi\u00f3n de Medio Ambiente en la fase final de las discusiones por la nueva ley de protecci\u00f3n de los glaciares.<\/figcaption><\/figure>\n<p>Personeros y l\u00edderes ecologistas de Putaendo, San Felipe, Santa Mar\u00eda, San Esteban y Llay Llay, tuvieron audiencia el mi\u00e9rcoles con la Comisi\u00f3n de Medio Ambiente de la C\u00e1mara Baja quienes discuten, en su fase final, la nueva ley de protecci\u00f3n de los glaciares. Es as\u00ed, al ser recibidos en la comisi\u00f3n de los honorables, se procedi\u00f3 a leer una carta en donde se hace \u00e9nfasis a la poca participaci\u00f3n de las comunidades aleda\u00f1as de los sistemas glaciares en la consulta ciudadana sobre la ley. Por otra parte se les hizo hincapi\u00e9 en la suma importancia de considerar a los glaciares como ecosistemas que involucran mucho m\u00e1s que el hielo superficial, sino que tambi\u00e9n el permafrost y el gran entorno que los rodea. Roberto Mercado Aced, uno de los activistas del movimiento Salvemos el Agua de Jahuel, manifest\u00f3 ante la comisi\u00f3n la importancia de proteger las fuentes del agua dulce que son el respaldo de un futuro prometedor en la agricultura: \u201csabemos que quienes m\u00e1s amagan a los glaciares son las actividades mineras y la actividad minera y el cobre tienen una muerte anunciada con la industrializaci\u00f3n del Grafeno. Pero una vez m\u00e1s el estado ha fallado en estos \u00faltimos 45 a\u00f1os en crear una industria alternativa y substituta ante la posible decadencia en las ganancias del cobre, repitiendo el grave error de la \u00e9poca del auge del salitre. Por otra parte, se juega con destruir la \u00fanica alternativa futurista de actividad econ\u00f3mica importante que es la agricultura, debido a la fuerte presi\u00f3n de demanda alimenticia de los pa\u00edses de oriente. El Valle del Aconcagua apuesta y tiene su futuro en la agricultura, sin embargo destruyendo las fuentes de su agua dulce se pone en jaque esta posibilidad\u201d.<\/p>\n<figure id=\"attachment_58718\" aria-describedby=\"caption-attachment-58718\" style=\"width: 300px\" class=\"wp-caption alignright\"><a href=\"https:\/\/i0.wp.com\/www.eltrabajo.cl\/portal\/wp-content\/uploads\/2015\/06\/Ecologistas-1.jpg\"><img data-recalc-dims=\"1\" loading=\"lazy\" decoding=\"async\" class=\"wp-image-58718 size-medium\" src=\"https:\/\/i0.wp.com\/www.eltrabajo.cl\/portal\/wp-content\/uploads\/2015\/06\/Ecologistas-1-300x198.jpg?resize=300%2C198\" alt=\"Gracias a gestiones de diputados y la presi\u00f3n que hicieron en la recepci\u00f3n del Congreso, pudieron entrar y participar de la comisi\u00f3n que sesionaba en aquel momento.\" width=\"300\" height=\"198\" srcset=\"https:\/\/i0.wp.com\/eltrabajo.cl\/portal\/wp-content\/uploads\/2015\/06\/Ecologistas-1.jpg?resize=300%2C198&amp;ssl=1 300w, https:\/\/i0.wp.com\/eltrabajo.cl\/portal\/wp-content\/uploads\/2015\/06\/Ecologistas-1.jpg?resize=200%2C132&amp;ssl=1 200w, https:\/\/i0.wp.com\/eltrabajo.cl\/portal\/wp-content\/uploads\/2015\/06\/Ecologistas-1.jpg?resize=228%2C150&amp;ssl=1 228w, https:\/\/i0.wp.com\/eltrabajo.cl\/portal\/wp-content\/uploads\/2015\/06\/Ecologistas-1.jpg?resize=400%2C263&amp;ssl=1 400w, https:\/\/i0.wp.com\/eltrabajo.cl\/portal\/wp-content\/uploads\/2015\/06\/Ecologistas-1.jpg?w=530&amp;ssl=1 530w\" sizes=\"auto, (max-width: 300px) 100vw, 300px\" \/><\/a><figcaption id=\"caption-attachment-58718\" class=\"wp-caption-text\">Gracias a gestiones de diputados y la presi\u00f3n que hicieron en la recepci\u00f3n del Congreso, pudieron entrar y participar de la comisi\u00f3n que sesionaba en aquel momento.<\/figcaption><\/figure>\n<p>Para Katty Galaz, coordinadora del grupo ecologista Ra\u00edces de Aconcagua, organizadora de la visita a la comisi\u00f3n, y en la defensa de los glaciares, era absolutamente necesario entregar la carta que hab\u00eda sido firmada por 40 organizaciones ecologistas de todo Chile: \u201cNosotros no sentimos haber sido tomados en cuenta con la moci\u00f3n que se present\u00f3 ante la ley de protecci\u00f3n de los glaciares. En este proceso de llegar a los parlamentarios al principio no nos tomaron en cuenta, enviamos solicitud de asistir a la comisi\u00f3n, pero dijeron que estaba cerrada la fase de consultas, estamos casi hace un a\u00f1o y medio intentando que nos recibieran y gracias a la gesti\u00f3n de la Diputada Vallejo, Diputada Girardi y del Diputado Rodrigo Gonz\u00e1lez pudimos asistir en el d\u00eda de hoy, y aun as\u00ed no nos quer\u00edan recibir. Si no es por la presi\u00f3n que hicimos en la recepci\u00f3n del Congreso, simplemente no hubi\u00e9ramos logrado entrar a la comisi\u00f3n que sesionaba en ese instante\u201d.<br \/>\nCabe destacar que, si bien hubo tres o cuatro parlamentarios que escucharon atentamente, algunos honorables, prestaron mucho m\u00e1s atenci\u00f3n a sus tel\u00e9fonos celulares durante la audiencia, situaci\u00f3n que molest\u00f3 gravemente a Salvador Vejeas, miembro de la comisi\u00f3n por la defensa del agua, El Viento Clama por Agua de Llay Llay.<\/p>\n","protected":false},"excerpt":{"rendered":"<p>Personeros y l\u00edderes ecologistas de Putaendo, San Felipe, Santa Mar\u00eda, San Esteban y Llay Llay, tuvieron audiencia el mi\u00e9rcoles con la Comisi\u00f3n de Medio Ambiente de la C\u00e1mara Baja quienes discuten, en&#8230;<\/p>\n","protected":false},"author":482,"featured_media":58717,"comment_status":"open","ping_status":"open","sticky":false,"template":"","format":"standard","meta":{"advanced_seo_description":"","jetpack_seo_html_title":"","jetpack_seo_noindex":false,"_jetpack_memberships_contains_paid_content":false,"footnotes":""},"categories":[15],"tags":[],"class_list":["post-58716","post","type-post","status-publish","format-standard","has-post-thumbnail","hentry","category-comunidad"],"jetpack_featured_media_url":"https:\/\/i0.wp.com\/eltrabajo.cl\/portal\/wp-content\/uploads\/2015\/06\/Ecologistas-2.jpg?fit=530%2C349&ssl=1","jetpack_sharing_enabled":true,"jetpack_likes_enabled":true,"jetpack-related-posts":[],"_links":{"self":[{"href":"https:\/\/eltrabajo.cl\/portal\/wp-json\/wp\/v2\/posts\/58716","targetHints":{"allow":["GET"]}}],"collection":[{"href":"https:\/\/eltrabajo.cl\/portal\/wp-json\/wp\/v2\/posts"}],"about":[{"href":"https:\/\/eltrabajo.cl\/portal\/wp-json\/wp\/v2\/types\/post"}],"author":[{"embeddable":true,"href":"https:\/\/eltrabajo.cl\/portal\/wp-json\/wp\/v2\/users\/482"}],"replies":[{"embeddable":true,"href":"https:\/\/eltrabajo.cl\/portal\/wp-json\/wp\/v2\/comments?post=58716"}],"version-history":[{"count":0,"href":"https:\/\/eltrabajo.cl\/portal\/wp-json\/wp\/v2\/posts\/58716\/revisions"}],"wp:featuredmedia":[{"embeddable":true,"href":"https:\/\/eltrabajo.cl\/portal\/wp-json\/wp\/v2\/media\/58717"}],"wp:attachment":[{"href":"https:\/\/eltrabajo.cl\/portal\/wp-json\/wp\/v2\/media?parent=58716"}],"wp:term":[{"taxonomy":"category","embeddable":true,"href":"https:\/\/eltrabajo.cl\/portal\/wp-json\/wp\/v2\/categories?post=58716"},{"taxonomy":"post_tag","embeddable":true,"href":"https:\/\/eltrabajo.cl\/portal\/wp-json\/wp\/v2\/tags?post=58716"}],"curies":[{"name":"wp","href":"https:\/\/api.w.org\/{rel}","templated":true}]}}