{"id":58720,"date":"2015-06-05T09:33:59","date_gmt":"2015-06-05T12:33:59","guid":{"rendered":"http:\/\/www.eltrabajo.cl\/portal\/?p=58720"},"modified":"2015-06-05T09:33:59","modified_gmt":"2015-06-05T12:33:59","slug":"gigantesco-reloj-de-iglesia-de-almendral-sigue-vivo-gracias-a-singular-matrimonio","status":"publish","type":"post","link":"https:\/\/eltrabajo.cl\/portal\/gigantesco-reloj-de-iglesia-de-almendral-sigue-vivo-gracias-a-singular-matrimonio\/","title":{"rendered":"Gigantesco reloj de iglesia de Almendral sigue vivo gracias a singular matrimonio"},"content":{"rendered":"<figure id=\"attachment_58721\" aria-describedby=\"caption-attachment-58721\" style=\"width: 300px\" class=\"wp-caption alignleft\"><a href=\"https:\/\/i0.wp.com\/www.eltrabajo.cl\/portal\/wp-content\/uploads\/2015\/06\/Reloj1.jpg\"><img data-recalc-dims=\"1\" loading=\"lazy\" decoding=\"async\" class=\"wp-image-58721 size-medium\" src=\"https:\/\/i0.wp.com\/www.eltrabajo.cl\/portal\/wp-content\/uploads\/2015\/06\/Reloj1-300x197.jpg?resize=300%2C197\" alt=\"CUERDA AL RELOJ.- Las c\u00e1maras de Diario El Trabajo captaron a don Jorge Saavedra d\u00e1ndole cuerda a tan complejo dispositivo medidor del tiempo.\" width=\"300\" height=\"197\" srcset=\"https:\/\/i0.wp.com\/eltrabajo.cl\/portal\/wp-content\/uploads\/2015\/06\/Reloj1.jpg?resize=300%2C197&amp;ssl=1 300w, https:\/\/i0.wp.com\/eltrabajo.cl\/portal\/wp-content\/uploads\/2015\/06\/Reloj1.jpg?resize=200%2C131&amp;ssl=1 200w, https:\/\/i0.wp.com\/eltrabajo.cl\/portal\/wp-content\/uploads\/2015\/06\/Reloj1.jpg?resize=228%2C150&amp;ssl=1 228w, https:\/\/i0.wp.com\/eltrabajo.cl\/portal\/wp-content\/uploads\/2015\/06\/Reloj1.jpg?resize=400%2C263&amp;ssl=1 400w, https:\/\/i0.wp.com\/eltrabajo.cl\/portal\/wp-content\/uploads\/2015\/06\/Reloj1.jpg?w=530&amp;ssl=1 530w\" sizes=\"auto, (max-width: 300px) 100vw, 300px\" \/><\/a><figcaption id=\"caption-attachment-58721\" class=\"wp-caption-text\">CUERDA AL RELOJ.- Las c\u00e1maras de Diario El Trabajo captaron a don Jorge Saavedra d\u00e1ndole cuerda a tan complejo dispositivo medidor del tiempo.<\/figcaption><\/figure>\n<ol>\n<li><strong>Esta es una de las historias de altruismo, sacrificio y abnegaci\u00f3n por servir a los dem\u00e1s, protagonizada por Jorge Saavedra y su esposa Jeanette Saavedra, quienes hallaron en abandono este coloso del tiempo y lo dejaron como nuevo. Un reportaje Especial de Diario El Trabajo.<\/strong><\/li>\n<\/ol>\n<p>Tal como lo hizo el Dr. Emmett Lathrop Brown, apodado \u2018Doc\u2019 en la trilog\u00eda de pel\u00edculas Regreso al Futuro, quien vivi\u00f3 todas sus aventuras en torno a un hist\u00f3rico reloj, mismo que a resumidas cuentas \u00e9l fabric\u00f3 en la parte 3, (en el a\u00f1o 1885), as\u00ed pareciera tambi\u00e9n estar girando la vida de un sanfelipe\u00f1o amante de la mec\u00e1nica fina y egresado de la Escuela Industrial de San Felipe, quien desde 2011 se hizo cargo de recuperar y dar mantenimiento al enorme reloj de la iglesia de San Antonio de Padua, ubicada en El Almendral.<br \/>\nSe trata de Jorge Saavedra Ram\u00edrez, de 59 a\u00f1os, un hombre nacido en Panquehue, pero que vive en El Almendral desde hace 15 a\u00f1os. \u00c9l trabaja en Mantenimiento Industrial de Enjoy Santiago y tiene dos hijos. Saavedra asumi\u00f3 el desaf\u00edo de restaurar el reloj de la torre principal de la iglesia en abril de 2011, es por ello que a cuatro a\u00f1os de su haza\u00f1a, Diario El Trabajo habl\u00f3 con \u00e9l, para conocer de cerca c\u00f3mo funciona este reloj y en qu\u00e9 estado encontr\u00f3 la torre y la complicada maquinaria.<\/p>\n<p><strong>A SOLAS CON\u00a0EL RELOJERO<\/strong><br \/>\n<strong>&#8211; \u00bfC\u00f3mo llegas a interesarte y aprendes este oficio de relojero?<\/strong><br \/>\n<strong>&#8211;<\/strong> Desde ni\u00f1o me gust\u00f3 revisar las maquinarias y en las cosas que hab\u00edan en mi alcance. Yo viv\u00eda en Fundo Colunqu\u00e9n, a 8 km de San Felipe, y en ese lugar lo \u00fanico que pod\u00eda ver eran los tractores, las rastras y lo arados. Nunca me interesaron los animales, me daban susto. Yo me dedicaba a curiosear los tractores. Mi padre era tractorista, y desde ni\u00f1o me entusiasm\u00e9 por armar maquinarias y entender la electricidad, c\u00f3mo funcionaba y desde luego, comprender la mec\u00e1nica.<br \/>\n<strong>&#8211; \u00bfEn d\u00f3nde cursaste tus estudios generales?<\/strong><br \/>\n<strong>&#8211;<\/strong> Estudi\u00e9 en la Escuela Industrial, egresando el a\u00f1o 1974. Despu\u00e9s tuve la ocasi\u00f3n de ir a estudiar a la Universidad Federico Santa Mar\u00eda de Valpara\u00edso. Ah\u00ed gracias a una beca, pude conocer m\u00e1s sobre tecnolog\u00eda.<br \/>\n<strong>&#8211; \u00bfY de qu\u00e9 manera descubres que la relojer\u00eda era lo tuyo?<\/strong><br \/>\n<strong>&#8211;<\/strong> Yo me hice relojero por la mec\u00e1nica fina que aprend\u00ed, estudiando los videos grabadores, caseteras y tocadiscos que hac\u00edamos en capacitaciones propias, con un grupo t\u00e9cnico-electr\u00f3nico, sumada a las primeras capacitaciones que nos dieron en los a\u00f1os 80 la industria de radio-tv. Entonces yo me hice t\u00e9cnico electr\u00f3nico gracias al servicio IRT, y ah\u00ed aprend\u00ed Mec\u00e1nica fina. Entonces cuando vine a ver este reloj, me di cuenta que pod\u00eda entenderlo y dejarlo funcionando. Esto lo hicimos con mi gran ayudante, mi se\u00f1ora, Jeanette Saavedra.<br \/>\n<strong>&#8211; \u00bfC\u00f3mo estaba la torre y el reloj?<\/strong><br \/>\n<strong>&#8211;<\/strong> Toda la torre estaba en su interior, sucia y llena de fecas de palomas, el reloj estaba desarmado y muy da\u00f1ado, no funcionaba.<br \/>\n<strong>&#8211; \u00bfC\u00f3mo financiaste este enorme trabajo? <\/strong><br \/>\n<strong>&#8211;<\/strong> Esto lo hicimos con mi gran ayudante, mi se\u00f1ora, Jeanette Saavedra de manera gratuita. Nadie me paga por mantenerlo, ni por darle cuerda.<br \/>\n<strong>&#8211; \u00bfAtiendes m\u00e1s relojes en Chile?<\/strong><br \/>\n<strong>&#8211;<\/strong> No he atendido ning\u00fan otro, porque pareciera que hay alguien que atiende otros, pero no lo hace bien. Yo he visto el reloj de Estaci\u00f3n Central en Santiago y el de la Iglesia San Francisco, est\u00e1n atrasados y detenidos. Incluso el de Los Andes, ya no tiene las campanas, est\u00e1 a la hora, pero no avisa. Entonces yo atiendo \u00e9ste porque nunca me han dejado atender a otro.<br \/>\n<strong>&#8211; \u00bfY c\u00f3mo llegaste a reparar este reloj en particular?<\/strong><br \/>\n<strong>&#8211;<\/strong> Un d\u00eda mi nieto deb\u00eda hacer una tarea para su escuela sobre un monumento nacional, y yo lo traje hasta la Iglesia. Me puse en contacto con el encargado de la parroquia en ese momento, y le dije que me gustar\u00eda ver el reloj. Cuando llegu\u00e9, encontr\u00e9 los mazos, el p\u00e9ndulo botado, todo detenido y llenos de fecas de paloma. Muy sucio. Entonces les dije que me gustar\u00eda intentar repararlo, pero que nadie sepa, en silencio, con el fin de que si no resultaba no result\u00f3 nom\u00e1s. Pero afortunadamente result\u00f3 bien, lo hicimos funcionar. Le avisamos al Cura y \u00e9l algo intu\u00eda, porque con la gente de ac\u00e1 sent\u00edan sonar las campanas, \u2018como que se mueven con el viento, a lo mejor se van a caer\u2019; dec\u00edan las vecinas. Y no po\u2019, \u00e9ramos nosotros quienes est\u00e1bamos reparando las campanas desde arriba, trabajando un mes, de diez de la ma\u00f1ana a 01 de la madrugada del otro d\u00eda en todo esto.<br \/>\n<strong>&#8211; \u00bfC\u00f3mo funciona el mecanismo de cuerda de este enorme reloj?<\/strong><br \/>\n<strong>&#8211; <\/strong>A este reloj le doy cuerda cada siete d\u00edas, porque como es com\u00fan de los relojes, nunca hay que dejar que se termine la cuerda, porque al apoyar las pesas de abajo, que son muy pesadas, se descontrola el sistema mec\u00e1nico, se aliviana. De esta manera logro que el reloj tenga una peque\u00f1a diferencia de siete segundos por d\u00eda. Hemos logrado tener una exactitud casi de un 99%.<br \/>\n<strong>&#8211; \u00bfTuvo problemas para dejarlo tan exacto, tal como funciona ahora? <\/strong><br \/>\n<strong>&#8211;<\/strong> Este reloj fue fabricado en el a\u00f1o 1882 en la ciudad de Dortmud, Alemania, cuando reci\u00e9n lo repar\u00e9, yo puse la esfera que da hacia mi casa, solamente conectada con el fin de poder controlarlo. Y me ocurr\u00eda que se me adelantaba en cinco minutos por d\u00eda, entonces volv\u00eda y lo correg\u00eda, despu\u00e9s se me atrasaba cinco m\u00e1s, y no podr\u00eda dar con la exactitud. Entonces pens\u00e9 dejarlo as\u00ed. Si se atrasa, lo dejo adelantado dos minutos y medio. Al tercer d\u00eda va a estar exacto y cuando tenga que darle cuerda va a estar atrasado dos minutos y medio, por lo tanto nadie se va a dar cuenta que est\u00e1 a dos minutos y medio de diferencia. Y vine y conect\u00e9 las esferas, con mucho asombr\u00f3 descubr\u00ed que qued\u00f3 exacto, estaba calculado el peso de las cuatro esferas.<br \/>\n<strong>&#8211; \u00bfPero entonces, c\u00f3mo se llama la t\u00e9cnica espec\u00edfica que utilizas?<\/strong><br \/>\n<strong>&#8211;<\/strong> Yo hago una especie de retro-ingenier\u00eda. Es decir, volver hacia atr\u00e1s, lo que pens\u00f3 el ingeniero al dise\u00f1ar. Desde el comienzo hacia atr\u00e1s, y de esa forma descubrir c\u00f3mo hicieron este reloj.<br \/>\n<strong>&#8211; \u00bfQu\u00e9 te llev\u00f3 a realizar esta acci\u00f3n para la Iglesia?<\/strong><br \/>\n<strong>&#8211;<\/strong> Independientemente de no ser cat\u00f3lico, a m\u00ed me interesa que esto, como monumento nacional y patrimonio de nuestra ciudad, no se pierda. Que se mantenga sin ser intervenido, porque he visto otras parroquias en donde han cambiado los relojes por mecanismos modernos. Lo ideal es que se mantenga 100% original, y de eso me voy a encargar mientras pueda y me lo permitan.<br \/>\nAs\u00ed es entonces apreciado lector, cada vez que estas campanas repiquen y cada vez que consultes la hora en este reloj, recuerden que detr\u00e1s de este servicio est\u00e1 don Jorge Saavedra Ram\u00edrez, vigilando siempre de su buen funcionamiento. Por su labor don Jorge, por su aporte do\u00f1a Jeanette, en Diario El Trabajo le decimos hoy Much\u00edsimas gracias!<br \/>\nFelipe Fa\u00fandez Mansilla<br \/>\nRoberto Gonz\u00e1lez Short<br \/>\nrgonzalez@eltrabajo.cl<\/p>\n<div class=\"tiled-gallery type-rectangular tiled-gallery-unresized\" data-original-width=\"640\" data-carousel-extra='null' itemscope itemtype=\"http:\/\/schema.org\/ImageGallery\" > <div class=\"gallery-row\" style=\"width: 640px; height: 283px;\" data-original-width=\"640\" data-original-height=\"283\" > <div class=\"gallery-group images-1\" style=\"width: 427px; height: 283px;\" data-original-width=\"427\" data-original-height=\"283\" > <div class=\"tiled-gallery-item tiled-gallery-item-large\" itemprop=\"associatedMedia\" itemscope itemtype=\"http:\/\/schema.org\/ImageObject\"> <a href=\"https:\/\/eltrabajo.cl\/portal\/gigantesco-reloj-de-iglesia-de-almendral-sigue-vivo-gracias-a-singular-matrimonio\/reloj2\/\" border=\"0\" itemprop=\"url\"> <meta itemprop=\"width\" content=\"423\"> <meta itemprop=\"height\" content=\"279\"> <img decoding=\"async\" class=\"\" data-attachment-id=\"58727\" data-orig-file=\"https:\/\/eltrabajo.cl\/portal\/wp-content\/uploads\/2015\/06\/Reloj2.jpg\" data-orig-size=\"530,350\" data-comments-opened=\"1\" data-image-meta=\"{&quot;aperture&quot;:&quot;0&quot;,&quot;credit&quot;:&quot;&quot;,&quot;camera&quot;:&quot;&quot;,&quot;caption&quot;:&quot;&quot;,&quot;created_timestamp&quot;:&quot;0&quot;,&quot;copyright&quot;:&quot;&quot;,&quot;focal_length&quot;:&quot;0&quot;,&quot;iso&quot;:&quot;0&quot;,&quot;shutter_speed&quot;:&quot;0&quot;,&quot;title&quot;:&quot;&quot;,&quot;orientation&quot;:&quot;0&quot;}\" data-image-title=\"Reloj2\" data-image-description=\"&lt;p&gt;\u00bfQU\u00c9 HORA ES?.- Este reloj, que tanto sirve a nuestra comunidad y en especial a los vecinos de El Almendral, recobr\u00f3 vida en 2011, cuando don Jorge y su esposa Jeanette lo repararon.&lt;\/p&gt; \" data-medium-file=\"https:\/\/i0.wp.com\/eltrabajo.cl\/portal\/wp-content\/uploads\/2015\/06\/Reloj2.jpg?fit=300%2C198&#038;ssl=1\" data-large-file=\"https:\/\/i0.wp.com\/eltrabajo.cl\/portal\/wp-content\/uploads\/2015\/06\/Reloj2.jpg?fit=530%2C350&#038;ssl=1\" src=\"https:\/\/i0.wp.com\/eltrabajo.cl\/portal\/wp-content\/uploads\/2015\/06\/Reloj2.jpg?w=423&#038;h=279&#038;ssl=1\" srcset=\"https:\/\/i0.wp.com\/eltrabajo.cl\/portal\/wp-content\/uploads\/2015\/06\/Reloj2.jpg?w=530&amp;ssl=1 530w, https:\/\/i0.wp.com\/eltrabajo.cl\/portal\/wp-content\/uploads\/2015\/06\/Reloj2.jpg?resize=200%2C132&amp;ssl=1 200w, https:\/\/i0.wp.com\/eltrabajo.cl\/portal\/wp-content\/uploads\/2015\/06\/Reloj2.jpg?resize=300%2C198&amp;ssl=1 300w, https:\/\/i0.wp.com\/eltrabajo.cl\/portal\/wp-content\/uploads\/2015\/06\/Reloj2.jpg?resize=227%2C150&amp;ssl=1 227w, https:\/\/i0.wp.com\/eltrabajo.cl\/portal\/wp-content\/uploads\/2015\/06\/Reloj2.jpg?resize=400%2C264&amp;ssl=1 400w\" width=\"423\" height=\"279\" loading=\"lazy\" data-original-width=\"423\" data-original-height=\"279\" itemprop=\"http:\/\/schema.org\/image\" title=\"Reloj2\" alt=\"\u00bfQU\u00c9 HORA ES?.- Este reloj, que tanto sirve a nuestra comunidad y en especial a los vecinos de El Almendral, recobr\u00f3 vida en 2011, cuando don Jorge y su esposa Jeanette lo repararon.\" style=\"width: 423px; height: 279px;\" \/> <\/a> <div class=\"tiled-gallery-caption\" itemprop=\"caption description\"> \u00bfQU\u00c9 HORA ES?.- Este reloj, que tanto sirve a nuestra comunidad y en especial a los vecinos de El Almendral, recobr\u00f3 vida en 2011, cuando don Jorge y su esposa Jeanette lo repararon. <\/div> <\/div> <\/div> <!-- close group --> <div class=\"gallery-group images-2\" style=\"width: 213px; height: 283px;\" data-original-width=\"213\" data-original-height=\"283\" > <div class=\"tiled-gallery-item tiled-gallery-item-small\" itemprop=\"associatedMedia\" itemscope itemtype=\"http:\/\/schema.org\/ImageObject\"> <a href=\"https:\/\/eltrabajo.cl\/portal\/gigantesco-reloj-de-iglesia-de-almendral-sigue-vivo-gracias-a-singular-matrimonio\/reloj3\/\" border=\"0\" itemprop=\"url\"> <meta itemprop=\"width\" content=\"209\"> <meta itemprop=\"height\" content=\"137\"> <img decoding=\"async\" class=\"\" data-attachment-id=\"58728\" data-orig-file=\"https:\/\/eltrabajo.cl\/portal\/wp-content\/uploads\/2015\/06\/Reloj3.jpg\" data-orig-size=\"530,349\" data-comments-opened=\"1\" data-image-meta=\"{&quot;aperture&quot;:&quot;0&quot;,&quot;credit&quot;:&quot;&quot;,&quot;camera&quot;:&quot;&quot;,&quot;caption&quot;:&quot;&quot;,&quot;created_timestamp&quot;:&quot;0&quot;,&quot;copyright&quot;:&quot;&quot;,&quot;focal_length&quot;:&quot;0&quot;,&quot;iso&quot;:&quot;0&quot;,&quot;shutter_speed&quot;:&quot;0&quot;,&quot;title&quot;:&quot;&quot;,&quot;orientation&quot;:&quot;0&quot;}\" data-image-title=\"Reloj3\" data-image-description=\"&lt;p&gt;REGRESO AL FUTURO.- El actor Cristopher Lloyd protagoniz\u00f3 una escena inmortal en esta pel\u00edcula (Regreso al Futuro), al ser captado colgando de un reloj muy parecido al que repar\u00f3 don Jorge Saavedra. &lt;\/p&gt; \" data-medium-file=\"https:\/\/i0.wp.com\/eltrabajo.cl\/portal\/wp-content\/uploads\/2015\/06\/Reloj3.jpg?fit=300%2C198&#038;ssl=1\" data-large-file=\"https:\/\/i0.wp.com\/eltrabajo.cl\/portal\/wp-content\/uploads\/2015\/06\/Reloj3.jpg?fit=530%2C349&#038;ssl=1\" src=\"https:\/\/i0.wp.com\/eltrabajo.cl\/portal\/wp-content\/uploads\/2015\/06\/Reloj3.jpg?w=209&#038;h=137&#038;ssl=1\" srcset=\"https:\/\/i0.wp.com\/eltrabajo.cl\/portal\/wp-content\/uploads\/2015\/06\/Reloj3.jpg?w=530&amp;ssl=1 530w, https:\/\/i0.wp.com\/eltrabajo.cl\/portal\/wp-content\/uploads\/2015\/06\/Reloj3.jpg?resize=200%2C132&amp;ssl=1 200w, https:\/\/i0.wp.com\/eltrabajo.cl\/portal\/wp-content\/uploads\/2015\/06\/Reloj3.jpg?resize=300%2C198&amp;ssl=1 300w, https:\/\/i0.wp.com\/eltrabajo.cl\/portal\/wp-content\/uploads\/2015\/06\/Reloj3.jpg?resize=228%2C150&amp;ssl=1 228w, https:\/\/i0.wp.com\/eltrabajo.cl\/portal\/wp-content\/uploads\/2015\/06\/Reloj3.jpg?resize=400%2C263&amp;ssl=1 400w\" width=\"209\" height=\"137\" loading=\"lazy\" data-original-width=\"209\" data-original-height=\"137\" itemprop=\"http:\/\/schema.org\/image\" title=\"Reloj3\" alt=\"REGRESO AL FUTURO.- El actor Cristopher Lloyd protagoniz\u00f3 una escena inmortal en esta pel\u00edcula (Regreso al Futuro), al ser captado colgando de un reloj muy parecido al que repar\u00f3 don Jorge Saavedra.\" style=\"width: 209px; height: 137px;\" \/> <\/a> <div class=\"tiled-gallery-caption\" itemprop=\"caption description\"> REGRESO AL FUTURO.- El actor Cristopher Lloyd protagoniz\u00f3 una escena inmortal en esta pel\u00edcula (Regreso al Futuro), al ser captado colgando de un reloj muy parecido al que repar\u00f3 don Jorge Saavedra. <\/div> <\/div> <div class=\"tiled-gallery-item tiled-gallery-item-small\" itemprop=\"associatedMedia\" itemscope itemtype=\"http:\/\/schema.org\/ImageObject\"> <a href=\"https:\/\/eltrabajo.cl\/portal\/gigantesco-reloj-de-iglesia-de-almendral-sigue-vivo-gracias-a-singular-matrimonio\/jeanette-saavedra\/\" border=\"0\" itemprop=\"url\"> <meta itemprop=\"width\" content=\"209\"> <meta itemprop=\"height\" content=\"138\"> <img decoding=\"async\" class=\"\" data-attachment-id=\"58725\" data-orig-file=\"https:\/\/eltrabajo.cl\/portal\/wp-content\/uploads\/2015\/06\/Jeanette-Saavedra.jpg\" data-orig-size=\"530,350\" data-comments-opened=\"1\" data-image-meta=\"{&quot;aperture&quot;:&quot;0&quot;,&quot;credit&quot;:&quot;&quot;,&quot;camera&quot;:&quot;&quot;,&quot;caption&quot;:&quot;&quot;,&quot;created_timestamp&quot;:&quot;0&quot;,&quot;copyright&quot;:&quot;&quot;,&quot;focal_length&quot;:&quot;0&quot;,&quot;iso&quot;:&quot;0&quot;,&quot;shutter_speed&quot;:&quot;0&quot;,&quot;title&quot;:&quot;&quot;,&quot;orientation&quot;:&quot;0&quot;}\" data-image-title=\"Jeanette Saavedra\" data-image-description=\"&lt;p&gt;NUESTRA HERO\u00cdNA.- Jeanette Saavedra, esposa de don Jorge, daba los \u00faltimos detalles a este tesoro mec\u00e1nico, aceitando cada una de sus partes.&lt;\/p&gt; \" data-medium-file=\"https:\/\/i0.wp.com\/eltrabajo.cl\/portal\/wp-content\/uploads\/2015\/06\/Jeanette-Saavedra.jpg?fit=300%2C198&#038;ssl=1\" data-large-file=\"https:\/\/i0.wp.com\/eltrabajo.cl\/portal\/wp-content\/uploads\/2015\/06\/Jeanette-Saavedra.jpg?fit=530%2C350&#038;ssl=1\" src=\"https:\/\/i0.wp.com\/eltrabajo.cl\/portal\/wp-content\/uploads\/2015\/06\/Jeanette-Saavedra.jpg?w=209&#038;h=138&#038;ssl=1\" srcset=\"https:\/\/i0.wp.com\/eltrabajo.cl\/portal\/wp-content\/uploads\/2015\/06\/Jeanette-Saavedra.jpg?w=530&amp;ssl=1 530w, https:\/\/i0.wp.com\/eltrabajo.cl\/portal\/wp-content\/uploads\/2015\/06\/Jeanette-Saavedra.jpg?resize=200%2C132&amp;ssl=1 200w, https:\/\/i0.wp.com\/eltrabajo.cl\/portal\/wp-content\/uploads\/2015\/06\/Jeanette-Saavedra.jpg?resize=300%2C198&amp;ssl=1 300w, https:\/\/i0.wp.com\/eltrabajo.cl\/portal\/wp-content\/uploads\/2015\/06\/Jeanette-Saavedra.jpg?resize=227%2C150&amp;ssl=1 227w, https:\/\/i0.wp.com\/eltrabajo.cl\/portal\/wp-content\/uploads\/2015\/06\/Jeanette-Saavedra.jpg?resize=400%2C264&amp;ssl=1 400w\" width=\"209\" height=\"138\" loading=\"lazy\" data-original-width=\"209\" data-original-height=\"138\" itemprop=\"http:\/\/schema.org\/image\" title=\"Jeanette Saavedra\" alt=\"NUESTRA HERO\u00cdNA.- Jeanette Saavedra, esposa de don Jorge, daba los \u00faltimos detalles a este tesoro mec\u00e1nico, aceitando cada una de sus partes.\" style=\"width: 209px; height: 138px;\" \/> <\/a> <div class=\"tiled-gallery-caption\" itemprop=\"caption description\"> NUESTRA HERO\u00cdNA.- Jeanette Saavedra, esposa de don Jorge, daba los \u00faltimos detalles a este tesoro mec\u00e1nico, aceitando cada una de sus partes. <\/div> <\/div> <\/div> <!-- close group --> <\/div> <!-- close row --> <div class=\"gallery-row\" style=\"width: 640px; height: 142px;\" data-original-width=\"640\" data-original-height=\"142\" > <div class=\"gallery-group images-1\" style=\"width: 214px; height: 142px;\" data-original-width=\"214\" data-original-height=\"142\" > <div class=\"tiled-gallery-item tiled-gallery-item-small\" itemprop=\"associatedMedia\" itemscope itemtype=\"http:\/\/schema.org\/ImageObject\"> <a href=\"https:\/\/eltrabajo.cl\/portal\/gigantesco-reloj-de-iglesia-de-almendral-sigue-vivo-gracias-a-singular-matrimonio\/badajos1\/\" border=\"0\" itemprop=\"url\"> <meta itemprop=\"width\" content=\"210\"> <meta itemprop=\"height\" content=\"138\"> <img decoding=\"async\" class=\"\" data-attachment-id=\"58722\" data-orig-file=\"https:\/\/eltrabajo.cl\/portal\/wp-content\/uploads\/2015\/06\/Badajos1.jpg\" data-orig-size=\"530,350\" data-comments-opened=\"1\" data-image-meta=\"{&quot;aperture&quot;:&quot;0&quot;,&quot;credit&quot;:&quot;&quot;,&quot;camera&quot;:&quot;&quot;,&quot;caption&quot;:&quot;&quot;,&quot;created_timestamp&quot;:&quot;0&quot;,&quot;copyright&quot;:&quot;&quot;,&quot;focal_length&quot;:&quot;0&quot;,&quot;iso&quot;:&quot;0&quot;,&quot;shutter_speed&quot;:&quot;0&quot;,&quot;title&quot;:&quot;&quot;,&quot;orientation&quot;:&quot;0&quot;}\" data-image-title=\"Badajos1\" data-image-description=\"&lt;p&gt;PIEZA POR PIEZA.- Estos badajos del reloj, as\u00ed luc\u00edan antes de tener soportes de cuero. Un trabajo de reparaci\u00f3n digno de un profesional.&lt;\/p&gt; \" data-medium-file=\"https:\/\/i0.wp.com\/eltrabajo.cl\/portal\/wp-content\/uploads\/2015\/06\/Badajos1.jpg?fit=300%2C198&#038;ssl=1\" data-large-file=\"https:\/\/i0.wp.com\/eltrabajo.cl\/portal\/wp-content\/uploads\/2015\/06\/Badajos1.jpg?fit=530%2C350&#038;ssl=1\" src=\"https:\/\/i0.wp.com\/eltrabajo.cl\/portal\/wp-content\/uploads\/2015\/06\/Badajos1.jpg?w=210&#038;h=138&#038;ssl=1\" srcset=\"https:\/\/i0.wp.com\/eltrabajo.cl\/portal\/wp-content\/uploads\/2015\/06\/Badajos1.jpg?w=530&amp;ssl=1 530w, https:\/\/i0.wp.com\/eltrabajo.cl\/portal\/wp-content\/uploads\/2015\/06\/Badajos1.jpg?resize=200%2C132&amp;ssl=1 200w, https:\/\/i0.wp.com\/eltrabajo.cl\/portal\/wp-content\/uploads\/2015\/06\/Badajos1.jpg?resize=300%2C198&amp;ssl=1 300w, https:\/\/i0.wp.com\/eltrabajo.cl\/portal\/wp-content\/uploads\/2015\/06\/Badajos1.jpg?resize=227%2C150&amp;ssl=1 227w, https:\/\/i0.wp.com\/eltrabajo.cl\/portal\/wp-content\/uploads\/2015\/06\/Badajos1.jpg?resize=400%2C264&amp;ssl=1 400w\" width=\"210\" height=\"138\" loading=\"lazy\" data-original-width=\"210\" data-original-height=\"138\" itemprop=\"http:\/\/schema.org\/image\" title=\"Badajos1\" alt=\"PIEZA POR PIEZA.- Estos badajos del reloj, as\u00ed luc\u00edan antes de tener soportes de cuero. Un trabajo de reparaci\u00f3n digno de un profesional.\" style=\"width: 210px; height: 138px;\" \/> <\/a> <div class=\"tiled-gallery-caption\" itemprop=\"caption description\"> PIEZA POR PIEZA.- Estos badajos del reloj, as\u00ed luc\u00edan antes de tener soportes de cuero. Un trabajo de reparaci\u00f3n digno de un profesional. <\/div> <\/div> <\/div> <!-- close group --> <div class=\"gallery-group images-1\" style=\"width: 213px; height: 142px;\" data-original-width=\"213\" data-original-height=\"142\" > <div class=\"tiled-gallery-item tiled-gallery-item-small\" itemprop=\"associatedMedia\" itemscope itemtype=\"http:\/\/schema.org\/ImageObject\"> <a href=\"https:\/\/eltrabajo.cl\/portal\/gigantesco-reloj-de-iglesia-de-almendral-sigue-vivo-gracias-a-singular-matrimonio\/fecas1-2\/\" border=\"0\" itemprop=\"url\"> <meta itemprop=\"width\" content=\"209\"> <meta itemprop=\"height\" content=\"138\"> <img decoding=\"async\" class=\"\" data-attachment-id=\"58723\" data-orig-file=\"https:\/\/eltrabajo.cl\/portal\/wp-content\/uploads\/2015\/06\/Fecas1.jpg\" data-orig-size=\"530,350\" data-comments-opened=\"1\" data-image-meta=\"{&quot;aperture&quot;:&quot;0&quot;,&quot;credit&quot;:&quot;&quot;,&quot;camera&quot;:&quot;&quot;,&quot;caption&quot;:&quot;&quot;,&quot;created_timestamp&quot;:&quot;0&quot;,&quot;copyright&quot;:&quot;&quot;,&quot;focal_length&quot;:&quot;0&quot;,&quot;iso&quot;:&quot;0&quot;,&quot;shutter_speed&quot;:&quot;0&quot;,&quot;title&quot;:&quot;&quot;,&quot;orientation&quot;:&quot;0&quot;}\" data-image-title=\"Fecas1\" data-image-description=\"&lt;p&gt;MUERTE MEC\u00c1NICA.- As\u00ed estaba este gigante del tiempo, da\u00f1ado, sucio, sin vida y le faltaban piezas. Reparar un reloj similar en Asturias, Espa\u00f1a, cost\u00f3 a las autoridades en 2010, la suma de 16.000 euros.&lt;\/p&gt; \" data-medium-file=\"https:\/\/i0.wp.com\/eltrabajo.cl\/portal\/wp-content\/uploads\/2015\/06\/Fecas1.jpg?fit=300%2C198&#038;ssl=1\" data-large-file=\"https:\/\/i0.wp.com\/eltrabajo.cl\/portal\/wp-content\/uploads\/2015\/06\/Fecas1.jpg?fit=530%2C350&#038;ssl=1\" src=\"https:\/\/i0.wp.com\/eltrabajo.cl\/portal\/wp-content\/uploads\/2015\/06\/Fecas1.jpg?w=209&#038;h=138&#038;ssl=1\" srcset=\"https:\/\/i0.wp.com\/eltrabajo.cl\/portal\/wp-content\/uploads\/2015\/06\/Fecas1.jpg?w=530&amp;ssl=1 530w, https:\/\/i0.wp.com\/eltrabajo.cl\/portal\/wp-content\/uploads\/2015\/06\/Fecas1.jpg?resize=200%2C132&amp;ssl=1 200w, https:\/\/i0.wp.com\/eltrabajo.cl\/portal\/wp-content\/uploads\/2015\/06\/Fecas1.jpg?resize=300%2C198&amp;ssl=1 300w, https:\/\/i0.wp.com\/eltrabajo.cl\/portal\/wp-content\/uploads\/2015\/06\/Fecas1.jpg?resize=227%2C150&amp;ssl=1 227w, https:\/\/i0.wp.com\/eltrabajo.cl\/portal\/wp-content\/uploads\/2015\/06\/Fecas1.jpg?resize=400%2C264&amp;ssl=1 400w\" width=\"209\" height=\"138\" loading=\"lazy\" data-original-width=\"209\" data-original-height=\"138\" itemprop=\"http:\/\/schema.org\/image\" title=\"Fecas1\" alt=\"MUERTE MEC\u00c1NICA.- As\u00ed estaba este gigante del tiempo, da\u00f1ado, sucio, sin vida y le faltaban piezas. Reparar un reloj similar en Asturias, Espa\u00f1a, cost\u00f3 a las autoridades en 2010, la suma de 16.000 euros.\" style=\"width: 209px; height: 138px;\" \/> <\/a> <div class=\"tiled-gallery-caption\" itemprop=\"caption description\"> MUERTE MEC\u00c1NICA.- As\u00ed estaba este gigante del tiempo, da\u00f1ado, sucio, sin vida y le faltaban piezas. Reparar un reloj similar en Asturias, Espa\u00f1a, cost\u00f3 a las autoridades en 2010, la suma de 16.000 euros. <\/div> <\/div> <\/div> <!-- close group --> <div class=\"gallery-group images-1\" style=\"width: 213px; height: 142px;\" data-original-width=\"213\" data-original-height=\"142\" > <div class=\"tiled-gallery-item tiled-gallery-item-small\" itemprop=\"associatedMedia\" itemscope itemtype=\"http:\/\/schema.org\/ImageObject\"> <a href=\"https:\/\/eltrabajo.cl\/portal\/gigantesco-reloj-de-iglesia-de-almendral-sigue-vivo-gracias-a-singular-matrimonio\/jorge-saavedra\/\" border=\"0\" itemprop=\"url\"> <meta itemprop=\"width\" content=\"209\"> <meta itemprop=\"height\" content=\"138\"> <img decoding=\"async\" class=\"\" data-attachment-id=\"58729\" data-orig-file=\"https:\/\/eltrabajo.cl\/portal\/wp-content\/uploads\/2015\/06\/Jorge-Saavedra.jpg\" data-orig-size=\"530,350\" data-comments-opened=\"1\" data-image-meta=\"{&quot;aperture&quot;:&quot;0&quot;,&quot;credit&quot;:&quot;&quot;,&quot;camera&quot;:&quot;&quot;,&quot;caption&quot;:&quot;&quot;,&quot;created_timestamp&quot;:&quot;0&quot;,&quot;copyright&quot;:&quot;&quot;,&quot;focal_length&quot;:&quot;0&quot;,&quot;iso&quot;:&quot;0&quot;,&quot;shutter_speed&quot;:&quot;0&quot;,&quot;title&quot;:&quot;&quot;,&quot;orientation&quot;:&quot;0&quot;}\" data-image-title=\"Jorge Saavedra\" data-image-description=\"&lt;p&gt;Jorge Saavedra Ram\u00edrez, repar\u00f3 y da mantenimiento al colosal reloj de la iglesia de El Almendral desde 2011.&lt;\/p&gt; \" data-medium-file=\"https:\/\/i0.wp.com\/eltrabajo.cl\/portal\/wp-content\/uploads\/2015\/06\/Jorge-Saavedra.jpg?fit=300%2C198&#038;ssl=1\" data-large-file=\"https:\/\/i0.wp.com\/eltrabajo.cl\/portal\/wp-content\/uploads\/2015\/06\/Jorge-Saavedra.jpg?fit=530%2C350&#038;ssl=1\" src=\"https:\/\/i0.wp.com\/eltrabajo.cl\/portal\/wp-content\/uploads\/2015\/06\/Jorge-Saavedra.jpg?w=209&#038;h=138&#038;ssl=1\" srcset=\"https:\/\/i0.wp.com\/eltrabajo.cl\/portal\/wp-content\/uploads\/2015\/06\/Jorge-Saavedra.jpg?w=530&amp;ssl=1 530w, https:\/\/i0.wp.com\/eltrabajo.cl\/portal\/wp-content\/uploads\/2015\/06\/Jorge-Saavedra.jpg?resize=200%2C132&amp;ssl=1 200w, https:\/\/i0.wp.com\/eltrabajo.cl\/portal\/wp-content\/uploads\/2015\/06\/Jorge-Saavedra.jpg?resize=300%2C198&amp;ssl=1 300w, https:\/\/i0.wp.com\/eltrabajo.cl\/portal\/wp-content\/uploads\/2015\/06\/Jorge-Saavedra.jpg?resize=227%2C150&amp;ssl=1 227w, https:\/\/i0.wp.com\/eltrabajo.cl\/portal\/wp-content\/uploads\/2015\/06\/Jorge-Saavedra.jpg?resize=400%2C264&amp;ssl=1 400w\" width=\"209\" height=\"138\" loading=\"lazy\" data-original-width=\"209\" data-original-height=\"138\" itemprop=\"http:\/\/schema.org\/image\" title=\"Jorge Saavedra\" alt=\"Jorge Saavedra Ram\u00edrez, repar\u00f3 y da mantenimiento al colosal reloj de la iglesia de El Almendral desde 2011.\" style=\"width: 209px; height: 138px;\" \/> <\/a> <div class=\"tiled-gallery-caption\" itemprop=\"caption description\"> Jorge Saavedra Ram\u00edrez, repar\u00f3 y da mantenimiento al colosal reloj de la iglesia de El Almendral desde 2011. <\/div> <\/div> <\/div> <!-- close group --> <\/div> <!-- close row --> <\/div>\n","protected":false},"excerpt":{"rendered":"<p>Esta es una de las historias de altruismo, sacrificio y abnegaci\u00f3n por servir a los dem\u00e1s, protagonizada por Jorge Saavedra y su esposa Jeanette Saavedra, quienes hallaron en abandono este coloso del&#8230;<\/p>\n","protected":false},"author":482,"featured_media":58721,"comment_status":"open","ping_status":"open","sticky":false,"template":"","format":"standard","meta":{"advanced_seo_description":"","jetpack_seo_html_title":"","jetpack_seo_noindex":false,"_jetpack_memberships_contains_paid_content":false,"footnotes":""},"categories":[15],"tags":[],"class_list":["post-58720","post","type-post","status-publish","format-standard","has-post-thumbnail","hentry","category-comunidad"],"jetpack_featured_media_url":"https:\/\/i0.wp.com\/eltrabajo.cl\/portal\/wp-content\/uploads\/2015\/06\/Reloj1.jpg?fit=530%2C348&ssl=1","jetpack_sharing_enabled":true,"jetpack_likes_enabled":true,"jetpack-related-posts":[],"_links":{"self":[{"href":"https:\/\/eltrabajo.cl\/portal\/wp-json\/wp\/v2\/posts\/58720","targetHints":{"allow":["GET"]}}],"collection":[{"href":"https:\/\/eltrabajo.cl\/portal\/wp-json\/wp\/v2\/posts"}],"about":[{"href":"https:\/\/eltrabajo.cl\/portal\/wp-json\/wp\/v2\/types\/post"}],"author":[{"embeddable":true,"href":"https:\/\/eltrabajo.cl\/portal\/wp-json\/wp\/v2\/users\/482"}],"replies":[{"embeddable":true,"href":"https:\/\/eltrabajo.cl\/portal\/wp-json\/wp\/v2\/comments?post=58720"}],"version-history":[{"count":0,"href":"https:\/\/eltrabajo.cl\/portal\/wp-json\/wp\/v2\/posts\/58720\/revisions"}],"wp:featuredmedia":[{"embeddable":true,"href":"https:\/\/eltrabajo.cl\/portal\/wp-json\/wp\/v2\/media\/58721"}],"wp:attachment":[{"href":"https:\/\/eltrabajo.cl\/portal\/wp-json\/wp\/v2\/media?parent=58720"}],"wp:term":[{"taxonomy":"category","embeddable":true,"href":"https:\/\/eltrabajo.cl\/portal\/wp-json\/wp\/v2\/categories?post=58720"},{"taxonomy":"post_tag","embeddable":true,"href":"https:\/\/eltrabajo.cl\/portal\/wp-json\/wp\/v2\/tags?post=58720"}],"curies":[{"name":"wp","href":"https:\/\/api.w.org\/{rel}","templated":true}]}}