{"id":58735,"date":"2015-06-05T09:37:12","date_gmt":"2015-06-05T12:37:12","guid":{"rendered":"http:\/\/www.eltrabajo.cl\/portal\/?p=58735"},"modified":"2015-06-05T09:37:12","modified_gmt":"2015-06-05T12:37:12","slug":"internos-de-la-region-expondran-sus-obras-en-centro-cultural-los-andes","status":"publish","type":"post","link":"https:\/\/eltrabajo.cl\/portal\/internos-de-la-region-expondran-sus-obras-en-centro-cultural-los-andes\/","title":{"rendered":"Internos de la regi\u00f3n expondr\u00e1n sus obras en Centro Cultural Los Andes"},"content":{"rendered":"<figure id=\"attachment_58736\" aria-describedby=\"caption-attachment-58736\" style=\"width: 300px\" class=\"wp-caption alignleft\"><a href=\"https:\/\/i0.wp.com\/www.eltrabajo.cl\/portal\/wp-content\/uploads\/2015\/06\/EXPOSICION-OK.jpg\"><img data-recalc-dims=\"1\" loading=\"lazy\" decoding=\"async\" class=\"wp-image-58736 size-medium\" src=\"https:\/\/i0.wp.com\/www.eltrabajo.cl\/portal\/wp-content\/uploads\/2015\/06\/EXPOSICION-OK-300x198.jpg?resize=300%2C198\" alt=\"Durante todo el mes podr\u00e1n visitar la exposici\u00f3n hecha por internos de cinco unidades de la regi\u00f3n denominada \u2018Arte Cautivo\u2019 en el Centro Cultural de Los Andes.\" width=\"300\" height=\"198\" srcset=\"https:\/\/i0.wp.com\/eltrabajo.cl\/portal\/wp-content\/uploads\/2015\/06\/EXPOSICION-OK.jpg?resize=300%2C198&amp;ssl=1 300w, https:\/\/i0.wp.com\/eltrabajo.cl\/portal\/wp-content\/uploads\/2015\/06\/EXPOSICION-OK.jpg?resize=200%2C132&amp;ssl=1 200w, https:\/\/i0.wp.com\/eltrabajo.cl\/portal\/wp-content\/uploads\/2015\/06\/EXPOSICION-OK.jpg?resize=227%2C150&amp;ssl=1 227w, https:\/\/i0.wp.com\/eltrabajo.cl\/portal\/wp-content\/uploads\/2015\/06\/EXPOSICION-OK.jpg?resize=400%2C264&amp;ssl=1 400w, https:\/\/i0.wp.com\/eltrabajo.cl\/portal\/wp-content\/uploads\/2015\/06\/EXPOSICION-OK.jpg?w=530&amp;ssl=1 530w\" sizes=\"auto, (max-width: 300px) 100vw, 300px\" \/><\/a><figcaption id=\"caption-attachment-58736\" class=\"wp-caption-text\">Durante todo el mes podr\u00e1n visitar la exposici\u00f3n hecha por internos de cinco unidades de la regi\u00f3n denominada \u2018Arte Cautivo\u2019 en el Centro Cultural de Los Andes.<\/figcaption><\/figure>\n<ul>\n<li><strong>Pinturas y cer\u00e1micas creadas por internos de cinco unidades se mantendr\u00e1n hasta fines del presente mes en el recinto andino.<\/strong><\/li>\n<\/ul>\n<p><strong>LOS ANDES<\/strong>.- El arte es una de las herramientas que Gendarmer\u00eda incentiva en la poblaci\u00f3n penal, apostando que a trav\u00e9s de ella se logre la reinserci\u00f3n social de quienes hoy est\u00e1n privados de libertad. Es por ello que en las unidades penales se realizan talleres de diversas disciplinas, entre ellas: pintura, cer\u00e1mica y escultura.<br \/>\nParte de las obras creadas en estas clases forman parte de la muestra denominada \u2018Arte Cautivo\u2019, exposici\u00f3n que fue inaugurada ayer en el Centro Cultural de Los Andes, entidad dependiente del municipio local y que le abri\u00f3 las puertas a quienes cumplen una condena.<br \/>\nEl mayor de Gendarmer\u00eda, Bryan Silva, jefe (s) del Centro de Cumplimiento Penitenciario (CCP) de Los Andes, sostuvo que: \u201cLa idea de la Instituci\u00f3n es mostrar que se puede hacer arte al interior de las unidades y darles las oportunidades a quienes est\u00e1n privados de libertad para que muestren su arte. El hacer estos talleres implica tener a mucha gente ocupada y que ellos se preocupen de aprender cosas que le sirvan en el exterior\u201d.<br \/>\nUna de las primeras visitantes de esta exposici\u00f3n fue Daniela Gald\u00e1mez, amiga del pintor Luis Fern\u00e1ndez. La joven se mostr\u00f3 orgullosa, puesto que \u00e9l: \u201cpinta realmente muy lindo, tiene mucho talento. Pint\u00f3 a mi ahijada que qued\u00f3 hermosa, igual que en la foto. Tiene que seguir en esto, siempre lo he aconsejado harto\u201d.<br \/>\nLa muestra re\u00fane trabajos de internos de cinco unidades de la regi\u00f3n -Limache, Valpara\u00edso, San Felipe, Los Andes y Quillota- y se mantendr\u00e1 abierta al p\u00fablico hasta fines del presente mes.<\/p>\n","protected":false},"excerpt":{"rendered":"<p>Pinturas y cer\u00e1micas creadas por internos de cinco unidades se mantendr\u00e1n hasta fines del presente mes en el recinto andino. LOS ANDES.- El arte es una de las herramientas que Gendarmer\u00eda incentiva&#8230;<\/p>\n","protected":false},"author":482,"featured_media":58736,"comment_status":"open","ping_status":"open","sticky":false,"template":"","format":"standard","meta":{"advanced_seo_description":"","jetpack_seo_html_title":"","jetpack_seo_noindex":false,"_jetpack_memberships_contains_paid_content":false,"footnotes":""},"categories":[15],"tags":[],"class_list":["post-58735","post","type-post","status-publish","format-standard","has-post-thumbnail","hentry","category-comunidad"],"jetpack_featured_media_url":"https:\/\/i0.wp.com\/eltrabajo.cl\/portal\/wp-content\/uploads\/2015\/06\/EXPOSICION-OK.jpg?fit=530%2C350&ssl=1","jetpack_sharing_enabled":true,"jetpack_likes_enabled":true,"jetpack-related-posts":[],"_links":{"self":[{"href":"https:\/\/eltrabajo.cl\/portal\/wp-json\/wp\/v2\/posts\/58735","targetHints":{"allow":["GET"]}}],"collection":[{"href":"https:\/\/eltrabajo.cl\/portal\/wp-json\/wp\/v2\/posts"}],"about":[{"href":"https:\/\/eltrabajo.cl\/portal\/wp-json\/wp\/v2\/types\/post"}],"author":[{"embeddable":true,"href":"https:\/\/eltrabajo.cl\/portal\/wp-json\/wp\/v2\/users\/482"}],"replies":[{"embeddable":true,"href":"https:\/\/eltrabajo.cl\/portal\/wp-json\/wp\/v2\/comments?post=58735"}],"version-history":[{"count":0,"href":"https:\/\/eltrabajo.cl\/portal\/wp-json\/wp\/v2\/posts\/58735\/revisions"}],"wp:featuredmedia":[{"embeddable":true,"href":"https:\/\/eltrabajo.cl\/portal\/wp-json\/wp\/v2\/media\/58736"}],"wp:attachment":[{"href":"https:\/\/eltrabajo.cl\/portal\/wp-json\/wp\/v2\/media?parent=58735"}],"wp:term":[{"taxonomy":"category","embeddable":true,"href":"https:\/\/eltrabajo.cl\/portal\/wp-json\/wp\/v2\/categories?post=58735"},{"taxonomy":"post_tag","embeddable":true,"href":"https:\/\/eltrabajo.cl\/portal\/wp-json\/wp\/v2\/tags?post=58735"}],"curies":[{"name":"wp","href":"https:\/\/api.w.org\/{rel}","templated":true}]}}