{"id":5874,"date":"2011-11-09T08:40:43","date_gmt":"2011-11-09T12:40:43","guid":{"rendered":"http:\/\/www.eltrabajo.cl\/portal\/?p=5874"},"modified":"2011-11-09T08:45:44","modified_gmt":"2011-11-09T12:45:44","slug":"dramatico-testimonio-de-minero-jacinto-araya-%c2%abtrate-de-rescatarlo-con-mis-propias-manos-sentia-sus-gritos-pero-nada-pude-hacer-ya-que-tambien-fui-alcanzado-por-el-planchon%c2%bb","status":"publish","type":"post","link":"https:\/\/eltrabajo.cl\/portal\/dramatico-testimonio-de-minero-jacinto-araya-%c2%abtrate-de-rescatarlo-con-mis-propias-manos-sentia-sus-gritos-pero-nada-pude-hacer-ya-que-tambien-fui-alcanzado-por-el-planchon%c2%bb\/","title":{"rendered":"Jacinto Araya: \u00abTrat\u00e9 de rescatarlo con mis propias manos, sent\u00eda sus gritos pero nada pude hacer, ya que tambi\u00e9n fui alcanzado por el planch\u00f3n\u00bb"},"content":{"rendered":"<div class=\"mceTemp\"><a href=\"http:\/\/www.eltrabajo.cl\/portal\/archives\/5874\/velatorio-jaun-lazo\" rel=\"attachment wp-att-5876\"><img data-recalc-dims=\"1\" loading=\"lazy\" decoding=\"async\" class=\"alignnone size-full wp-image-5876\" title=\"VELATORIO  JAUN LAZO\" src=\"https:\/\/i0.wp.com\/www.eltrabajo.cl\/portal\/wp-content\/uploads\/2011\/11\/VELATORIO-JAUN-LAZO-.jpg?resize=600%2C450\" alt=\"\" width=\"600\" height=\"450\" srcset=\"https:\/\/i0.wp.com\/eltrabajo.cl\/portal\/wp-content\/uploads\/2011\/11\/VELATORIO-JAUN-LAZO-.jpg?w=600&amp;ssl=1 600w, https:\/\/i0.wp.com\/eltrabajo.cl\/portal\/wp-content\/uploads\/2011\/11\/VELATORIO-JAUN-LAZO-.jpg?resize=200%2C150&amp;ssl=1 200w, https:\/\/i0.wp.com\/eltrabajo.cl\/portal\/wp-content\/uploads\/2011\/11\/VELATORIO-JAUN-LAZO-.jpg?resize=300%2C225&amp;ssl=1 300w, https:\/\/i0.wp.com\/eltrabajo.cl\/portal\/wp-content\/uploads\/2011\/11\/VELATORIO-JAUN-LAZO-.jpg?resize=150%2C112&amp;ssl=1 150w, https:\/\/i0.wp.com\/eltrabajo.cl\/portal\/wp-content\/uploads\/2011\/11\/VELATORIO-JAUN-LAZO-.jpg?resize=400%2C300&amp;ssl=1 400w\" sizes=\"auto, (max-width: 600px) 100vw, 600px\" \/><\/a><\/p>\n<dl id=\"attachment_5875\" class=\"wp-caption alignnone\" style=\"width: 610px;\">\n<dt class=\"wp-caption-dt\"><\/dt>\n<dd class=\"wp-caption-dd\">Don Jacinto Araya Salinas cuenta bastante emocionado el momento en que sucedi\u00f3 la tragedia que le cost\u00f3 la vida a su compa\u00f1ero, a quien con todo su esfuerzo sac\u00f3 de entre los escombros, pero falleci\u00f3 camino al hospital.<\/dd>\n<\/dl>\n<\/div>\n<p><strong>PUTAENDO.-<\/strong> Un dram\u00e1tico testimonio lleno de emotividad, fuerza y compa\u00f1erismo entreg\u00f3 a nuestro medio el minero Jacinto Araya Salinas, quien se encontraba al interior de la mina Barquitos en la ciudad de Copiap\u00f3, junto a su compa\u00f1ero Juan Lazo Pereira, cuando \u00e9ste \u00faltimo fue aplastado por un planch\u00f3n de rocas al interior de la mina.<\/p>\n<p>Este esforzado minero y adem\u00e1s vecino del sector de Guzmanes, se encontraba hace m\u00e1s de un a\u00f1o trabajando en el norte del pa\u00eds junto a su compa\u00f1ero, al cual llamaba \u00abJuanito\u00bb, y adem\u00e1s junto a otro minero de Putaendo, agregando que la ma\u00f1ana del tr\u00e1gico s\u00e1bado reci\u00e9n pasado, estuvieron muy temprano realizando labores de acu\u00f1amiento al interior de la mina, para pasado el mediod\u00eda almorzar juntos como era una tradici\u00f3n y preparar su pr\u00f3ximo viaje a su querido Guzmanes.<\/p>\n<p>Jacinto Araya, visiblemente emocionado, dijo que a las 13:30 horas ingresaron nuevamente a la mina para continuar su labor, momento en el cual le pide a Juan Lazo que le pase el acu\u00f1ador para justamente acu\u00f1ar un sector de la mina, a lo que con una sonrisa Juan Lazo le indica que mejor \u00e9l va a acu\u00f1ar, y que le pase en sus manos el acu\u00f1ador.<\/p>\n<p>Es este el momento preciso, seg\u00fan el testimonio de Jacinto Araya, cuando se encuentra tomando el acu\u00f1ador en sus manos, sinti\u00f3 un fuerte ruido y en segundos una bolsa de aire lo arroj\u00f3 a varios metros, golpe\u00e1ndose fuertemente la cabeza y quedando semiinconsciente, donde solo los gritos de su compa\u00f1ero lo hicieron reaccionar. \u00abQued\u00e9 como aturdido, mi casco sali\u00f3 de mi cabeza y quedamos totalmente a oscuras con un tierral impresionante, Juanito me gritaba por favor que lo sacara, no pod\u00eda abrir mis ojos, pero como pude llegu\u00e9 donde estaba mi compa\u00f1ero, empec\u00e9 con mis manos a sacar piedras y material, y me segu\u00edan cayendo restos del planch\u00f3n en mi espalda y en la cabeza. Yo le dec\u00eda: \u2018Juanito, te voy a sacar, aguanta\u2019, y en un momento tuve que salir corriendo de la mina para pedir ayuda y porque ya no pod\u00eda respirar. Ingresamos con otros dos compa\u00f1eros y empezamos a remover todo el material con nuestras manos, mientras mi compa\u00f1ero Juanito se quejaba con unos gritos desgarradores, lo sacamos vivo, lo subimos a la camioneta y lamentablemente se nos muri\u00f3 en el camino\u00bb, palabras de Jacinto Araya Salinas.<\/p>\n<p>Este hombre asegura que pudo haber sido \u00e9l quien hubiera muerto por causa del planch\u00f3n, pero que nunca olvidar\u00e1 la sonrisa de su compa\u00f1ero que ocup\u00f3 el lugar que a \u00e9l le correspond\u00eda para acu\u00f1ar la mina, y que no dud\u00f3 un segundo en tratar de rescatar a su compa\u00f1ero, a pesar del riesgo que corri\u00f3, se\u00f1alando finalmente que hoy despu\u00e9s de quince a\u00f1os de trabajar en minas, donde en muchos a\u00f1os tuvo la oportunidad de trabajar con su compa\u00f1ero Juan Lazo, est\u00e1 pensando seriamente en nunca m\u00e1s ingresar a una mina despu\u00e9s de la traum\u00e1tica experiencia vivida en el norte del pa\u00eds.<\/p>\n<p>Juan Marcelo Tapia Duh\u00f3, hijo del due\u00f1o de la mina Barquito que tambi\u00e9n viaj\u00f3 desde Copiap\u00f3 junto a los restos del minero fallecido, dijo que su padre est\u00e1 destrozado por la tragedia minera, pues Juan Lazo era m\u00e1s que un trabajador, y era considerado junto a Don Jacinto como amigos de la familia, por lo que a\u00fan no logran entender tan lamentable accidente, agregando que la mina Barquito se encontraba trabajando en forma reglamentaria, con algunas observaciones de Sernageomin, y con todas las medidas de seguridad, en un accidente que calific\u00f3 como fortuito e impredecible, por lo que dijo que esta tragedia no tan solo ha golpeado a la familia de Juan Lazo y a la comunidad de Putaendo, sino que mantiene destrozada tambi\u00e9n a su familia por la p\u00e9rdida de su trabajador, considerado m\u00e1s que un trabajador como un amigo.<\/p>\n<p><strong>Patricio Gallardo M.<\/strong><\/p>\n","protected":false},"excerpt":{"rendered":"<p>Don Jacinto Araya Salinas cuenta bastante emocionado el momento en que sucedi\u00f3 la tragedia que le cost\u00f3 la vida a su compa\u00f1ero, a quien con todo su esfuerzo sac\u00f3 de entre los&#8230;<\/p>\n","protected":false},"author":482,"featured_media":5875,"comment_status":"open","ping_status":"open","sticky":false,"template":"","format":"standard","meta":{"advanced_seo_description":"","jetpack_seo_html_title":"","jetpack_seo_noindex":false,"_jetpack_memberships_contains_paid_content":false,"footnotes":""},"categories":[15],"tags":[],"class_list":["post-5874","post","type-post","status-publish","format-standard","has-post-thumbnail","hentry","category-comunidad"],"jetpack_featured_media_url":"https:\/\/i0.wp.com\/eltrabajo.cl\/portal\/wp-content\/uploads\/2011\/11\/MINERO-JACINTO-ARAYA-SALINAS-RESCATO-CON-SUS-MANOS-A-COMPANERO-FALLECIDO-2.jpg?fit=600%2C451&ssl=1","jetpack_sharing_enabled":true,"jetpack_likes_enabled":true,"jetpack-related-posts":[],"_links":{"self":[{"href":"https:\/\/eltrabajo.cl\/portal\/wp-json\/wp\/v2\/posts\/5874","targetHints":{"allow":["GET"]}}],"collection":[{"href":"https:\/\/eltrabajo.cl\/portal\/wp-json\/wp\/v2\/posts"}],"about":[{"href":"https:\/\/eltrabajo.cl\/portal\/wp-json\/wp\/v2\/types\/post"}],"author":[{"embeddable":true,"href":"https:\/\/eltrabajo.cl\/portal\/wp-json\/wp\/v2\/users\/482"}],"replies":[{"embeddable":true,"href":"https:\/\/eltrabajo.cl\/portal\/wp-json\/wp\/v2\/comments?post=5874"}],"version-history":[{"count":0,"href":"https:\/\/eltrabajo.cl\/portal\/wp-json\/wp\/v2\/posts\/5874\/revisions"}],"wp:featuredmedia":[{"embeddable":true,"href":"https:\/\/eltrabajo.cl\/portal\/wp-json\/wp\/v2\/media\/5875"}],"wp:attachment":[{"href":"https:\/\/eltrabajo.cl\/portal\/wp-json\/wp\/v2\/media?parent=5874"}],"wp:term":[{"taxonomy":"category","embeddable":true,"href":"https:\/\/eltrabajo.cl\/portal\/wp-json\/wp\/v2\/categories?post=5874"},{"taxonomy":"post_tag","embeddable":true,"href":"https:\/\/eltrabajo.cl\/portal\/wp-json\/wp\/v2\/tags?post=5874"}],"curies":[{"name":"wp","href":"https:\/\/api.w.org\/{rel}","templated":true}]}}