{"id":58755,"date":"2015-06-05T09:50:59","date_gmt":"2015-06-05T12:50:59","guid":{"rendered":"http:\/\/www.eltrabajo.cl\/portal\/?p=58755"},"modified":"2015-06-05T09:50:59","modified_gmt":"2015-06-05T12:50:59","slug":"desconocidos-propinan-brutal-paliza-a-dos-jovenes-en-plena-via-publica","status":"publish","type":"post","link":"https:\/\/eltrabajo.cl\/portal\/desconocidos-propinan-brutal-paliza-a-dos-jovenes-en-plena-via-publica\/","title":{"rendered":"Desconocidos propinan brutal paliza a dos j\u00f3venes en plena v\u00eda p\u00fablica"},"content":{"rendered":"<figure id=\"attachment_58756\" aria-describedby=\"caption-attachment-58756\" style=\"width: 300px\" class=\"wp-caption alignleft\"><a href=\"https:\/\/i0.wp.com\/www.eltrabajo.cl\/portal\/wp-content\/uploads\/2015\/06\/HERIDO-1.jpg\"><img data-recalc-dims=\"1\" loading=\"lazy\" decoding=\"async\" class=\"wp-image-58756 size-medium\" src=\"https:\/\/i0.wp.com\/www.eltrabajo.cl\/portal\/wp-content\/uploads\/2015\/06\/HERIDO-1-300x198.jpg?resize=300%2C198\" alt=\"Este joven, que se encontraba en visible estado de ebriedad, sufri\u00f3 una golpiza de parte de desconocidos, transcendiendo que los sucesos se tratar\u00edan de un \u2018ajuste de cuentas\u2019 resultando policontuso y con una profusa herida en el labio, debiendo ser asistido por personal del Samu.\" width=\"300\" height=\"198\" srcset=\"https:\/\/i0.wp.com\/eltrabajo.cl\/portal\/wp-content\/uploads\/2015\/06\/HERIDO-1.jpg?resize=300%2C198&amp;ssl=1 300w, https:\/\/i0.wp.com\/eltrabajo.cl\/portal\/wp-content\/uploads\/2015\/06\/HERIDO-1.jpg?resize=200%2C132&amp;ssl=1 200w, https:\/\/i0.wp.com\/eltrabajo.cl\/portal\/wp-content\/uploads\/2015\/06\/HERIDO-1.jpg?resize=227%2C150&amp;ssl=1 227w, https:\/\/i0.wp.com\/eltrabajo.cl\/portal\/wp-content\/uploads\/2015\/06\/HERIDO-1.jpg?resize=400%2C264&amp;ssl=1 400w, https:\/\/i0.wp.com\/eltrabajo.cl\/portal\/wp-content\/uploads\/2015\/06\/HERIDO-1.jpg?w=530&amp;ssl=1 530w\" sizes=\"auto, (max-width: 300px) 100vw, 300px\" \/><\/a><figcaption id=\"caption-attachment-58756\" class=\"wp-caption-text\">Este joven, que se encontraba en visible estado de ebriedad, sufri\u00f3 una golpiza de parte de desconocidos, transcendiendo que los sucesos se tratar\u00edan de un \u2018ajuste de cuentas\u2019 resultando policontuso y con una profusa herida en el labio, debiendo ser asistido por personal del Samu.<\/figcaption><\/figure>\n<p>En la intersecci\u00f3n de calle Toro Mazote con Hermanos Carrera, a eso de las 20:30 horas del mi\u00e9rcoles, una de las v\u00edctimas se encontraba tendida sobre la calle sangrando profusamente tras haber sido agredido a golpes junto a su amigo por v\u00e1ndalos, sin mediar provocaci\u00f3n, seg\u00fan relatan. Gran cantidad de vecinos salieron a socorrer a los afectados a la espera del personal del Samu y Carabineros.<br \/>\nCon dos j\u00f3venes heridos de mediana intensidad result\u00f3 un confuso incidente registrado a eso de las 20:30 horas del mi\u00e9rcoles, cuando ambos muchachos aseguran haber sido v\u00edctimas de violentos golpes de pies y pu\u00f1os, adem\u00e1s del uso de un palo, por al menos cuatro desconocidos que los abordaron por la espalda cuando se desplazaban por calle Toro Mazote esquina Hermanos Carrera en la comuna de San Felipe.<br \/>\nA consecuencia de la golpiza, una de las v\u00edctimas, de 22 a\u00f1os, result\u00f3 con una profusa herida en el labio, quedando tendido por algunos minutos sobre la calzada mientras sangraba. Asimismo, el segundo protagonista afectado result\u00f3 con lesiones leves en su cabeza, siendo asistido en primera instancia por los transe\u00fantes que a esas horas circulaban por la arteria, requiriendo la presencia del personal del Samu que concurri\u00f3 al lugar de los hechos.<br \/>\nLos param\u00e9dicos comenzaron asistir a los lesionados, auxiliando al m\u00e1s afectado que continuaba sangrando, en donde se presum\u00eda que habr\u00eda sufrido un corte en su cara. Finalmente, los profesionales de la salud diagnosticaron una herida en la boca producto de una ca\u00edda al suelo, mientras que el segundo afectado, estudiante universitario, result\u00f3 policontuso de car\u00e1cter leve.<br \/>\nEn el lugar de los hechos, Diario El Trabajo se entrevist\u00f3 con el joven estudiante, quien asegur\u00f3 fuera de micr\u00f3fonos, que los sucesos se produjeron sin mediar ning\u00fan tipo de provocaci\u00f3n, desconociendo la identidad de los antisociales. No obstante, y considerando que no fueron v\u00edctimas de robo, algunos vecinos del sector se\u00f1alaron que probablemente se tratar\u00eda de un ajuste de cuentas contra uno de ellos.<br \/>\nEl universitario detall\u00f3 que, tras haber consumido alcohol con su amigo en su vivienda, se desplazaron hacia la avenida Yungay con el objetivo de concurrir hasta la casa de otra amistad que los estaba esperando en la Alameda Chacabuco. Momentos en que fueron golpeados por cuatro v\u00e1ndalos, uno de ellos movilizado en una bicicleta, armado con un palo que sin mediar provocaci\u00f3n alguna \u2013asever\u00f3- fueron golpeados por estos sujetos, describiendo haber intentado perseguir a uno de ellos por unos metros, pero al descubrir a su amigo sangrando en medio de la calle, decidi\u00f3 devolverse para auxiliarlo, desconociendo las reales intensiones de la brutal golpiza.<br \/>\nSin embargo, hasta el lugar concurri\u00f3 personal de Carabineros quienes acogieron las denuncias de los afectados en medio de una gran cantidad de vecinos y automovilistas que at\u00f3nitos observaban lo ocurrido. El joven m\u00e1s afectado, domiciliado en el sector de Guzmanes, declin\u00f3 recibir atenci\u00f3n m\u00e9dica por lo que minutos m\u00e1s tarde, cuando se restableci\u00f3 el orden, se retiraron hasta sus domicilios.<br \/>\n<strong>Pablo Salinas Sald\u00edas<\/strong><\/p>\n<div class=\"tiled-gallery type-rectangular tiled-gallery-unresized\" data-original-width=\"640\" data-carousel-extra='null' itemscope itemtype=\"http:\/\/schema.org\/ImageGallery\" > <div class=\"gallery-row\" style=\"width: 640px; height: 283px;\" data-original-width=\"640\" data-original-height=\"283\" > <div class=\"gallery-group images-1\" style=\"width: 427px; height: 283px;\" data-original-width=\"427\" data-original-height=\"283\" > <div class=\"tiled-gallery-item tiled-gallery-item-large\" itemprop=\"associatedMedia\" itemscope itemtype=\"http:\/\/schema.org\/ImageObject\"> <a href=\"https:\/\/eltrabajo.cl\/portal\/desconocidos-propinan-brutal-paliza-a-dos-jovenes-en-plena-via-publica\/golpeado-2\/\" border=\"0\" itemprop=\"url\"> <meta itemprop=\"width\" content=\"423\"> <meta itemprop=\"height\" content=\"279\"> <img decoding=\"async\" class=\"\" data-attachment-id=\"58758\" data-orig-file=\"https:\/\/eltrabajo.cl\/portal\/wp-content\/uploads\/2015\/06\/GOLPEADO1.jpg\" data-orig-size=\"530,350\" data-comments-opened=\"1\" data-image-meta=\"{&quot;aperture&quot;:&quot;0&quot;,&quot;credit&quot;:&quot;&quot;,&quot;camera&quot;:&quot;&quot;,&quot;caption&quot;:&quot;&quot;,&quot;created_timestamp&quot;:&quot;0&quot;,&quot;copyright&quot;:&quot;&quot;,&quot;focal_length&quot;:&quot;0&quot;,&quot;iso&quot;:&quot;0&quot;,&quot;shutter_speed&quot;:&quot;0&quot;,&quot;title&quot;:&quot;&quot;,&quot;orientation&quot;:&quot;0&quot;}\" data-image-title=\"GOLPEADO\" data-image-description=\"&lt;p&gt;Los vecinos del sector conmocionados al advertir al joven que sangraba profusamente en la calzada. &lt;\/p&gt; \" data-medium-file=\"https:\/\/i0.wp.com\/eltrabajo.cl\/portal\/wp-content\/uploads\/2015\/06\/GOLPEADO1.jpg?fit=300%2C198&#038;ssl=1\" data-large-file=\"https:\/\/i0.wp.com\/eltrabajo.cl\/portal\/wp-content\/uploads\/2015\/06\/GOLPEADO1.jpg?fit=530%2C350&#038;ssl=1\" src=\"https:\/\/i0.wp.com\/eltrabajo.cl\/portal\/wp-content\/uploads\/2015\/06\/GOLPEADO1.jpg?w=423&#038;h=279&#038;ssl=1\" srcset=\"https:\/\/i0.wp.com\/eltrabajo.cl\/portal\/wp-content\/uploads\/2015\/06\/GOLPEADO1.jpg?w=530&amp;ssl=1 530w, https:\/\/i0.wp.com\/eltrabajo.cl\/portal\/wp-content\/uploads\/2015\/06\/GOLPEADO1.jpg?resize=200%2C132&amp;ssl=1 200w, https:\/\/i0.wp.com\/eltrabajo.cl\/portal\/wp-content\/uploads\/2015\/06\/GOLPEADO1.jpg?resize=300%2C198&amp;ssl=1 300w, https:\/\/i0.wp.com\/eltrabajo.cl\/portal\/wp-content\/uploads\/2015\/06\/GOLPEADO1.jpg?resize=227%2C150&amp;ssl=1 227w, https:\/\/i0.wp.com\/eltrabajo.cl\/portal\/wp-content\/uploads\/2015\/06\/GOLPEADO1.jpg?resize=400%2C264&amp;ssl=1 400w\" width=\"423\" height=\"279\" loading=\"lazy\" data-original-width=\"423\" data-original-height=\"279\" itemprop=\"http:\/\/schema.org\/image\" title=\"GOLPEADO\" alt=\"Los vecinos del sector conmocionados al advertir al joven que sangraba profusamente en la calzada.\" style=\"width: 423px; height: 279px;\" \/> <\/a> <div class=\"tiled-gallery-caption\" itemprop=\"caption description\"> Los vecinos del sector conmocionados al advertir al joven que sangraba profusamente en la calzada. <\/div> <\/div> <\/div> <!-- close group --> <div class=\"gallery-group images-2\" style=\"width: 213px; height: 283px;\" data-original-width=\"213\" data-original-height=\"283\" > <div class=\"tiled-gallery-item tiled-gallery-item-small\" itemprop=\"associatedMedia\" itemscope itemtype=\"http:\/\/schema.org\/ImageObject\"> <a href=\"https:\/\/eltrabajo.cl\/portal\/desconocidos-propinan-brutal-paliza-a-dos-jovenes-en-plena-via-publica\/herido-2\/\" border=\"0\" itemprop=\"url\"> <meta itemprop=\"width\" content=\"209\"> <meta itemprop=\"height\" content=\"138\"> <img decoding=\"async\" class=\"\" data-attachment-id=\"58759\" data-orig-file=\"https:\/\/eltrabajo.cl\/portal\/wp-content\/uploads\/2015\/06\/HERIDO-2.jpg\" data-orig-size=\"530,350\" data-comments-opened=\"1\" data-image-meta=\"{&quot;aperture&quot;:&quot;0&quot;,&quot;credit&quot;:&quot;Picasa&quot;,&quot;camera&quot;:&quot;&quot;,&quot;caption&quot;:&quot;&quot;,&quot;created_timestamp&quot;:&quot;0&quot;,&quot;copyright&quot;:&quot;&quot;,&quot;focal_length&quot;:&quot;0&quot;,&quot;iso&quot;:&quot;0&quot;,&quot;shutter_speed&quot;:&quot;0&quot;,&quot;title&quot;:&quot;&quot;,&quot;orientation&quot;:&quot;0&quot;}\" data-image-title=\"HERIDO 2\" data-image-description=\"&lt;p&gt;El segundo afectado result\u00f3 con algunas lesiones leves en su cabeza y policontusiones en su cuerpo.&lt;\/p&gt; \" data-medium-file=\"https:\/\/i0.wp.com\/eltrabajo.cl\/portal\/wp-content\/uploads\/2015\/06\/HERIDO-2.jpg?fit=300%2C198&#038;ssl=1\" data-large-file=\"https:\/\/i0.wp.com\/eltrabajo.cl\/portal\/wp-content\/uploads\/2015\/06\/HERIDO-2.jpg?fit=530%2C350&#038;ssl=1\" src=\"https:\/\/i0.wp.com\/eltrabajo.cl\/portal\/wp-content\/uploads\/2015\/06\/HERIDO-2.jpg?w=209&#038;h=138&#038;ssl=1\" srcset=\"https:\/\/i0.wp.com\/eltrabajo.cl\/portal\/wp-content\/uploads\/2015\/06\/HERIDO-2.jpg?w=530&amp;ssl=1 530w, https:\/\/i0.wp.com\/eltrabajo.cl\/portal\/wp-content\/uploads\/2015\/06\/HERIDO-2.jpg?resize=200%2C132&amp;ssl=1 200w, https:\/\/i0.wp.com\/eltrabajo.cl\/portal\/wp-content\/uploads\/2015\/06\/HERIDO-2.jpg?resize=300%2C198&amp;ssl=1 300w, https:\/\/i0.wp.com\/eltrabajo.cl\/portal\/wp-content\/uploads\/2015\/06\/HERIDO-2.jpg?resize=227%2C150&amp;ssl=1 227w, https:\/\/i0.wp.com\/eltrabajo.cl\/portal\/wp-content\/uploads\/2015\/06\/HERIDO-2.jpg?resize=400%2C264&amp;ssl=1 400w\" width=\"209\" height=\"138\" loading=\"lazy\" data-original-width=\"209\" data-original-height=\"138\" itemprop=\"http:\/\/schema.org\/image\" title=\"HERIDO 2\" alt=\"El segundo afectado result\u00f3 con algunas lesiones leves en su cabeza y policontusiones en su cuerpo.\" style=\"width: 209px; height: 138px;\" \/> <\/a> <div class=\"tiled-gallery-caption\" itemprop=\"caption description\"> El segundo afectado result\u00f3 con algunas lesiones leves en su cabeza y policontusiones en su cuerpo. <\/div> <\/div> <div class=\"tiled-gallery-item tiled-gallery-item-small\" itemprop=\"associatedMedia\" itemscope itemtype=\"http:\/\/schema.org\/ImageObject\"> <a href=\"https:\/\/eltrabajo.cl\/portal\/desconocidos-propinan-brutal-paliza-a-dos-jovenes-en-plena-via-publica\/escena-1\/\" border=\"0\" itemprop=\"url\"> <meta itemprop=\"width\" content=\"209\"> <meta itemprop=\"height\" content=\"137\"> <img decoding=\"async\" class=\"\" data-attachment-id=\"58757\" data-orig-file=\"https:\/\/eltrabajo.cl\/portal\/wp-content\/uploads\/2015\/06\/ESCENA-1.jpg\" data-orig-size=\"530,349\" data-comments-opened=\"1\" data-image-meta=\"{&quot;aperture&quot;:&quot;0&quot;,&quot;credit&quot;:&quot;Picasa&quot;,&quot;camera&quot;:&quot;&quot;,&quot;caption&quot;:&quot;&quot;,&quot;created_timestamp&quot;:&quot;0&quot;,&quot;copyright&quot;:&quot;&quot;,&quot;focal_length&quot;:&quot;0&quot;,&quot;iso&quot;:&quot;0&quot;,&quot;shutter_speed&quot;:&quot;0&quot;,&quot;title&quot;:&quot;&quot;,&quot;orientation&quot;:&quot;0&quot;}\" data-image-title=\"ESCENA 1\" data-image-description=\"&lt;p&gt;El universitario asegur\u00f3 desconocer las motivaciones de esta golpiza propinada por cuatro desconocidos en calle Toro Mazote esquina Hermanos Carrera en San Felipe a eso de las 20:30 horas.&lt;\/p&gt; \" data-medium-file=\"https:\/\/i0.wp.com\/eltrabajo.cl\/portal\/wp-content\/uploads\/2015\/06\/ESCENA-1.jpg?fit=300%2C198&#038;ssl=1\" data-large-file=\"https:\/\/i0.wp.com\/eltrabajo.cl\/portal\/wp-content\/uploads\/2015\/06\/ESCENA-1.jpg?fit=530%2C349&#038;ssl=1\" src=\"https:\/\/i0.wp.com\/eltrabajo.cl\/portal\/wp-content\/uploads\/2015\/06\/ESCENA-1.jpg?w=209&#038;h=137&#038;ssl=1\" srcset=\"https:\/\/i0.wp.com\/eltrabajo.cl\/portal\/wp-content\/uploads\/2015\/06\/ESCENA-1.jpg?w=530&amp;ssl=1 530w, https:\/\/i0.wp.com\/eltrabajo.cl\/portal\/wp-content\/uploads\/2015\/06\/ESCENA-1.jpg?resize=200%2C132&amp;ssl=1 200w, https:\/\/i0.wp.com\/eltrabajo.cl\/portal\/wp-content\/uploads\/2015\/06\/ESCENA-1.jpg?resize=300%2C198&amp;ssl=1 300w, https:\/\/i0.wp.com\/eltrabajo.cl\/portal\/wp-content\/uploads\/2015\/06\/ESCENA-1.jpg?resize=228%2C150&amp;ssl=1 228w, https:\/\/i0.wp.com\/eltrabajo.cl\/portal\/wp-content\/uploads\/2015\/06\/ESCENA-1.jpg?resize=400%2C263&amp;ssl=1 400w\" width=\"209\" height=\"137\" loading=\"lazy\" data-original-width=\"209\" data-original-height=\"137\" itemprop=\"http:\/\/schema.org\/image\" title=\"ESCENA 1\" alt=\"El universitario asegur\u00f3 desconocer las motivaciones de esta golpiza propinada por cuatro desconocidos en calle Toro Mazote esquina Hermanos Carrera en San Felipe a eso de las 20:30 horas.\" style=\"width: 209px; height: 137px;\" \/> <\/a> <div class=\"tiled-gallery-caption\" itemprop=\"caption description\"> El universitario asegur\u00f3 desconocer las motivaciones de esta golpiza propinada por cuatro desconocidos en calle Toro Mazote esquina Hermanos Carrera en San Felipe a eso de las 20:30 horas. <\/div> <\/div> <\/div> <!-- close group --> <\/div> <!-- close row --> <\/div>\n","protected":false},"excerpt":{"rendered":"<p>En la intersecci\u00f3n de calle Toro Mazote con Hermanos Carrera, a eso de las 20:30 horas del mi\u00e9rcoles, una de las v\u00edctimas se encontraba tendida sobre la calle sangrando profusamente tras haber&#8230;<\/p>\n","protected":false},"author":482,"featured_media":58756,"comment_status":"open","ping_status":"open","sticky":false,"template":"","format":"standard","meta":{"advanced_seo_description":"","jetpack_seo_html_title":"","jetpack_seo_noindex":false,"_jetpack_memberships_contains_paid_content":false,"footnotes":""},"categories":[21],"tags":[],"class_list":["post-58755","post","type-post","status-publish","format-standard","has-post-thumbnail","hentry","category-policial"],"jetpack_featured_media_url":"https:\/\/i0.wp.com\/eltrabajo.cl\/portal\/wp-content\/uploads\/2015\/06\/HERIDO-1.jpg?fit=530%2C350&ssl=1","jetpack_sharing_enabled":true,"jetpack_likes_enabled":true,"jetpack-related-posts":[],"_links":{"self":[{"href":"https:\/\/eltrabajo.cl\/portal\/wp-json\/wp\/v2\/posts\/58755","targetHints":{"allow":["GET"]}}],"collection":[{"href":"https:\/\/eltrabajo.cl\/portal\/wp-json\/wp\/v2\/posts"}],"about":[{"href":"https:\/\/eltrabajo.cl\/portal\/wp-json\/wp\/v2\/types\/post"}],"author":[{"embeddable":true,"href":"https:\/\/eltrabajo.cl\/portal\/wp-json\/wp\/v2\/users\/482"}],"replies":[{"embeddable":true,"href":"https:\/\/eltrabajo.cl\/portal\/wp-json\/wp\/v2\/comments?post=58755"}],"version-history":[{"count":0,"href":"https:\/\/eltrabajo.cl\/portal\/wp-json\/wp\/v2\/posts\/58755\/revisions"}],"wp:featuredmedia":[{"embeddable":true,"href":"https:\/\/eltrabajo.cl\/portal\/wp-json\/wp\/v2\/media\/58756"}],"wp:attachment":[{"href":"https:\/\/eltrabajo.cl\/portal\/wp-json\/wp\/v2\/media?parent=58755"}],"wp:term":[{"taxonomy":"category","embeddable":true,"href":"https:\/\/eltrabajo.cl\/portal\/wp-json\/wp\/v2\/categories?post=58755"},{"taxonomy":"post_tag","embeddable":true,"href":"https:\/\/eltrabajo.cl\/portal\/wp-json\/wp\/v2\/tags?post=58755"}],"curies":[{"name":"wp","href":"https:\/\/api.w.org\/{rel}","templated":true}]}}