{"id":58769,"date":"2015-06-08T09:28:58","date_gmt":"2015-06-08T12:28:58","guid":{"rendered":"http:\/\/www.eltrabajo.cl\/portal\/?p=58769"},"modified":"2015-06-08T09:28:58","modified_gmt":"2015-06-08T12:28:58","slug":"con-ofrenda-a-expresidente-aguirre-cerda-masones-celebraron-153-anos","status":"publish","type":"post","link":"https:\/\/eltrabajo.cl\/portal\/con-ofrenda-a-expresidente-aguirre-cerda-masones-celebraron-153-anos\/","title":{"rendered":"Con ofrenda a expresidente Aguirre Cerda, masones celebraron 153 a\u00f1os"},"content":{"rendered":"<figure id=\"attachment_58770\" aria-describedby=\"caption-attachment-58770\" style=\"width: 300px\" class=\"wp-caption alignleft\"><a href=\"https:\/\/i0.wp.com\/www.eltrabajo.cl\/portal\/wp-content\/uploads\/2015\/06\/Masones4.jpg\"><img data-recalc-dims=\"1\" loading=\"lazy\" decoding=\"async\" class=\"wp-image-58770 size-medium\" src=\"https:\/\/i0.wp.com\/www.eltrabajo.cl\/portal\/wp-content\/uploads\/2015\/06\/Masones4-300x198.jpg?resize=300%2C198\" alt=\"CITA MASONA.- Muchos masones de la Jurisdicci\u00f3n Aconcagua se dieron cita para celebrar p\u00fablicamente el 153\u00ba aniversario de la Gran Logia de Chile, en Los Andes.\" width=\"300\" height=\"198\" srcset=\"https:\/\/i0.wp.com\/eltrabajo.cl\/portal\/wp-content\/uploads\/2015\/06\/Masones4.jpg?resize=300%2C198&amp;ssl=1 300w, https:\/\/i0.wp.com\/eltrabajo.cl\/portal\/wp-content\/uploads\/2015\/06\/Masones4.jpg?resize=200%2C132&amp;ssl=1 200w, https:\/\/i0.wp.com\/eltrabajo.cl\/portal\/wp-content\/uploads\/2015\/06\/Masones4.jpg?resize=228%2C150&amp;ssl=1 228w, https:\/\/i0.wp.com\/eltrabajo.cl\/portal\/wp-content\/uploads\/2015\/06\/Masones4.jpg?resize=400%2C263&amp;ssl=1 400w, https:\/\/i0.wp.com\/eltrabajo.cl\/portal\/wp-content\/uploads\/2015\/06\/Masones4.jpg?w=530&amp;ssl=1 530w\" sizes=\"auto, (max-width: 300px) 100vw, 300px\" \/><\/a><figcaption id=\"caption-attachment-58770\" class=\"wp-caption-text\">CITA MASONA.- Muchos masones de la Jurisdicci\u00f3n Aconcagua se dieron cita para celebrar p\u00fablicamente el 153\u00ba aniversario de la Gran Logia de Chile, en Los Andes.<\/figcaption><\/figure>\n<p><strong>LOS ANDES.-<\/strong> Una cita de primera orden y enmarcada en el 153\u00ba aniversario de la Gran Logia de Chile, es la que se llev\u00f3 a cabo en el frontis del Liceo Rep\u00fablica Argentina en Los Andes, en donde decenas de francmasones del pa\u00eds, especialmente de las logias Patria y Libertad N\u00ba30 de San Felipe, as\u00ed como de la Logia Ariel 62 de Los Andes y de la Gran Logia de Santiago, ofrecieron una ofrenda floral al monumento en honor del expresidente de la Rep\u00fablica Pedro Aguirre Cerda, quien en vida se cultiv\u00f3 en las \u00f3rdenes mas\u00f3nicas de nuestro pa\u00eds, y quien tambi\u00e9n dio un especial impulso a la educaci\u00f3n p\u00fablica, pues \u00e9l era profesor.<br \/>\nA la actividad asistieron la Gobernadora Victoria Rodr\u00edguez; el Alcalde Mauricio Navarro y el Gran Maestro de la Gran Logia de Chile, Luis Riveros Cornejo, quienes al lado de los presentes disfrutaron tambi\u00e9n de la presentaci\u00f3n del Coro Infantil de la Escuela Rep\u00fablica Argentina y la Banda Instrumental del Liceo Am\u00e9rica.<\/p>\n<p><strong>VISITA ILUSTRE<\/strong><br \/>\nDiario El Trabajo habl\u00f3 con el Alcalde Navarro, quien coment\u00f3 que \u00abdefinitivamente este homenaje al expresidentes Aguirre Cerda, es un honor para nuestra ciudad tambi\u00e9n, contar con la presencia de don Luis Riveros, recordemos que \u00e9l fue Rector de la Universidad de Chile, todos en nuestro pa\u00eds debemos reconocer la importante labor que la masoner\u00eda ha realizado en beneficio de la educaci\u00f3n en todo nuestro pa\u00eds\u00bb.<\/p>\n<p><strong>LOGIAS ABIERTAS<\/strong><br \/>\nPor su parte el venerable Maestro Hern\u00e1n Urbina Zamora, en representaci\u00f3n de la Logia N\u00ba36 Patria y Libertad de San Felipe, explic\u00f3 a nuestro medio que \u00abtodos los a\u00f1os celebramos el aniversario de la Gran Logia de Chile, este a\u00f1o el acto estuvo muy bien preparado y esta ofrenda floral le da mayor realce al evento. Ambas logias, la de Los Andes y nosotros, estamos trabajando muy unidas para proyectarnos al mundo profano, en estos d\u00edas abrimos las puertas de nuestra casa mas\u00f3nica a la comunidad\u00bb.<br \/>\nGuillermo Tapia Barrios, Venerable Maestro de la Logia Ariel 62 de Los Andes, agreg\u00f3 por su parte que \u00abestamos muy alegres con la celebraci\u00f3n de estos 153 a\u00f1os de la Gran Logia de Chile, agradecemos la visita de nuestro Gran Maestro Luis Riveros, la educaci\u00f3n ocupa primer lugar en nuestra lista de prioridades a lo que damos apoyo, buscamos tambi\u00e9n como masones, combatir las desigualdades en nuestra sociedad de manera diligente y enfocada en la educaci\u00f3n. Estas dos logias, la de San Felipe y de Los Andes, conformamos la Jurisdicci\u00f3n Aconcagua, somos masones que estamos siempre apoyando distintos centros educativos de nuestro valle\u00bb.<\/p>\n<p><strong>A SOLAS CON EL \u00a0GRAN MAESTRO<\/strong><br \/>\nEl Gran Maestro de la Gran Logia de Chile, Luis Riveros Cornejo, explic\u00f3 a nuestro medio que \u00abnos sentimos muy agradados con este acto tan significativo, como es lograr 153 a\u00f1os de vida como instituci\u00f3n, en este acto p\u00fablico. Queremos seguir actuando p\u00fablicamente frente a la comunidad, y creo que aqu\u00ed hoy se cumpli\u00f3 con este prop\u00f3sito, lo que ratifica uno de los m\u00e1s importantes compromisos de la masoner\u00eda chilena, como lo hemos dicho en todo Chile. Nosotros como masones, tenemos una red de colegios que auspiciamos y apoyamos, son alrededor de 17.000 estudiantes a nivel nacional los que est\u00e1n en esos colegios\u00bb.<br \/>\nAl evento asistieron tambi\u00e9n, para hacer cobertura period\u00edstica, medios locales e internacionales, pues las c\u00e1maras de Diario El Trabajo estuvieron tomando nota de cada detalle de la actividad. Finalmente los masones departieron en un \u00e1gape privado en la logia andina, en donde estrecharon m\u00e1s los lazos que los unen entre s\u00ed, cual una cadena irrompible.<br \/>\n<strong>Roberto Gonz\u00e1lez Short<\/strong><br \/>\nENVIADO ESPECIAL<br \/>\nrgonzalez@eltrabajo.cl<\/p>\n","protected":false},"excerpt":{"rendered":"<p>LOS ANDES.- Una cita de primera orden y enmarcada en el 153\u00ba aniversario de la Gran Logia de Chile, es la que se llev\u00f3 a cabo en el frontis del Liceo Rep\u00fablica&#8230;<\/p>\n","protected":false},"author":482,"featured_media":58770,"comment_status":"open","ping_status":"open","sticky":false,"template":"","format":"standard","meta":{"advanced_seo_description":"","jetpack_seo_html_title":"","jetpack_seo_noindex":false,"_jetpack_memberships_contains_paid_content":false,"footnotes":""},"categories":[15],"tags":[],"class_list":["post-58769","post","type-post","status-publish","format-standard","has-post-thumbnail","hentry","category-comunidad"],"jetpack_featured_media_url":"https:\/\/i0.wp.com\/eltrabajo.cl\/portal\/wp-content\/uploads\/2015\/06\/Masones4.jpg?fit=530%2C349&ssl=1","jetpack_sharing_enabled":true,"jetpack_likes_enabled":true,"jetpack-related-posts":[],"_links":{"self":[{"href":"https:\/\/eltrabajo.cl\/portal\/wp-json\/wp\/v2\/posts\/58769","targetHints":{"allow":["GET"]}}],"collection":[{"href":"https:\/\/eltrabajo.cl\/portal\/wp-json\/wp\/v2\/posts"}],"about":[{"href":"https:\/\/eltrabajo.cl\/portal\/wp-json\/wp\/v2\/types\/post"}],"author":[{"embeddable":true,"href":"https:\/\/eltrabajo.cl\/portal\/wp-json\/wp\/v2\/users\/482"}],"replies":[{"embeddable":true,"href":"https:\/\/eltrabajo.cl\/portal\/wp-json\/wp\/v2\/comments?post=58769"}],"version-history":[{"count":0,"href":"https:\/\/eltrabajo.cl\/portal\/wp-json\/wp\/v2\/posts\/58769\/revisions"}],"wp:featuredmedia":[{"embeddable":true,"href":"https:\/\/eltrabajo.cl\/portal\/wp-json\/wp\/v2\/media\/58770"}],"wp:attachment":[{"href":"https:\/\/eltrabajo.cl\/portal\/wp-json\/wp\/v2\/media?parent=58769"}],"wp:term":[{"taxonomy":"category","embeddable":true,"href":"https:\/\/eltrabajo.cl\/portal\/wp-json\/wp\/v2\/categories?post=58769"},{"taxonomy":"post_tag","embeddable":true,"href":"https:\/\/eltrabajo.cl\/portal\/wp-json\/wp\/v2\/tags?post=58769"}],"curies":[{"name":"wp","href":"https:\/\/api.w.org\/{rel}","templated":true}]}}