{"id":58772,"date":"2015-06-08T09:29:56","date_gmt":"2015-06-08T12:29:56","guid":{"rendered":"http:\/\/www.eltrabajo.cl\/portal\/?p=58772"},"modified":"2015-06-08T09:29:56","modified_gmt":"2015-06-08T12:29:56","slug":"primer-encuentro-regional-para-fortalecer-la-educacion-artistica","status":"publish","type":"post","link":"https:\/\/eltrabajo.cl\/portal\/primer-encuentro-regional-para-fortalecer-la-educacion-artistica\/","title":{"rendered":"Primer Encuentro Regional para fortalecer la Educaci\u00f3n Art\u00edstica"},"content":{"rendered":"<figure id=\"attachment_58773\" aria-describedby=\"caption-attachment-58773\" style=\"width: 300px\" class=\"wp-caption alignleft\"><a href=\"https:\/\/i0.wp.com\/www.eltrabajo.cl\/portal\/wp-content\/uploads\/2015\/06\/Seminario-Ed-Art.jpg\"><img data-recalc-dims=\"1\" loading=\"lazy\" decoding=\"async\" class=\"wp-image-58773 size-medium\" src=\"https:\/\/i0.wp.com\/www.eltrabajo.cl\/portal\/wp-content\/uploads\/2015\/06\/Seminario-Ed-Art-300x198.jpg?resize=300%2C198\" alt=\"Posan para \u2018El Trabajo\u2019: Julio Silva Coord. Educ. Extraescolar Daem Putaendo; Sandra Moscatelli Coord. Nac. Ed. Art\u00edstica Mineduc; N\u00e9lida Pozo, Dir. Reg. Consejo Cultura y Artes; M\u00f3nica Mart\u00ednez, Unidad Educ. Sup.; Mar\u00eda Soledad Basulto, Rep. Mesa Regional de Ed. Art\u00edstica San Felipe, Pablo Rojas, Coord. Nacional Ed. Art\u00edstica del Consejo nacional Cultura y Artes; Maritza Libbrecht, Escuela Jos\u00e9 de San Mart\u00edn San Felipe.\" width=\"300\" height=\"198\" srcset=\"https:\/\/i0.wp.com\/eltrabajo.cl\/portal\/wp-content\/uploads\/2015\/06\/Seminario-Ed-Art.jpg?resize=300%2C198&amp;ssl=1 300w, https:\/\/i0.wp.com\/eltrabajo.cl\/portal\/wp-content\/uploads\/2015\/06\/Seminario-Ed-Art.jpg?resize=200%2C132&amp;ssl=1 200w, https:\/\/i0.wp.com\/eltrabajo.cl\/portal\/wp-content\/uploads\/2015\/06\/Seminario-Ed-Art.jpg?resize=227%2C150&amp;ssl=1 227w, https:\/\/i0.wp.com\/eltrabajo.cl\/portal\/wp-content\/uploads\/2015\/06\/Seminario-Ed-Art.jpg?resize=400%2C264&amp;ssl=1 400w, https:\/\/i0.wp.com\/eltrabajo.cl\/portal\/wp-content\/uploads\/2015\/06\/Seminario-Ed-Art.jpg?w=530&amp;ssl=1 530w\" sizes=\"auto, (max-width: 300px) 100vw, 300px\" \/><\/a><figcaption id=\"caption-attachment-58773\" class=\"wp-caption-text\">Posan para \u2018El Trabajo\u2019: Julio Silva Coord. Educ. Extraescolar Daem Putaendo; Sandra Moscatelli Coord. Nac. Ed. Art\u00edstica Mineduc; N\u00e9lida Pozo, Dir. Reg. Consejo Cultura y Artes; M\u00f3nica Mart\u00ednez, Unidad Educ. Sup.; Mar\u00eda Soledad Basulto, Rep. Mesa Regional de Ed. Art\u00edstica San Felipe, Pablo Rojas, Coord. Nacional Ed. Art\u00edstica del Consejo nacional Cultura y Artes; Maritza Libbrecht, Escuela Jos\u00e9 de San Mart\u00edn San Felipe.<\/figcaption><\/figure>\n<p>Bajo el slogan \u2018El Arte Transforma la Educaci\u00f3n\u2019, se realiz\u00f3 en Vi\u00f1a del Mar el primer Encuentro Regional de Educaci\u00f3n Art\u00edstica organizado en alianza entre la Secretar\u00eda Ministerial de Educaci\u00f3n y el Consejo de Cultura y las Artes de la regi\u00f3n de Valpara\u00edso, la que cont\u00f3 con la asistencia de profesores, representantes de los Departamentos de Educaci\u00f3n Municipal, alumnos y organizaciones art\u00edsticas regionales.<br \/>\nEn el encuentro, las autoridades encabezadas por la Seremi de la Educaci\u00f3n, Javiera Serrano y la Directora Regional del CNCA, N\u00e9lida Pozo, coincidieron en la importancia de las disciplinas art\u00edsticas en facilitar y promover la ense\u00f1anza y el desarrollo integral, creativo, cognitivo, emocional, est\u00e9tico y social de los estudiantes del sistema escolar.<br \/>\nEn el marco de la Reforma Educacional y de la Agenda Inmediata de Fortalecimiento de la Educaci\u00f3n P\u00fablica, el Ministerio de Educaci\u00f3n tiene como uno de sus prop\u00f3sitos el fortalecimiento de la calidad de \u00e9sta a trav\u00e9s del aporte que la educaci\u00f3n art\u00edstica.<br \/>\nAl respecto, la Seremi de Educaci\u00f3n, Javiera Serrano, indic\u00f3 que \u201cel Ministerio de Educaci\u00f3n cuenta con una Unidad de Educaci\u00f3n Art\u00edstica la cual hace una bajada a las regiones del trabajo y del fomento de las artes en concordancia con las l\u00edneas del Consejo de la Cultura. Es en ese marco que en este a\u00f1o hay un equipamiento art\u00edstico y un acceso a compra de 83 establecimientos en la regi\u00f3n, a lo largo de las 38 comunas. Cada uno de estos establecimientos va a poder comprar con un monto de un mill\u00f3n setecientos mil pesos, en un total de 141 millones para poder desarrollar actividades art\u00edsticas culturales durante el segundo semestre. Esta es una de las acciones que estamos desarrollando desde la Unidad Art\u00edstica en la regi\u00f3n\u201d.<br \/>\nAdem\u00e1s indic\u00f3 que se est\u00e1 en un trabajo de poder desarrollar un Plan de Artes en Educaci\u00f3n 2015-2018 para el desarrollo de las habilidades del mundo art\u00edstico, no solamente en el \u00e1rea de la m\u00fasica, sino de las expresiones art\u00edsticas, pl\u00e1sticas y de la danza.<\/p>\n","protected":false},"excerpt":{"rendered":"<p>Bajo el slogan \u2018El Arte Transforma la Educaci\u00f3n\u2019, se realiz\u00f3 en Vi\u00f1a del Mar el primer Encuentro Regional de Educaci\u00f3n Art\u00edstica organizado en alianza entre la Secretar\u00eda Ministerial de Educaci\u00f3n y el&#8230;<\/p>\n","protected":false},"author":482,"featured_media":58773,"comment_status":"open","ping_status":"open","sticky":false,"template":"","format":"standard","meta":{"advanced_seo_description":"","jetpack_seo_html_title":"","jetpack_seo_noindex":false,"_jetpack_memberships_contains_paid_content":false,"footnotes":""},"categories":[15],"tags":[],"class_list":["post-58772","post","type-post","status-publish","format-standard","has-post-thumbnail","hentry","category-comunidad"],"jetpack_featured_media_url":"https:\/\/i0.wp.com\/eltrabajo.cl\/portal\/wp-content\/uploads\/2015\/06\/Seminario-Ed-Art.jpg?fit=530%2C350&ssl=1","jetpack_sharing_enabled":true,"jetpack_likes_enabled":true,"jetpack-related-posts":[],"_links":{"self":[{"href":"https:\/\/eltrabajo.cl\/portal\/wp-json\/wp\/v2\/posts\/58772","targetHints":{"allow":["GET"]}}],"collection":[{"href":"https:\/\/eltrabajo.cl\/portal\/wp-json\/wp\/v2\/posts"}],"about":[{"href":"https:\/\/eltrabajo.cl\/portal\/wp-json\/wp\/v2\/types\/post"}],"author":[{"embeddable":true,"href":"https:\/\/eltrabajo.cl\/portal\/wp-json\/wp\/v2\/users\/482"}],"replies":[{"embeddable":true,"href":"https:\/\/eltrabajo.cl\/portal\/wp-json\/wp\/v2\/comments?post=58772"}],"version-history":[{"count":0,"href":"https:\/\/eltrabajo.cl\/portal\/wp-json\/wp\/v2\/posts\/58772\/revisions"}],"wp:featuredmedia":[{"embeddable":true,"href":"https:\/\/eltrabajo.cl\/portal\/wp-json\/wp\/v2\/media\/58773"}],"wp:attachment":[{"href":"https:\/\/eltrabajo.cl\/portal\/wp-json\/wp\/v2\/media?parent=58772"}],"wp:term":[{"taxonomy":"category","embeddable":true,"href":"https:\/\/eltrabajo.cl\/portal\/wp-json\/wp\/v2\/categories?post=58772"},{"taxonomy":"post_tag","embeddable":true,"href":"https:\/\/eltrabajo.cl\/portal\/wp-json\/wp\/v2\/tags?post=58772"}],"curies":[{"name":"wp","href":"https:\/\/api.w.org\/{rel}","templated":true}]}}