{"id":58799,"date":"2015-06-08T09:47:54","date_gmt":"2015-06-08T12:47:54","guid":{"rendered":"http:\/\/www.eltrabajo.cl\/portal\/?p=58799"},"modified":"2015-06-08T09:47:54","modified_gmt":"2015-06-08T12:47:54","slug":"adulto-mayor-fallece-tras-sufrir-paro-cardio-respiratorio-en-la-via-publica","status":"publish","type":"post","link":"https:\/\/eltrabajo.cl\/portal\/adulto-mayor-fallece-tras-sufrir-paro-cardio-respiratorio-en-la-via-publica\/","title":{"rendered":"Adulto mayor fallece tras sufrir paro cardio-respiratorio en la v\u00eda p\u00fablica"},"content":{"rendered":"<figure id=\"attachment_58800\" aria-describedby=\"caption-attachment-58800\" style=\"width: 300px\" class=\"wp-caption alignleft\"><a href=\"https:\/\/i0.wp.com\/www.eltrabajo.cl\/portal\/wp-content\/uploads\/2015\/06\/FALLECIMIENTO-2.jpg\"><img data-recalc-dims=\"1\" loading=\"lazy\" decoding=\"async\" class=\"wp-image-58800 size-medium\" src=\"https:\/\/i0.wp.com\/www.eltrabajo.cl\/portal\/wp-content\/uploads\/2015\/06\/FALLECIMIENTO-2-300x198.jpg?resize=300%2C198\" alt=\"Tanto Bomberos como personal del Samu ayudaron a Patricio Enrique Millerd Poblete de 76 a\u00f1os, cuando sufri\u00f3 un infarto en plena v\u00eda p\u00fablica.\" width=\"300\" height=\"198\" srcset=\"https:\/\/i0.wp.com\/eltrabajo.cl\/portal\/wp-content\/uploads\/2015\/06\/FALLECIMIENTO-2.jpg?resize=300%2C198&amp;ssl=1 300w, https:\/\/i0.wp.com\/eltrabajo.cl\/portal\/wp-content\/uploads\/2015\/06\/FALLECIMIENTO-2.jpg?resize=200%2C132&amp;ssl=1 200w, https:\/\/i0.wp.com\/eltrabajo.cl\/portal\/wp-content\/uploads\/2015\/06\/FALLECIMIENTO-2.jpg?resize=227%2C150&amp;ssl=1 227w, https:\/\/i0.wp.com\/eltrabajo.cl\/portal\/wp-content\/uploads\/2015\/06\/FALLECIMIENTO-2.jpg?resize=400%2C264&amp;ssl=1 400w, https:\/\/i0.wp.com\/eltrabajo.cl\/portal\/wp-content\/uploads\/2015\/06\/FALLECIMIENTO-2.jpg?w=530&amp;ssl=1 530w\" sizes=\"auto, (max-width: 300px) 100vw, 300px\" \/><\/a><figcaption id=\"caption-attachment-58800\" class=\"wp-caption-text\">Tanto Bomberos como personal del Samu ayudaron a Patricio Enrique Millerd Poblete de 76 a\u00f1os, cuando sufri\u00f3 un infarto en plena v\u00eda p\u00fablica.<\/figcaption><\/figure>\n<p><strong>PUTAENDO.<\/strong>&#8211; Un hombre de 77 a\u00f1os de edad identificado como Patricio Enrique Millerd Poblete, falleci\u00f3 la tarde de este s\u00e1bado producto de un paro cardio-respiratorio que le afect\u00f3 mientras caminaba en uno de los pasajes de la Villa Orolonco de Putaendo.<br \/>\nPoco antes de las 14:00 horas, Millerd sali\u00f3 desde su hogar ubicado en la Villa Orolonco, y repentinamente se desmay\u00f3 ante la mirada at\u00f3nita de algunos residentes, que en un principio pensaron que se trataba de un simple desmayo, sin embargo, este hombre que ya hab\u00eda sufrido un preinfarto hace poco m\u00e1s de un mes, estaba siendo v\u00edctima de un paro cardio-respiratorio.<br \/>\nUn voluntario del Cuerpo de Bomberos que pasaba por el lugar y un param\u00e9dico de la UCI del Hospital San Camilo comenzaron r\u00e1pidamente las maniobras de reanimaci\u00f3n, a lo que se sum\u00f3 m\u00e1s personal bomberil y del Samu, quienes por casi 20 minutos realizaron las maniobras apoyados por un equipo Dea (Desfibrilador Externo Autom\u00e1tico), que finalmente permiti\u00f3 trasladar a\u00fan con vida a Patricio Millerd hasta el Hospital San Antonio de Putaendo, en donde continuaron las maniobras de reanimaci\u00f3n por otros 20 minutos hasta que se constat\u00f3 su fallecimiento.<br \/>\nEste hecho caus\u00f3 impacto entre los vecinos de Villa Orolonco, en la cual el fallecido adulto mayor viv\u00eda solo, ya que su familia, en especial sus hijos, residen en la ciudad de Santiago.<br \/>\nPor instrucci\u00f3n del fiscal de turno, el cuerpo del malogrado vecino fue entregado al Servicio M\u00e9dico Legal para la realizaci\u00f3n de la correspondiente autopsia.<br \/>\n<strong>Patricio Gallardo M.<\/strong><\/p>\n","protected":false},"excerpt":{"rendered":"<p>PUTAENDO.&#8211; Un hombre de 77 a\u00f1os de edad identificado como Patricio Enrique Millerd Poblete, falleci\u00f3 la tarde de este s\u00e1bado producto de un paro cardio-respiratorio que le afect\u00f3 mientras caminaba en uno&#8230;<\/p>\n","protected":false},"author":482,"featured_media":58800,"comment_status":"open","ping_status":"open","sticky":false,"template":"","format":"standard","meta":{"advanced_seo_description":"","jetpack_seo_html_title":"","jetpack_seo_noindex":false,"_jetpack_memberships_contains_paid_content":false,"footnotes":""},"categories":[21],"tags":[],"class_list":["post-58799","post","type-post","status-publish","format-standard","has-post-thumbnail","hentry","category-policial"],"jetpack_featured_media_url":"https:\/\/i0.wp.com\/eltrabajo.cl\/portal\/wp-content\/uploads\/2015\/06\/FALLECIMIENTO-2.jpg?fit=530%2C350&ssl=1","jetpack_sharing_enabled":true,"jetpack_likes_enabled":true,"jetpack-related-posts":[],"_links":{"self":[{"href":"https:\/\/eltrabajo.cl\/portal\/wp-json\/wp\/v2\/posts\/58799","targetHints":{"allow":["GET"]}}],"collection":[{"href":"https:\/\/eltrabajo.cl\/portal\/wp-json\/wp\/v2\/posts"}],"about":[{"href":"https:\/\/eltrabajo.cl\/portal\/wp-json\/wp\/v2\/types\/post"}],"author":[{"embeddable":true,"href":"https:\/\/eltrabajo.cl\/portal\/wp-json\/wp\/v2\/users\/482"}],"replies":[{"embeddable":true,"href":"https:\/\/eltrabajo.cl\/portal\/wp-json\/wp\/v2\/comments?post=58799"}],"version-history":[{"count":0,"href":"https:\/\/eltrabajo.cl\/portal\/wp-json\/wp\/v2\/posts\/58799\/revisions"}],"wp:featuredmedia":[{"embeddable":true,"href":"https:\/\/eltrabajo.cl\/portal\/wp-json\/wp\/v2\/media\/58800"}],"wp:attachment":[{"href":"https:\/\/eltrabajo.cl\/portal\/wp-json\/wp\/v2\/media?parent=58799"}],"wp:term":[{"taxonomy":"category","embeddable":true,"href":"https:\/\/eltrabajo.cl\/portal\/wp-json\/wp\/v2\/categories?post=58799"},{"taxonomy":"post_tag","embeddable":true,"href":"https:\/\/eltrabajo.cl\/portal\/wp-json\/wp\/v2\/tags?post=58799"}],"curies":[{"name":"wp","href":"https:\/\/api.w.org\/{rel}","templated":true}]}}