{"id":58802,"date":"2015-06-08T09:52:11","date_gmt":"2015-06-08T12:52:11","guid":{"rendered":"http:\/\/www.eltrabajo.cl\/portal\/?p=58802"},"modified":"2015-06-08T09:52:11","modified_gmt":"2015-06-08T12:52:11","slug":"indigente-que-abuso-sexualmente-de-escolar-debera-pagar-con-carcel","status":"publish","type":"post","link":"https:\/\/eltrabajo.cl\/portal\/indigente-que-abuso-sexualmente-de-escolar-debera-pagar-con-carcel\/","title":{"rendered":"Indigente que abus\u00f3 sexualmente de escolar deber\u00e1 pagar con c\u00e1rcel"},"content":{"rendered":"<figure id=\"attachment_58803\" aria-describedby=\"caption-attachment-58803\" style=\"width: 300px\" class=\"wp-caption alignleft\"><a href=\"https:\/\/i0.wp.com\/www.eltrabajo.cl\/portal\/wp-content\/uploads\/2015\/06\/Condenado-abusador1.jpg\"><img data-recalc-dims=\"1\" loading=\"lazy\" decoding=\"async\" class=\"wp-image-58803 size-medium\" src=\"https:\/\/i0.wp.com\/www.eltrabajo.cl\/portal\/wp-content\/uploads\/2015\/06\/Condenado-abusador1-300x198.jpg?resize=300%2C198\" alt=\"Antonio Fernandini Rojas fue condenado por el delito de abuso sexual, sentenciado a cumplir una pena de cinco a\u00f1os descontando los d\u00edas que ha llevado privado de libertad desde el mes de octubre del 2014.\" width=\"300\" height=\"198\" srcset=\"https:\/\/i0.wp.com\/eltrabajo.cl\/portal\/wp-content\/uploads\/2015\/06\/Condenado-abusador1.jpg?resize=300%2C198&amp;ssl=1 300w, https:\/\/i0.wp.com\/eltrabajo.cl\/portal\/wp-content\/uploads\/2015\/06\/Condenado-abusador1.jpg?resize=200%2C132&amp;ssl=1 200w, https:\/\/i0.wp.com\/eltrabajo.cl\/portal\/wp-content\/uploads\/2015\/06\/Condenado-abusador1.jpg?resize=227%2C150&amp;ssl=1 227w, https:\/\/i0.wp.com\/eltrabajo.cl\/portal\/wp-content\/uploads\/2015\/06\/Condenado-abusador1.jpg?resize=400%2C264&amp;ssl=1 400w, https:\/\/i0.wp.com\/eltrabajo.cl\/portal\/wp-content\/uploads\/2015\/06\/Condenado-abusador1.jpg?w=530&amp;ssl=1 530w\" sizes=\"auto, (max-width: 300px) 100vw, 300px\" \/><\/a><figcaption id=\"caption-attachment-58803\" class=\"wp-caption-text\">Antonio Fernandini Rojas fue condenado por el delito de abuso sexual, sentenciado a cumplir una pena de cinco a\u00f1os descontando los d\u00edas que ha llevado privado de libertad desde el mes de octubre del 2014.<\/figcaption><\/figure>\n<ul>\n<li><strong>Antonio Fernandini Rojas fue condenado a la pena de cinco a\u00f1os por el delito de abuso sexual contra una escolar de 16 a\u00f1os de edad, la resoluci\u00f3n judicial descuenta los d\u00edas que ha permanecido privado de libertad desde que fue formalizado por el Ministerio P\u00fablico en el mes de octubre de 2014.<\/strong><\/li>\n<\/ul>\n<p>Finalmente la justicia resolvi\u00f3 condenar a cinco de a\u00f1os de c\u00e1rcel a un hombre que se encontraba en situaci\u00f3n de calle, identificado como Antonio Jes\u00fas Fernandini Rojas, quien por medio de la fuerza e intimidando con un fierro, abus\u00f3 sexualmente de una escolar de 16 a\u00f1os en la v\u00eda p\u00fablica en la comuna de San Felipe. Hecho cometido en el mes de octubre de 2014.<br \/>\nLa sentencia dada a conocer por el Tribunal Oral en Lo Penal de San Felipe el pasado viernes, condena a Fernandini Rojas a cumplir de manera efectiva esta sentencia, descontando los d\u00edas que ha permanecido privado de libertad desde que fue formalizado por la Fiscal\u00eda el a\u00f1o reci\u00e9n pasado.<br \/>\nComo se recordar\u00e1, el caso fue llevado a juicio por la Fiscal\u00eda tras los hechos denunciados el 03 de octubre de 2014, cuando la adolescente se encontraba en las afueras del Liceo Corina Urbina de San Felipe, a la espera de reunirse con su madre a quien hab\u00eda contactado telef\u00f3nicamente para establecer la ubicaci\u00f3n exacta del encuentro entre ambas.<br \/>\nEn ese lapso de tiempo, sorpresivamente fue abordada por Fernandini Rojas, un tipo desconocido para la v\u00edctima, el que comenz\u00f3 a acosarla con insinuaciones sexuales. Al cabo de unos segundos, mientras la menor pretend\u00eda esquivar al sujeto, \u00e9ste la intimid\u00f3 con un fierro y la oblig\u00f3 a desplazarse junto a \u00e9l hasta un pasaje cercano a la calle Los Paltos de la comuna de San Felipe, en donde procedi\u00f3 a abusar de ella.<br \/>\nSeg\u00fan se pudo conocer, la madre de la adolescente, desesperada al buscar a su hija, observ\u00f3 c\u00f3mo ella estaba siendo abusada por este sujeto, por lo que pidi\u00f3 auxilio a un transe\u00fante para increpar al indigente, quien al advertir su presencia huy\u00f3 en direcci\u00f3n desconocida. Mientras tanto, se requiri\u00f3 la presencia de Carabineros, quienes lograron la captura y posterior detenci\u00f3n del que era sindicado como el autor del delito.<br \/>\nEl sentenciado, de 50 a\u00f1os de edad, posee condenas por robo por sorpresa, lesiones, hurto simple y robo en lugar habitado. Adem\u00e1s, mantiene causas vigentes ya formalizadas por lesiones menos graves por un hecho ocurrido en v\u00edsperas de las pasadas Fiestas Patrias, en donde se le acusa de haber golpeado en la cabeza con un fierro a otro indigente tras una ri\u00f1a motivada por el exceso de alcohol en una vivienda utilizada clandestinamente en calle San Mart\u00edn, que actualmente se encuentra clausurada por las denuncias de los vecinos.<br \/>\nAdem\u00e1s, se le atribuye participaci\u00f3n en el robo de diversas especies en Jard\u00edn Infantil El Peneca, de calle San Mart\u00edn en San Felipe, cuyo delito fue frustrado gracias a la intervenci\u00f3n de Carabineros, quienes lo sorprendieron al interior de manera flagrante, por lo cual fue detenido.<br \/>\nSin embargo, tras esta sentencia la Defensa del imputado posee un plazo de diez d\u00edas para recurrir eventualmente de nulidad de juicio ante la Corte de Apelaciones.<br \/>\n<strong>Pablo Salinas Sald\u00edas<\/strong><\/p>\n","protected":false},"excerpt":{"rendered":"<p>Antonio Fernandini Rojas fue condenado a la pena de cinco a\u00f1os por el delito de abuso sexual contra una escolar de 16 a\u00f1os de edad, la resoluci\u00f3n judicial descuenta los d\u00edas que&#8230;<\/p>\n","protected":false},"author":482,"featured_media":58803,"comment_status":"open","ping_status":"open","sticky":false,"template":"","format":"standard","meta":{"advanced_seo_description":"","jetpack_seo_html_title":"","jetpack_seo_noindex":false,"_jetpack_memberships_contains_paid_content":false,"footnotes":""},"categories":[21],"tags":[],"class_list":["post-58802","post","type-post","status-publish","format-standard","has-post-thumbnail","hentry","category-policial"],"jetpack_featured_media_url":"https:\/\/i0.wp.com\/eltrabajo.cl\/portal\/wp-content\/uploads\/2015\/06\/Condenado-abusador1.jpg?fit=530%2C350&ssl=1","jetpack_sharing_enabled":true,"jetpack_likes_enabled":true,"jetpack-related-posts":[],"_links":{"self":[{"href":"https:\/\/eltrabajo.cl\/portal\/wp-json\/wp\/v2\/posts\/58802","targetHints":{"allow":["GET"]}}],"collection":[{"href":"https:\/\/eltrabajo.cl\/portal\/wp-json\/wp\/v2\/posts"}],"about":[{"href":"https:\/\/eltrabajo.cl\/portal\/wp-json\/wp\/v2\/types\/post"}],"author":[{"embeddable":true,"href":"https:\/\/eltrabajo.cl\/portal\/wp-json\/wp\/v2\/users\/482"}],"replies":[{"embeddable":true,"href":"https:\/\/eltrabajo.cl\/portal\/wp-json\/wp\/v2\/comments?post=58802"}],"version-history":[{"count":0,"href":"https:\/\/eltrabajo.cl\/portal\/wp-json\/wp\/v2\/posts\/58802\/revisions"}],"wp:featuredmedia":[{"embeddable":true,"href":"https:\/\/eltrabajo.cl\/portal\/wp-json\/wp\/v2\/media\/58803"}],"wp:attachment":[{"href":"https:\/\/eltrabajo.cl\/portal\/wp-json\/wp\/v2\/media?parent=58802"}],"wp:term":[{"taxonomy":"category","embeddable":true,"href":"https:\/\/eltrabajo.cl\/portal\/wp-json\/wp\/v2\/categories?post=58802"},{"taxonomy":"post_tag","embeddable":true,"href":"https:\/\/eltrabajo.cl\/portal\/wp-json\/wp\/v2\/tags?post=58802"}],"curies":[{"name":"wp","href":"https:\/\/api.w.org\/{rel}","templated":true}]}}