{"id":58809,"date":"2015-06-09T09:15:48","date_gmt":"2015-06-09T12:15:48","guid":{"rendered":"http:\/\/www.eltrabajo.cl\/portal\/?p=58809"},"modified":"2015-06-09T09:15:48","modified_gmt":"2015-06-09T12:15:48","slug":"alumnos-de-escuela-almendral-celebraron-el-dia-mundial-del-medio-ambiente","status":"publish","type":"post","link":"https:\/\/eltrabajo.cl\/portal\/alumnos-de-escuela-almendral-celebraron-el-dia-mundial-del-medio-ambiente\/","title":{"rendered":"Alumnos de Escuela Almendral celebraron el D\u00eda Mundial del Medio Ambiente"},"content":{"rendered":"<figure id=\"attachment_58810\" aria-describedby=\"caption-attachment-58810\" style=\"width: 300px\" class=\"wp-caption alignleft\"><a href=\"https:\/\/i0.wp.com\/www.eltrabajo.cl\/portal\/wp-content\/uploads\/2015\/06\/celebracion-dia-del-medio-ambiente.jpg\"><img data-recalc-dims=\"1\" loading=\"lazy\" decoding=\"async\" class=\"wp-image-58810 size-medium\" src=\"https:\/\/i0.wp.com\/www.eltrabajo.cl\/portal\/wp-content\/uploads\/2015\/06\/celebracion-dia-del-medio-ambiente-300x197.jpg?resize=300%2C197\" alt=\"Ayer, alumnos de la escuela Almendral realizaron diversas actividades junto a apoderados, en celebraci\u00f3n del d\u00eda internacional del medio ambiente.\" width=\"300\" height=\"197\" srcset=\"https:\/\/i0.wp.com\/eltrabajo.cl\/portal\/wp-content\/uploads\/2015\/06\/celebracion-dia-del-medio-ambiente.jpg?resize=300%2C197&amp;ssl=1 300w, https:\/\/i0.wp.com\/eltrabajo.cl\/portal\/wp-content\/uploads\/2015\/06\/celebracion-dia-del-medio-ambiente.jpg?resize=200%2C131&amp;ssl=1 200w, https:\/\/i0.wp.com\/eltrabajo.cl\/portal\/wp-content\/uploads\/2015\/06\/celebracion-dia-del-medio-ambiente.jpg?resize=228%2C150&amp;ssl=1 228w, https:\/\/i0.wp.com\/eltrabajo.cl\/portal\/wp-content\/uploads\/2015\/06\/celebracion-dia-del-medio-ambiente.jpg?resize=400%2C263&amp;ssl=1 400w, https:\/\/i0.wp.com\/eltrabajo.cl\/portal\/wp-content\/uploads\/2015\/06\/celebracion-dia-del-medio-ambiente.jpg?w=530&amp;ssl=1 530w\" sizes=\"auto, (max-width: 300px) 100vw, 300px\" \/><\/a><figcaption id=\"caption-attachment-58810\" class=\"wp-caption-text\">Ayer, alumnos de la escuela Almendral realizaron diversas actividades junto a apoderados, en celebraci\u00f3n del d\u00eda internacional del medio ambiente.<\/figcaption><\/figure>\n<p>Como una manera de incentivar el cuidado y el respeto del medio ambiente, sumado a que el pasado 5 de junio se celebr\u00f3 el d\u00eda internacional del medio ambiente, la comunidad escolar de la escuela Almendral desarroll\u00f3 una entretenida actividad, con la finalidad de crear conciencia sobre esta materia.<br \/>\nFue as\u00ed, como la ma\u00f1ana del lunes 8 de junio, todos los alumnos, acompa\u00f1ados de padres y apoderados del establecimiento, comenzaron desde muy temprano, con la tarea de limpieza del colegio, para posteriormente, hermosear las \u00e1reas verdes, oportunidad en la que tambi\u00e9n se plantaron nuevas especies, las que estar\u00e1n al cuidado de los propios alumnos.<br \/>\nVanesa Bugue\u00f1o Gonz\u00e1lez, profesora de ciencias Naturales y coordinadora del proyecto de ecolog\u00eda de la escuela, detall\u00f3 la importancia de realizar este tipo de actividades, se\u00f1alando que \u201cel objetivo b\u00e1sico de todo esto, es poder hacer mejoras a la escuela, poder plantar \u00e1rboles que fortalezcan las \u00e1reas verdes, y que los ni\u00f1os, junto con los apoderados, puedan crear conciencia sobre la importancia del cuidado del medio ambiente, es por eso, que en este momento desarrollaremos estas actividades, las que tambi\u00e9n incluyen lavado de contenedores, limpiar las salas, crear murales que aborden el cuidado del medio ambiente\u201d.<br \/>\nEl proyecto de ecolog\u00eda comenz\u00f3 este a\u00f1o en la escuela y contempla la campa\u00f1a de reciclaje de papel, cart\u00f3n y botellas pl\u00e1sticas, trabajo que ha permitido crear conciencia entre los alumnos en el cuidado del medio ambiente.<br \/>\n\u201cEllos han aprendido la importancia de apagar las luces y cerrar bien las llaves y en el mes de agosto realizaremos una actividad similar, pero que abordar\u00e1 adem\u00e1s el cuidado de las mascotas, lo que incluir\u00e1 salidas con los ni\u00f1os a los alrededores para informar a la comunidad sobre esta tarea tan importante\u201d, dijo la docente.<br \/>\nEl d\u00eda Mundial del Medio Ambiente es un v\u00ednculo por medio del cual la Organizaci\u00f3n de Naciones Unidas (ONU) sensibiliza a la poblaci\u00f3n mundial en relaci\u00f3n a temas ambientales. Los objetivos principales son brindar un contexto humano, motivar a las personas para que se conviertan en agentes activos del desarrollo sustentable y equitativo; promover el papel fundamental de las comunidades en el cambio de actitud hacia temas ambientales, y fomentar la cooperaci\u00f3n para que el medio ambiente sea sostenible, pues \u00e9sta garantizar\u00e1 que todas las naciones y personas disfruten de un futuro m\u00e1s pr\u00f3spero y seguro.<\/p>\n","protected":false},"excerpt":{"rendered":"<p>Como una manera de incentivar el cuidado y el respeto del medio ambiente, sumado a que el pasado 5 de junio se celebr\u00f3 el d\u00eda internacional del medio ambiente, la comunidad escolar&#8230;<\/p>\n","protected":false},"author":482,"featured_media":58810,"comment_status":"open","ping_status":"open","sticky":false,"template":"","format":"standard","meta":{"advanced_seo_description":"","jetpack_seo_html_title":"","jetpack_seo_noindex":false,"_jetpack_memberships_contains_paid_content":false,"footnotes":""},"categories":[15],"tags":[],"class_list":["post-58809","post","type-post","status-publish","format-standard","has-post-thumbnail","hentry","category-comunidad"],"jetpack_featured_media_url":"https:\/\/i0.wp.com\/eltrabajo.cl\/portal\/wp-content\/uploads\/2015\/06\/celebracion-dia-del-medio-ambiente.jpg?fit=530%2C348&ssl=1","jetpack_sharing_enabled":true,"jetpack_likes_enabled":true,"jetpack-related-posts":[],"_links":{"self":[{"href":"https:\/\/eltrabajo.cl\/portal\/wp-json\/wp\/v2\/posts\/58809","targetHints":{"allow":["GET"]}}],"collection":[{"href":"https:\/\/eltrabajo.cl\/portal\/wp-json\/wp\/v2\/posts"}],"about":[{"href":"https:\/\/eltrabajo.cl\/portal\/wp-json\/wp\/v2\/types\/post"}],"author":[{"embeddable":true,"href":"https:\/\/eltrabajo.cl\/portal\/wp-json\/wp\/v2\/users\/482"}],"replies":[{"embeddable":true,"href":"https:\/\/eltrabajo.cl\/portal\/wp-json\/wp\/v2\/comments?post=58809"}],"version-history":[{"count":0,"href":"https:\/\/eltrabajo.cl\/portal\/wp-json\/wp\/v2\/posts\/58809\/revisions"}],"wp:featuredmedia":[{"embeddable":true,"href":"https:\/\/eltrabajo.cl\/portal\/wp-json\/wp\/v2\/media\/58810"}],"wp:attachment":[{"href":"https:\/\/eltrabajo.cl\/portal\/wp-json\/wp\/v2\/media?parent=58809"}],"wp:term":[{"taxonomy":"category","embeddable":true,"href":"https:\/\/eltrabajo.cl\/portal\/wp-json\/wp\/v2\/categories?post=58809"},{"taxonomy":"post_tag","embeddable":true,"href":"https:\/\/eltrabajo.cl\/portal\/wp-json\/wp\/v2\/tags?post=58809"}],"curies":[{"name":"wp","href":"https:\/\/api.w.org\/{rel}","templated":true}]}}