{"id":58812,"date":"2015-06-09T09:17:12","date_gmt":"2015-06-09T12:17:12","guid":{"rendered":"http:\/\/www.eltrabajo.cl\/portal\/?p=58812"},"modified":"2015-06-09T09:17:12","modified_gmt":"2015-06-09T12:17:12","slug":"en-operativo-veterinario-realizan-examenes-a-ganado-panquehuino","status":"publish","type":"post","link":"https:\/\/eltrabajo.cl\/portal\/en-operativo-veterinario-realizan-examenes-a-ganado-panquehuino\/","title":{"rendered":"En operativo veterinario realizan ex\u00e1menes a ganado panquehuino"},"content":{"rendered":"<figure id=\"attachment_58813\" aria-describedby=\"caption-attachment-58813\" style=\"width: 300px\" class=\"wp-caption alignleft\"><a href=\"https:\/\/i0.wp.com\/www.eltrabajo.cl\/portal\/wp-content\/uploads\/2015\/06\/Prodesal-panquehue.jpg\"><img data-recalc-dims=\"1\" loading=\"lazy\" decoding=\"async\" class=\"wp-image-58813 size-medium\" src=\"https:\/\/i0.wp.com\/www.eltrabajo.cl\/portal\/wp-content\/uploads\/2015\/06\/Prodesal-panquehue-300x198.jpg?resize=300%2C198\" alt=\"Gracias a un convenio entre Prodesal y la Universidad de Vi\u00f1a del Mar, se realiz\u00f3 un operativo veterinario en donde vecinos panquehu\u00ednos pudieron llevar a sus animales para evaluarlos.\" width=\"300\" height=\"198\" srcset=\"https:\/\/i0.wp.com\/eltrabajo.cl\/portal\/wp-content\/uploads\/2015\/06\/Prodesal-panquehue.jpg?resize=300%2C198&amp;ssl=1 300w, https:\/\/i0.wp.com\/eltrabajo.cl\/portal\/wp-content\/uploads\/2015\/06\/Prodesal-panquehue.jpg?resize=200%2C132&amp;ssl=1 200w, https:\/\/i0.wp.com\/eltrabajo.cl\/portal\/wp-content\/uploads\/2015\/06\/Prodesal-panquehue.jpg?resize=227%2C150&amp;ssl=1 227w, https:\/\/i0.wp.com\/eltrabajo.cl\/portal\/wp-content\/uploads\/2015\/06\/Prodesal-panquehue.jpg?resize=400%2C264&amp;ssl=1 400w, https:\/\/i0.wp.com\/eltrabajo.cl\/portal\/wp-content\/uploads\/2015\/06\/Prodesal-panquehue.jpg?w=530&amp;ssl=1 530w\" sizes=\"auto, (max-width: 300px) 100vw, 300px\" \/><\/a><figcaption id=\"caption-attachment-58813\" class=\"wp-caption-text\">Gracias a un convenio entre Prodesal y la Universidad de Vi\u00f1a del Mar, se realiz\u00f3 un operativo veterinario en donde vecinos panquehu\u00ednos pudieron llevar a sus animales para evaluarlos.<\/figcaption><\/figure>\n<ul>\n<li><strong>La actividad consisti\u00f3 en la aplicaci\u00f3n de vacunas y ex\u00e1menes a los animales de los usuarios de Prodesal.<\/strong><\/li>\n<\/ul>\n<p><strong>PANQUEHUE.-<\/strong> Un operativo veterinario dirigido a los usuarios de Prodesal, se realiz\u00f3 con el apoyo de la Universidad de Vi\u00f1a del Mar sede San Felipe.<br \/>\nDe acuerdo a lo informado por el encargado de Prodesal Panquehue, el m\u00e9dico veterinario Luis Salgado, la actividad estuvo orientada en fortalecer la sanidad del ganado de los usuarios del programa.<br \/>\n\u201cEn la ocasi\u00f3n se realizaron desparasitaciones y la aplicaci\u00f3n de vitaminas para poder enfrentar el invierno de una mejor manera.<br \/>\nEs as\u00ed que se trabaj\u00f3 con cabras, ovejas, vacas y caballos principalmente, a su vez se hicieron ex\u00e1menes a los animales que ten\u00edan enfermedades puntuales, pues el equipo que andaba de la universidad contaba con una cl\u00ednica veterinaria m\u00f3vil y por lo mismo se dispon\u00eda de herramientas diagnosticas como ec\u00f3grafos, endoscopio y equipos de rayos x, para as\u00ed poder trabajar de una manera m\u00e1s pulcra y acabada y as\u00ed llegar a un diagnostico m\u00e1s certero\u201d.<br \/>\nAgreg\u00f3 Luis Salgado, que durante esta semana se espera poder continuar con este operativo, pues la actividad fue bien recibida de parte de los usuarios.<br \/>\nProdesal es un convenio suscrito entre la municipalidad de Panquehue e Indap, el cual est\u00e1 orientado a brindar apoyo a la agricultura familiar campesina. El programa se desarrolla en la comuna desde el a\u00f1o 2011, beneficiando en la actualidad a 67 personas con asesor\u00eda t\u00e9cnica especializada en el \u00e1rea agropecuaria, sumado al aporte de fomento productivo realizado por Indap a trav\u00e9s de concursos y el apoyo econ\u00f3mico, realizado por el municipio orientado a capacitar a nuestros agricultores.<\/p>\n","protected":false},"excerpt":{"rendered":"<p>La actividad consisti\u00f3 en la aplicaci\u00f3n de vacunas y ex\u00e1menes a los animales de los usuarios de Prodesal. PANQUEHUE.- Un operativo veterinario dirigido a los usuarios de Prodesal, se realiz\u00f3 con el&#8230;<\/p>\n","protected":false},"author":482,"featured_media":58813,"comment_status":"open","ping_status":"open","sticky":false,"template":"","format":"standard","meta":{"advanced_seo_description":"","jetpack_seo_html_title":"","jetpack_seo_noindex":false,"_jetpack_memberships_contains_paid_content":false,"footnotes":""},"categories":[15],"tags":[],"class_list":["post-58812","post","type-post","status-publish","format-standard","has-post-thumbnail","hentry","category-comunidad"],"jetpack_featured_media_url":"https:\/\/i0.wp.com\/eltrabajo.cl\/portal\/wp-content\/uploads\/2015\/06\/Prodesal-panquehue.jpg?fit=530%2C350&ssl=1","jetpack_sharing_enabled":true,"jetpack_likes_enabled":true,"jetpack-related-posts":[],"_links":{"self":[{"href":"https:\/\/eltrabajo.cl\/portal\/wp-json\/wp\/v2\/posts\/58812","targetHints":{"allow":["GET"]}}],"collection":[{"href":"https:\/\/eltrabajo.cl\/portal\/wp-json\/wp\/v2\/posts"}],"about":[{"href":"https:\/\/eltrabajo.cl\/portal\/wp-json\/wp\/v2\/types\/post"}],"author":[{"embeddable":true,"href":"https:\/\/eltrabajo.cl\/portal\/wp-json\/wp\/v2\/users\/482"}],"replies":[{"embeddable":true,"href":"https:\/\/eltrabajo.cl\/portal\/wp-json\/wp\/v2\/comments?post=58812"}],"version-history":[{"count":0,"href":"https:\/\/eltrabajo.cl\/portal\/wp-json\/wp\/v2\/posts\/58812\/revisions"}],"wp:featuredmedia":[{"embeddable":true,"href":"https:\/\/eltrabajo.cl\/portal\/wp-json\/wp\/v2\/media\/58813"}],"wp:attachment":[{"href":"https:\/\/eltrabajo.cl\/portal\/wp-json\/wp\/v2\/media?parent=58812"}],"wp:term":[{"taxonomy":"category","embeddable":true,"href":"https:\/\/eltrabajo.cl\/portal\/wp-json\/wp\/v2\/categories?post=58812"},{"taxonomy":"post_tag","embeddable":true,"href":"https:\/\/eltrabajo.cl\/portal\/wp-json\/wp\/v2\/tags?post=58812"}],"curies":[{"name":"wp","href":"https:\/\/api.w.org\/{rel}","templated":true}]}}