{"id":58828,"date":"2015-06-09T09:24:29","date_gmt":"2015-06-09T12:24:29","guid":{"rendered":"http:\/\/www.eltrabajo.cl\/portal\/?p=58828"},"modified":"2015-06-09T09:24:29","modified_gmt":"2015-06-09T12:24:29","slug":"acusan-a-cajero-de-apoderarse-de-millonarios-montos-de-dinero-en-botilleria","status":"publish","type":"post","link":"https:\/\/eltrabajo.cl\/portal\/acusan-a-cajero-de-apoderarse-de-millonarios-montos-de-dinero-en-botilleria\/","title":{"rendered":"Acusan a cajero de apoderarse de millonarios montos de dinero en botiller\u00eda"},"content":{"rendered":"<figure id=\"attachment_58829\" aria-describedby=\"caption-attachment-58829\" style=\"width: 300px\" class=\"wp-caption alignleft\"><a href=\"https:\/\/i0.wp.com\/www.eltrabajo.cl\/portal\/wp-content\/uploads\/2015\/06\/caja-registradora.jpg\"><img data-recalc-dims=\"1\" loading=\"lazy\" decoding=\"async\" class=\"wp-image-58829 size-medium\" src=\"https:\/\/i0.wp.com\/www.eltrabajo.cl\/portal\/wp-content\/uploads\/2015\/06\/caja-registradora-300x198.jpg?resize=300%2C198\" alt=\"El delito se configur\u00f3 como hurto agravado que ser\u00e1 investigado por el Ministerio P\u00fablico de San Felipe, tras las acusaciones que se formularon en contra del trabajador de la botiller\u00eda Aconcagua, en horas de la madrugada del domingo.(Foto referencial)\" width=\"300\" height=\"198\" srcset=\"https:\/\/i0.wp.com\/eltrabajo.cl\/portal\/wp-content\/uploads\/2015\/06\/caja-registradora.jpg?resize=300%2C198&amp;ssl=1 300w, https:\/\/i0.wp.com\/eltrabajo.cl\/portal\/wp-content\/uploads\/2015\/06\/caja-registradora.jpg?resize=200%2C132&amp;ssl=1 200w, https:\/\/i0.wp.com\/eltrabajo.cl\/portal\/wp-content\/uploads\/2015\/06\/caja-registradora.jpg?resize=228%2C150&amp;ssl=1 228w, https:\/\/i0.wp.com\/eltrabajo.cl\/portal\/wp-content\/uploads\/2015\/06\/caja-registradora.jpg?resize=400%2C263&amp;ssl=1 400w, https:\/\/i0.wp.com\/eltrabajo.cl\/portal\/wp-content\/uploads\/2015\/06\/caja-registradora.jpg?w=530&amp;ssl=1 530w\" sizes=\"auto, (max-width: 300px) 100vw, 300px\" \/><\/a><figcaption id=\"caption-attachment-58829\" class=\"wp-caption-text\">El delito se configur\u00f3 como hurto agravado que ser\u00e1 investigado por el Ministerio P\u00fablico de San Felipe, tras las acusaciones que se formularon en contra del trabajador de la botiller\u00eda Aconcagua, en horas de la madrugada del domingo.(Foto referencial)<\/figcaption><\/figure>\n<ul>\n<li><strong>El funcionario fue detenido por Carabineros tras apoderarse de $350.000 aparentemente desviados de las ventas del d\u00eda. Seg\u00fan las investigaciones hechas hace unos meses por el due\u00f1o del local, el robo ascender\u00eda a un total de $4.400.000 por lo cual el caso ser\u00e1 investigado por el Ministerio P\u00fablico de San Felipe.<\/strong><\/li>\n<\/ul>\n<p>Un trabajador de la botiller\u00eda Aconcagua ubicada en la avenida Chacabuco N\u00ba 40 en San Felipe, fue detenido tras ser acusado de la sustracci\u00f3n de $350.000 que habr\u00edan sido aparentemente desviados durante el d\u00eda s\u00e1bado, en circunstancias que el empleado realizaba sus labores como cajero y se habr\u00eda apoderado del dinero, siendo advertido por el propietario del local comercial tras el arqueo de la caja registradora.<br \/>\nExtraoficialmente se pudo conocer que desde hace unos meses, el propietario de la botiller\u00eda vendr\u00eda registrando p\u00e9rdidas de dinero que no coincid\u00edan con los ingresos de las ventas de los productos que se encuentran en el local, lo cual oblig\u00f3 al locatario a investigar desde donde se produc\u00eda el despojo de las divisas que alcanzar\u00edan cifras millonarias.<br \/>\nFue as\u00ed que durante la hora del cierre del establecimiento comercial, al momento que los cajeros entregaban los dineros al propietario, se acus\u00f3 a uno de los trabajadores de haberse apoderado de $350.000 de las ventas de la jornada, donde se mantuvo retenido al cuestionado empleado para denunciar los hechos a Carabineros que concurrieron al lugar.<br \/>\nDe acuerdo a la denuncia formulada a los efectivos policiales, el imputado de iniciales B.N.Z.E. manten\u00eda el dinero entre sus vestimentas en los momentos que se retiraba de la jornada laboral en horas de la madrugada del pasado domingo.<br \/>\nEl acusado habr\u00eda reconocido ante la polic\u00eda la sustracci\u00f3n del dinero, configur\u00e1ndose el delito de hurto agravado por el cual fue detenido para ser trasladado hasta las dependencias de la Segunda Comisar\u00eda de Carabineros en donde se formaliz\u00f3 la denuncia por el propietario ascendiente a los $4.400.000 de acuerdo a su investigaci\u00f3n.<br \/>\nPosteriormente por instrucci\u00f3n del Fiscal de turno, el imputado recuper\u00f3 su libertad a la espera de citaci\u00f3n de la Fiscal\u00eda para iniciar una investigaci\u00f3n de los hechos que se le acusan.<br \/>\n<strong>Pablo Salinas Sald\u00edas<\/strong><\/p>\n","protected":false},"excerpt":{"rendered":"<p>El funcionario fue detenido por Carabineros tras apoderarse de $350.000 aparentemente desviados de las ventas del d\u00eda. Seg\u00fan las investigaciones hechas hace unos meses por el due\u00f1o del local, el robo ascender\u00eda&#8230;<\/p>\n","protected":false},"author":482,"featured_media":58829,"comment_status":"open","ping_status":"open","sticky":false,"template":"","format":"standard","meta":{"advanced_seo_description":"","jetpack_seo_html_title":"","jetpack_seo_noindex":false,"_jetpack_memberships_contains_paid_content":false,"footnotes":""},"categories":[21],"tags":[],"class_list":["post-58828","post","type-post","status-publish","format-standard","has-post-thumbnail","hentry","category-policial"],"jetpack_featured_media_url":"https:\/\/i0.wp.com\/eltrabajo.cl\/portal\/wp-content\/uploads\/2015\/06\/caja-registradora.jpg?fit=530%2C349&ssl=1","jetpack_sharing_enabled":true,"jetpack_likes_enabled":true,"jetpack-related-posts":[],"_links":{"self":[{"href":"https:\/\/eltrabajo.cl\/portal\/wp-json\/wp\/v2\/posts\/58828","targetHints":{"allow":["GET"]}}],"collection":[{"href":"https:\/\/eltrabajo.cl\/portal\/wp-json\/wp\/v2\/posts"}],"about":[{"href":"https:\/\/eltrabajo.cl\/portal\/wp-json\/wp\/v2\/types\/post"}],"author":[{"embeddable":true,"href":"https:\/\/eltrabajo.cl\/portal\/wp-json\/wp\/v2\/users\/482"}],"replies":[{"embeddable":true,"href":"https:\/\/eltrabajo.cl\/portal\/wp-json\/wp\/v2\/comments?post=58828"}],"version-history":[{"count":0,"href":"https:\/\/eltrabajo.cl\/portal\/wp-json\/wp\/v2\/posts\/58828\/revisions"}],"wp:featuredmedia":[{"embeddable":true,"href":"https:\/\/eltrabajo.cl\/portal\/wp-json\/wp\/v2\/media\/58829"}],"wp:attachment":[{"href":"https:\/\/eltrabajo.cl\/portal\/wp-json\/wp\/v2\/media?parent=58828"}],"wp:term":[{"taxonomy":"category","embeddable":true,"href":"https:\/\/eltrabajo.cl\/portal\/wp-json\/wp\/v2\/categories?post=58828"},{"taxonomy":"post_tag","embeddable":true,"href":"https:\/\/eltrabajo.cl\/portal\/wp-json\/wp\/v2\/tags?post=58828"}],"curies":[{"name":"wp","href":"https:\/\/api.w.org\/{rel}","templated":true}]}}