{"id":58831,"date":"2015-06-09T09:25:35","date_gmt":"2015-06-09T12:25:35","guid":{"rendered":"http:\/\/www.eltrabajo.cl\/portal\/?p=58831"},"modified":"2015-06-09T09:26:34","modified_gmt":"2015-06-09T12:26:34","slug":"carabineros-clausuro-fiesta-clandestina-donde-vendian-alcohol-sin-autorizacion","status":"publish","type":"post","link":"https:\/\/eltrabajo.cl\/portal\/carabineros-clausuro-fiesta-clandestina-donde-vendian-alcohol-sin-autorizacion\/","title":{"rendered":"Carabineros clausur\u00f3 fiesta clandestina donde vend\u00edan alcohol sin autorizaci\u00f3n"},"content":{"rendered":"<figure id=\"attachment_58832\" aria-describedby=\"caption-attachment-58832\" style=\"width: 300px\" class=\"wp-caption alignleft\"><a href=\"https:\/\/i0.wp.com\/www.eltrabajo.cl\/portal\/wp-content\/uploads\/2015\/06\/Capitan-Alfredo-Castillo.jpg\"><img data-recalc-dims=\"1\" loading=\"lazy\" decoding=\"async\" class=\"wp-image-58832 size-medium\" src=\"https:\/\/i0.wp.com\/www.eltrabajo.cl\/portal\/wp-content\/uploads\/2015\/06\/Capitan-Alfredo-Castillo-300x199.jpg?resize=300%2C199\" alt=\"El Capit\u00e1n Alfredo Castillo inform\u00f3 del procedimiento efectuado el fin de semana.\" width=\"300\" height=\"199\" srcset=\"https:\/\/i0.wp.com\/eltrabajo.cl\/portal\/wp-content\/uploads\/2015\/06\/Capitan-Alfredo-Castillo.jpg?resize=300%2C199&amp;ssl=1 300w, https:\/\/i0.wp.com\/eltrabajo.cl\/portal\/wp-content\/uploads\/2015\/06\/Capitan-Alfredo-Castillo.jpg?resize=200%2C133&amp;ssl=1 200w, https:\/\/i0.wp.com\/eltrabajo.cl\/portal\/wp-content\/uploads\/2015\/06\/Capitan-Alfredo-Castillo.jpg?resize=226%2C150&amp;ssl=1 226w, https:\/\/i0.wp.com\/eltrabajo.cl\/portal\/wp-content\/uploads\/2015\/06\/Capitan-Alfredo-Castillo.jpg?resize=400%2C265&amp;ssl=1 400w, https:\/\/i0.wp.com\/eltrabajo.cl\/portal\/wp-content\/uploads\/2015\/06\/Capitan-Alfredo-Castillo.jpg?w=528&amp;ssl=1 528w\" sizes=\"auto, (max-width: 300px) 100vw, 300px\" \/><\/a><figcaption id=\"caption-attachment-58832\" class=\"wp-caption-text\">El Capit\u00e1n Alfredo Castillo inform\u00f3 del procedimiento efectuado el fin de semana.<\/figcaption><\/figure>\n<ul>\n<li><strong>Por medio de las redes sociales, el organizador de una fiesta al aire libre, invit\u00f3 a j\u00f3venes a concurrir hasta un recinto ubicado en la prolongaci\u00f3n de Benigno Caldera, camino a las pozas en San Felipe, sin contar con los permisos correspondientes para el desarrollo del evento ni comercializaci\u00f3n de bebidas alcoh\u00f3licas, siendo clausurada por Carabineros.<\/strong><\/li>\n<\/ul>\n<p>Con el decomiso de una gran cantidad de bebidas alcoh\u00f3licas y una citaci\u00f3n al Juzgado de Polic\u00eda Local por parte de Carabineros, qued\u00f3 el organizador del evento conocido como \u2018Parcelazo\u2019, cuya fiesta al aire libre fue desarrollada en un recinto particular en la continuidad de calle Benigno Caldera, camino a las pozas en San Felipe. La fiesta convoc\u00f3 a una gran cantidad de asistentes, la mayor\u00eda menores de edad, a trav\u00e9s de la red social Facebook, sin contar con ning\u00fan permiso municipal para su realizaci\u00f3n o autorizaci\u00f3n para la venta de alcohol.<br \/>\nCon estos antecedentes, Carabineros se traslad\u00f3 hasta el lugar en horas de la madrugada del domingo tras los anuncios que se efectuaron a trav\u00e9s de las redes sociales en los que invitaba a los j\u00f3venes a cancelar una entrada para acceder a la fiesta en la que podr\u00edan adquirir bebidas alcoh\u00f3licas. Estos anuncios van directamente focalizados a los adolescentes menores de edad que asisten a este tipo de eventos de manera clandestina sin ning\u00fan tipo de seguridad pertinente.<br \/>\nSeg\u00fan inform\u00f3 el Capit\u00e1n de Carabineros Alfredo Castillo, al momento de concurrir al evento se constat\u00f3 que el organizador no contaba con permisos municipales en un recinto particular para el expendio de bebidas alcoh\u00f3licas, ni autorizaci\u00f3n de las autoridades para convocar masivamente al desarrollo de la fiesta, incautando una gran cantidad de latas de cervezas, botellas de ron y vino.<br \/>\n\u201cEsta es una fiesta organizada sin permiso municipal denominada \u2018parcelazo\u2019, en donde se habr\u00eda constatado la venta sin autorizaci\u00f3n de alcohol y este mismo evento, dentro de esta fiscalizaci\u00f3n que efect\u00faa Carabineros, que tom\u00f3 conocimiento a trav\u00e9s de las redes sociales, constatando una gran cantidad de bebidas alcoh\u00f3licas las cuales estaban siendo comercializadas en ese momento, hablamos de 45 pack de latas de cervezas, 6 pack de botellas de vino y 50 botellas de ron que fueron decomisadas\u201d, destac\u00f3 el oficial policial.<br \/>\nCarabineros hizo hincapi\u00e9 que este tipo de eventos clandestinos incitan a la violencia debido a la excesiva ingesta de alcohol de los adolescentes, en donde generalmente se producen ri\u00f1as y des\u00f3rdenes p\u00fablicos resultando personas detenidas o, en algunas ocasiones, v\u00edctimas heridas por episodios de ataques con arma blanca u objetos contundentes.<br \/>\nCastillo enfatiz\u00f3 que la instituci\u00f3n se est\u00e1 constantemente informando de este tipo de convocatorias a fiestas y eventos dentro de la provincia de San Felipe por las redes sociales para proceder a las fiscalizaciones correspondientes, frente a este tipo de hechos puntuales que resultan informales. En este caso particular no resultaron personas detenidas, s\u00f3lo una citaci\u00f3n al organizador al Juzgado de Polic\u00eda Local.<br \/>\n\u201cLas consecuencias que podr\u00eda traer la realizaci\u00f3n de eventos como este sin la supervisi\u00f3n de las autoridades competentes, como el Servicio de Salud, Carabineros, Gobernaci\u00f3n para un evento masivo y todo el resto de participantes para brindar la seguridad que corresponde. En este caso particular corresponde la citaci\u00f3n al Juzgado de Polic\u00eda Local por parte del infractor y el decomiso del alcohol para ser remitidas a esa entidad como evidencia\u201d, concluy\u00f3 el Capit\u00e1n Alfredo Castillo.<br \/>\n<strong>Pablo Salinas Sald\u00edas<\/strong><\/p>\n","protected":false},"excerpt":{"rendered":"<p>Por medio de las redes sociales, el organizador de una fiesta al aire libre, invit\u00f3 a j\u00f3venes a concurrir hasta un recinto ubicado en la prolongaci\u00f3n de Benigno Caldera, camino a las&#8230;<\/p>\n","protected":false},"author":482,"featured_media":58832,"comment_status":"open","ping_status":"open","sticky":false,"template":"","format":"standard","meta":{"advanced_seo_description":"","jetpack_seo_html_title":"","jetpack_seo_noindex":false,"_jetpack_memberships_contains_paid_content":false,"footnotes":""},"categories":[21],"tags":[],"class_list":["post-58831","post","type-post","status-publish","format-standard","has-post-thumbnail","hentry","category-policial"],"jetpack_featured_media_url":"https:\/\/i0.wp.com\/eltrabajo.cl\/portal\/wp-content\/uploads\/2015\/06\/Capitan-Alfredo-Castillo.jpg?fit=528%2C350&ssl=1","jetpack_sharing_enabled":true,"jetpack_likes_enabled":true,"jetpack-related-posts":[],"_links":{"self":[{"href":"https:\/\/eltrabajo.cl\/portal\/wp-json\/wp\/v2\/posts\/58831","targetHints":{"allow":["GET"]}}],"collection":[{"href":"https:\/\/eltrabajo.cl\/portal\/wp-json\/wp\/v2\/posts"}],"about":[{"href":"https:\/\/eltrabajo.cl\/portal\/wp-json\/wp\/v2\/types\/post"}],"author":[{"embeddable":true,"href":"https:\/\/eltrabajo.cl\/portal\/wp-json\/wp\/v2\/users\/482"}],"replies":[{"embeddable":true,"href":"https:\/\/eltrabajo.cl\/portal\/wp-json\/wp\/v2\/comments?post=58831"}],"version-history":[{"count":0,"href":"https:\/\/eltrabajo.cl\/portal\/wp-json\/wp\/v2\/posts\/58831\/revisions"}],"wp:featuredmedia":[{"embeddable":true,"href":"https:\/\/eltrabajo.cl\/portal\/wp-json\/wp\/v2\/media\/58832"}],"wp:attachment":[{"href":"https:\/\/eltrabajo.cl\/portal\/wp-json\/wp\/v2\/media?parent=58831"}],"wp:term":[{"taxonomy":"category","embeddable":true,"href":"https:\/\/eltrabajo.cl\/portal\/wp-json\/wp\/v2\/categories?post=58831"},{"taxonomy":"post_tag","embeddable":true,"href":"https:\/\/eltrabajo.cl\/portal\/wp-json\/wp\/v2\/tags?post=58831"}],"curies":[{"name":"wp","href":"https:\/\/api.w.org\/{rel}","templated":true}]}}