{"id":58835,"date":"2015-06-09T09:27:45","date_gmt":"2015-06-09T12:27:45","guid":{"rendered":"http:\/\/www.eltrabajo.cl\/portal\/?p=58835"},"modified":"2015-06-09T09:27:45","modified_gmt":"2015-06-09T12:27:45","slug":"coronel-r-y-concejal-de-calle-larga-formalizado-por-agredir-a-hijastro","status":"publish","type":"post","link":"https:\/\/eltrabajo.cl\/portal\/coronel-r-y-concejal-de-calle-larga-formalizado-por-agredir-a-hijastro\/","title":{"rendered":"Coronel (r) y Concejal de Calle Larga formalizado por agredir a hijastro"},"content":{"rendered":"<figure id=\"attachment_58836\" aria-describedby=\"caption-attachment-58836\" style=\"width: 300px\" class=\"wp-caption alignleft\"><a href=\"https:\/\/i0.wp.com\/www.eltrabajo.cl\/portal\/wp-content\/uploads\/2015\/06\/amenaza-arma-de-fuego.jpg\"><img data-recalc-dims=\"1\" loading=\"lazy\" decoding=\"async\" class=\"wp-image-58836 size-medium\" src=\"https:\/\/i0.wp.com\/www.eltrabajo.cl\/portal\/wp-content\/uploads\/2015\/06\/amenaza-arma-de-fuego-300x198.jpg?resize=300%2C198\" alt=\"El ex uniformado habr\u00eda amenazado con un arma de fuego a su hijastro. (Referencial)\" width=\"300\" height=\"198\" srcset=\"https:\/\/i0.wp.com\/eltrabajo.cl\/portal\/wp-content\/uploads\/2015\/06\/amenaza-arma-de-fuego.jpg?resize=300%2C198&amp;ssl=1 300w, https:\/\/i0.wp.com\/eltrabajo.cl\/portal\/wp-content\/uploads\/2015\/06\/amenaza-arma-de-fuego.jpg?resize=200%2C132&amp;ssl=1 200w, https:\/\/i0.wp.com\/eltrabajo.cl\/portal\/wp-content\/uploads\/2015\/06\/amenaza-arma-de-fuego.jpg?resize=228%2C150&amp;ssl=1 228w, https:\/\/i0.wp.com\/eltrabajo.cl\/portal\/wp-content\/uploads\/2015\/06\/amenaza-arma-de-fuego.jpg?resize=400%2C263&amp;ssl=1 400w, https:\/\/i0.wp.com\/eltrabajo.cl\/portal\/wp-content\/uploads\/2015\/06\/amenaza-arma-de-fuego.jpg?w=530&amp;ssl=1 530w\" sizes=\"auto, (max-width: 300px) 100vw, 300px\" \/><\/a><figcaption id=\"caption-attachment-58836\" class=\"wp-caption-text\">El ex uniformado habr\u00eda amenazado con un arma de fuego a su hijastro. (Referencial)<\/figcaption><\/figure>\n<ul>\n<li><strong>Adem\u00e1s lo amenaz\u00f3 con un arma de fuego que no estaba inscrita<\/strong><\/li>\n<\/ul>\n<p><strong>CALLE LARGA.<\/strong>&#8211; Un concejal de la comuna de Calle Larga fue detenido por agredir y amenazar de muerte al hijo de su conviviente tras una discusi\u00f3n sostenida al interior de su hogar.<br \/>\nEl hecho se produjo la noche del s\u00e1bado, cuando el edil de iniciales S.E.F.D. de 56 a\u00f1os de edad, se trab\u00f3 en discusi\u00f3n con su conviviente, momento en el cual intervino el hijo de la mujer que se encontraba en compa\u00f1\u00eda de su polola.<br \/>\nFue all\u00ed que el concejal extrajo desde un mueble un rev\u00f3lver con el cual amenaz\u00f3 de muerte al joven, para luego producirse un forcejeo entre ambos que deriv\u00f3 en que el arma cayera al piso.<br \/>\nAll\u00ed el edil se abalanz\u00f3 sobre su hijastro mordi\u00e9ndole el brazo y luego propin\u00e1ndole una patada en los genitales que le ocasionaron lesiones leves.<br \/>\nLa conviviente llam\u00f3 a Carabineros, concurriendo al lugar personal de la Tenencia de Calle Larga que procedi\u00f3 a su arresto, adem\u00e1s de incautar el rev\u00f3lver que no se encontraba inscrito.<br \/>\nPor instrucciones del fiscal de turno Osvaldo Basso, el concejal pas\u00f3 a control de detenci\u00f3n en el Tribunal de Garant\u00eda de Los Andes la ma\u00f1ana del domingo, siendo formalizado por los delitos de amenazas, lesiones en contexto de violencia intrafamiliar y tenencia ilegal de arma de fuego.<br \/>\nEl tribunal fij\u00f3 como cautelares en contra del edil el arraigo nacional, firma mensual en el Ministerio P\u00fablico, prohibici\u00f3n de acercase a la v\u00edctima y obligaci\u00f3n de hacer abandono del hogar com\u00fan por los cuatro meses que durar\u00e1 la investigaci\u00f3n, ya que el arma incautada ser\u00e1 sometida a las respectivas pericias.<br \/>\nNuestro medio intent\u00f3 contactarse con el edil para conocer su versi\u00f3n de los hechos, pero las gestiones resultaron infructuosas.<\/p>\n","protected":false},"excerpt":{"rendered":"<p>Adem\u00e1s lo amenaz\u00f3 con un arma de fuego que no estaba inscrita CALLE LARGA.&#8211; Un concejal de la comuna de Calle Larga fue detenido por agredir y amenazar de muerte al hijo&#8230;<\/p>\n","protected":false},"author":482,"featured_media":58836,"comment_status":"open","ping_status":"open","sticky":false,"template":"","format":"standard","meta":{"advanced_seo_description":"","jetpack_seo_html_title":"","jetpack_seo_noindex":false,"_jetpack_memberships_contains_paid_content":false,"footnotes":""},"categories":[21],"tags":[],"class_list":["post-58835","post","type-post","status-publish","format-standard","has-post-thumbnail","hentry","category-policial"],"jetpack_featured_media_url":"https:\/\/i0.wp.com\/eltrabajo.cl\/portal\/wp-content\/uploads\/2015\/06\/amenaza-arma-de-fuego.jpg?fit=530%2C349&ssl=1","jetpack_sharing_enabled":true,"jetpack_likes_enabled":true,"jetpack-related-posts":[],"_links":{"self":[{"href":"https:\/\/eltrabajo.cl\/portal\/wp-json\/wp\/v2\/posts\/58835","targetHints":{"allow":["GET"]}}],"collection":[{"href":"https:\/\/eltrabajo.cl\/portal\/wp-json\/wp\/v2\/posts"}],"about":[{"href":"https:\/\/eltrabajo.cl\/portal\/wp-json\/wp\/v2\/types\/post"}],"author":[{"embeddable":true,"href":"https:\/\/eltrabajo.cl\/portal\/wp-json\/wp\/v2\/users\/482"}],"replies":[{"embeddable":true,"href":"https:\/\/eltrabajo.cl\/portal\/wp-json\/wp\/v2\/comments?post=58835"}],"version-history":[{"count":0,"href":"https:\/\/eltrabajo.cl\/portal\/wp-json\/wp\/v2\/posts\/58835\/revisions"}],"wp:featuredmedia":[{"embeddable":true,"href":"https:\/\/eltrabajo.cl\/portal\/wp-json\/wp\/v2\/media\/58836"}],"wp:attachment":[{"href":"https:\/\/eltrabajo.cl\/portal\/wp-json\/wp\/v2\/media?parent=58835"}],"wp:term":[{"taxonomy":"category","embeddable":true,"href":"https:\/\/eltrabajo.cl\/portal\/wp-json\/wp\/v2\/categories?post=58835"},{"taxonomy":"post_tag","embeddable":true,"href":"https:\/\/eltrabajo.cl\/portal\/wp-json\/wp\/v2\/tags?post=58835"}],"curies":[{"name":"wp","href":"https:\/\/api.w.org\/{rel}","templated":true}]}}