{"id":58838,"date":"2015-06-09T09:30:38","date_gmt":"2015-06-09T12:30:38","guid":{"rendered":"http:\/\/www.eltrabajo.cl\/portal\/?p=58838"},"modified":"2015-06-09T09:30:38","modified_gmt":"2015-06-09T12:30:38","slug":"sospechan-uso-de-gas-para-dormir-a-familia-y-robar-automovil","status":"publish","type":"post","link":"https:\/\/eltrabajo.cl\/portal\/sospechan-uso-de-gas-para-dormir-a-familia-y-robar-automovil\/","title":{"rendered":"Sospechan uso de gas para dormir a familia y robar autom\u00f3vil"},"content":{"rendered":"<figure id=\"attachment_58839\" aria-describedby=\"caption-attachment-58839\" style=\"width: 300px\" class=\"wp-caption alignleft\"><a href=\"https:\/\/i0.wp.com\/www.eltrabajo.cl\/portal\/wp-content\/uploads\/2015\/06\/Robado1.jpg\"><img data-recalc-dims=\"1\" loading=\"lazy\" decoding=\"async\" class=\"wp-image-58839 size-medium\" src=\"https:\/\/i0.wp.com\/www.eltrabajo.cl\/portal\/wp-content\/uploads\/2015\/06\/Robado1-300x198.jpg?resize=300%2C198\" alt=\"ROBADO Y RECUPERADO.- Este veh\u00edculo fue robado en la madrugada, pero apareci\u00f3 en la tarde en el sector de departamentos Parras\u00eda, gracias a los vecinos y amigos del due\u00f1o.\" width=\"300\" height=\"198\" srcset=\"https:\/\/i0.wp.com\/eltrabajo.cl\/portal\/wp-content\/uploads\/2015\/06\/Robado1.jpg?resize=300%2C198&amp;ssl=1 300w, https:\/\/i0.wp.com\/eltrabajo.cl\/portal\/wp-content\/uploads\/2015\/06\/Robado1.jpg?resize=200%2C132&amp;ssl=1 200w, https:\/\/i0.wp.com\/eltrabajo.cl\/portal\/wp-content\/uploads\/2015\/06\/Robado1.jpg?resize=227%2C150&amp;ssl=1 227w, https:\/\/i0.wp.com\/eltrabajo.cl\/portal\/wp-content\/uploads\/2015\/06\/Robado1.jpg?resize=400%2C264&amp;ssl=1 400w, https:\/\/i0.wp.com\/eltrabajo.cl\/portal\/wp-content\/uploads\/2015\/06\/Robado1.jpg?w=530&amp;ssl=1 530w\" sizes=\"auto, (max-width: 300px) 100vw, 300px\" \/><\/a><figcaption id=\"caption-attachment-58839\" class=\"wp-caption-text\">ROBADO Y RECUPERADO.- Este veh\u00edculo fue robado en la madrugada, pero apareci\u00f3 en la tarde en el sector de departamentos Parras\u00eda, gracias a los vecinos y amigos del due\u00f1o.<\/figcaption><\/figure>\n<p>Una ola de robos viene azotando a la poblaci\u00f3n Santa Rosa de San Felipe, en donde los \u00faltimos d\u00edas han ocurrido varios hurtos por descuido y hasta con sofisticadas t\u00e9cnicas para apropiarse de lo ajeno, seg\u00fan se desprende del testimonio de algunas v\u00edctimas del sector.<\/p>\n<p><strong>\u00abCREEMOS QUE\u00a0NOS DURMIERON\u00bb<\/strong><br \/>\nEse es el caso de Diego Mu\u00f1oz, un estudiante de Mec\u00e1nica Industrial en la Universidad Aconcagua, quien ayer lunes despert\u00f3 con la amarga impresi\u00f3n de ser una v\u00edctima m\u00e1s del hampa, pues en horas de la madrugada uno o varios delincuentes entraron por el muro de la casa vecina, ingresaron por una ventana e hicieron de las suyas, robando un autom\u00f3vil valorado en casi $3 millones.<\/p>\n<figure id=\"attachment_58840\" aria-describedby=\"caption-attachment-58840\" style=\"width: 300px\" class=\"wp-caption alignright\"><a href=\"https:\/\/i0.wp.com\/www.eltrabajo.cl\/portal\/wp-content\/uploads\/2015\/06\/Diego-Munoz.jpg\"><img data-recalc-dims=\"1\" loading=\"lazy\" decoding=\"async\" class=\"wp-image-58840 size-medium\" src=\"https:\/\/i0.wp.com\/www.eltrabajo.cl\/portal\/wp-content\/uploads\/2015\/06\/Diego-Munoz-300x198.jpg?resize=300%2C198\" alt=\"Diego Mu\u00f1oz, joven universitario a quien le robaron su auto desde la cochera de su casa.\" width=\"300\" height=\"198\" srcset=\"https:\/\/i0.wp.com\/eltrabajo.cl\/portal\/wp-content\/uploads\/2015\/06\/Diego-Munoz.jpg?resize=300%2C198&amp;ssl=1 300w, https:\/\/i0.wp.com\/eltrabajo.cl\/portal\/wp-content\/uploads\/2015\/06\/Diego-Munoz.jpg?resize=200%2C132&amp;ssl=1 200w, https:\/\/i0.wp.com\/eltrabajo.cl\/portal\/wp-content\/uploads\/2015\/06\/Diego-Munoz.jpg?resize=227%2C150&amp;ssl=1 227w, https:\/\/i0.wp.com\/eltrabajo.cl\/portal\/wp-content\/uploads\/2015\/06\/Diego-Munoz.jpg?resize=400%2C264&amp;ssl=1 400w, https:\/\/i0.wp.com\/eltrabajo.cl\/portal\/wp-content\/uploads\/2015\/06\/Diego-Munoz.jpg?w=530&amp;ssl=1 530w\" sizes=\"auto, (max-width: 300px) 100vw, 300px\" \/><\/a><figcaption id=\"caption-attachment-58840\" class=\"wp-caption-text\">Diego Mu\u00f1oz, joven universitario a quien le robaron su auto desde la cochera de su casa.<\/figcaption><\/figure>\n<p>\u00abEs algo muy desagradable. No se lo deseo a nadie, pues a m\u00ed no me pas\u00f3 que me descuid\u00e9 en la calle o que dejara estacionado mi auto en la plaza, aqu\u00ed lo que pas\u00f3, es que el o los ladrones, lograron pasearse por nuestra sala, entraron a nuestra casa, buscaron con calma las llaves de los portones de nuestra casa, las llaves del auto, se llevaron hasta una chaqueta\u00bb, explic\u00f3 Diego Mu\u00f1oz a Diario El Trabajo.<br \/>\nSeg\u00fan el relato de este joven sanfelipe\u00f1o, \u00absospechamos que de alguna manera pudimos ser v\u00edctimas de alg\u00fan gas que nos durmiera profundamente, porque s\u00f3lo as\u00ed podr\u00edamos haber ignorado los ruidos del port\u00f3n, que est\u00e1 oxidado y genera sonidos muy agudos, aunque se le abra despacio\u00bb, agreg\u00f3 Mu\u00f1oz.<br \/>\nSeg\u00fan pudo confirmar posteriormente nuestro medio v\u00eda telef\u00f3nica con el due\u00f1o del auto, ayer mismo en horas de la tarde ya el veh\u00edculo habr\u00eda aparecido en el sector de los departamentos Parras\u00eda, \u00ablos vecinos y amigos hicieron circular fotos en redes sociales, gracias a ello me dieron aviso del paradero de mi auto, de lo cual estoy muy agradecido, el veh\u00edculo no est\u00e1 da\u00f1ado\u00bb, dijo Diego a Diario El Trabajo.<\/p>\n<p><strong>OTROS ATAQUES<\/strong><br \/>\nEl hampa tambi\u00e9n visit\u00f3, seg\u00fan lo comentaron algunos vecinos, la casa en donde viv\u00eda don Luis Lepe, quien la semana pasada fue trasladado al Hogar de Cristo de Limache, luego de vivir un penoso drama. Los ladrones se metieron a la casa vac\u00eda que \u00e9l alquilaba, y se robaron los cilindros de gas y las pocas pertenencias que quedaron ah\u00ed. Tambi\u00e9n hay otros reportes de robos en otras casas del sector de esa poblaci\u00f3n, sin embargo s\u00f3lo pudimos hablar con la v\u00edctima de este singular robo de auto.<br \/>\n<strong>Roberto Gonz\u00e1lez Short<\/strong><\/p>\n","protected":false},"excerpt":{"rendered":"<p>Una ola de robos viene azotando a la poblaci\u00f3n Santa Rosa de San Felipe, en donde los \u00faltimos d\u00edas han ocurrido varios hurtos por descuido y hasta con sofisticadas t\u00e9cnicas para apropiarse&#8230;<\/p>\n","protected":false},"author":482,"featured_media":58839,"comment_status":"open","ping_status":"open","sticky":false,"template":"","format":"standard","meta":{"advanced_seo_description":"","jetpack_seo_html_title":"","jetpack_seo_noindex":false,"_jetpack_memberships_contains_paid_content":false,"footnotes":""},"categories":[21],"tags":[],"class_list":["post-58838","post","type-post","status-publish","format-standard","has-post-thumbnail","hentry","category-policial"],"jetpack_featured_media_url":"https:\/\/i0.wp.com\/eltrabajo.cl\/portal\/wp-content\/uploads\/2015\/06\/Robado1.jpg?fit=530%2C350&ssl=1","jetpack_sharing_enabled":true,"jetpack_likes_enabled":true,"jetpack-related-posts":[],"_links":{"self":[{"href":"https:\/\/eltrabajo.cl\/portal\/wp-json\/wp\/v2\/posts\/58838","targetHints":{"allow":["GET"]}}],"collection":[{"href":"https:\/\/eltrabajo.cl\/portal\/wp-json\/wp\/v2\/posts"}],"about":[{"href":"https:\/\/eltrabajo.cl\/portal\/wp-json\/wp\/v2\/types\/post"}],"author":[{"embeddable":true,"href":"https:\/\/eltrabajo.cl\/portal\/wp-json\/wp\/v2\/users\/482"}],"replies":[{"embeddable":true,"href":"https:\/\/eltrabajo.cl\/portal\/wp-json\/wp\/v2\/comments?post=58838"}],"version-history":[{"count":0,"href":"https:\/\/eltrabajo.cl\/portal\/wp-json\/wp\/v2\/posts\/58838\/revisions"}],"wp:featuredmedia":[{"embeddable":true,"href":"https:\/\/eltrabajo.cl\/portal\/wp-json\/wp\/v2\/media\/58839"}],"wp:attachment":[{"href":"https:\/\/eltrabajo.cl\/portal\/wp-json\/wp\/v2\/media?parent=58838"}],"wp:term":[{"taxonomy":"category","embeddable":true,"href":"https:\/\/eltrabajo.cl\/portal\/wp-json\/wp\/v2\/categories?post=58838"},{"taxonomy":"post_tag","embeddable":true,"href":"https:\/\/eltrabajo.cl\/portal\/wp-json\/wp\/v2\/tags?post=58838"}],"curies":[{"name":"wp","href":"https:\/\/api.w.org\/{rel}","templated":true}]}}