{"id":58858,"date":"2015-06-10T09:15:21","date_gmt":"2015-06-10T12:15:21","guid":{"rendered":"http:\/\/www.eltrabajo.cl\/portal\/?p=58858"},"modified":"2015-06-10T09:15:21","modified_gmt":"2015-06-10T12:15:21","slug":"cuentacuentos-sorprende-a-pequenitos-en-salas-del-san-camilo","status":"publish","type":"post","link":"https:\/\/eltrabajo.cl\/portal\/cuentacuentos-sorprende-a-pequenitos-en-salas-del-san-camilo\/","title":{"rendered":"Cuentacuentos sorprende a peque\u00f1itos en salas del San Camilo"},"content":{"rendered":"<figure id=\"attachment_58859\" aria-describedby=\"caption-attachment-58859\" style=\"width: 300px\" class=\"wp-caption alignleft\"><a href=\"https:\/\/i0.wp.com\/www.eltrabajo.cl\/portal\/wp-content\/uploads\/2015\/06\/Cuentos1.jpg\"><img data-recalc-dims=\"1\" loading=\"lazy\" decoding=\"async\" class=\"wp-image-58859 size-medium\" src=\"https:\/\/i0.wp.com\/www.eltrabajo.cl\/portal\/wp-content\/uploads\/2015\/06\/Cuentos1-300x197.jpg?resize=300%2C197\" alt=\"REGALONES.- Este proyecto es parte del Plan de Fomento Lector de la Direcci\u00f3n Regional del Consejo de la Cultura y las Artes. Aqu\u00ed tenemos a Claudia Bravo con sus fans y atentos oyentes.\" width=\"300\" height=\"197\" srcset=\"https:\/\/i0.wp.com\/eltrabajo.cl\/portal\/wp-content\/uploads\/2015\/06\/Cuentos1.jpg?resize=300%2C197&amp;ssl=1 300w, https:\/\/i0.wp.com\/eltrabajo.cl\/portal\/wp-content\/uploads\/2015\/06\/Cuentos1.jpg?resize=200%2C131&amp;ssl=1 200w, https:\/\/i0.wp.com\/eltrabajo.cl\/portal\/wp-content\/uploads\/2015\/06\/Cuentos1.jpg?resize=228%2C150&amp;ssl=1 228w, https:\/\/i0.wp.com\/eltrabajo.cl\/portal\/wp-content\/uploads\/2015\/06\/Cuentos1.jpg?resize=400%2C263&amp;ssl=1 400w, https:\/\/i0.wp.com\/eltrabajo.cl\/portal\/wp-content\/uploads\/2015\/06\/Cuentos1.jpg?w=530&amp;ssl=1 530w\" sizes=\"auto, (max-width: 300px) 100vw, 300px\" \/><\/a><figcaption id=\"caption-attachment-58859\" class=\"wp-caption-text\">REGALONES.- Este proyecto es parte del Plan de Fomento Lector de la Direcci\u00f3n Regional del Consejo de la Cultura y las Artes. Aqu\u00ed tenemos a Claudia Bravo con sus fans y atentos oyentes.<\/figcaption><\/figure>\n<p>Satisfechos se mostraron los usuarios del Hospital San Camilo, luego de que mientras esperaban su atenci\u00f3n en los diversos policl\u00ednicos, fueran sorprendidos por una verdadera \u2018cuentacuentos\u2019, Claudia Bravo, quien luego de presentarse comenzaba a relatarles una entretenida historia de fantas\u00eda, les hac\u00eda la espera m\u00e1s agradable y placentera.<br \/>\nEl proyecto que es parte del Plan de Fomento Lector de la Direcci\u00f3n Regional del Consejo de la Cultura y las Artes, y que busca de manera l\u00fadica fomentar el h\u00e1bito de la lectura tanto en ni\u00f1os como en adultos, esta es la segunda oportunidad que se desarrolla en el establecimiento sanfelipe\u00f1o.<br \/>\nDe esta manera, la \u2018cuentacuentos\u2019 seguir\u00e1 visitando las dependencias del Hospital San Camilo de aqu\u00ed hasta diciembre, sorprendiendo a los usuarios de las salas de espera e incluso a los pacientes hospitalizados, ya que como una verdadera profesional, tiene \u2018cuento para rato\u2019.<\/p>\n<figure id=\"attachment_58860\" aria-describedby=\"caption-attachment-58860\" style=\"width: 300px\" class=\"wp-caption alignright\"><a href=\"https:\/\/i0.wp.com\/www.eltrabajo.cl\/portal\/wp-content\/uploads\/2015\/06\/Cuentos2.jpg\"><img data-recalc-dims=\"1\" loading=\"lazy\" decoding=\"async\" class=\"wp-image-58860 size-medium\" src=\"https:\/\/i0.wp.com\/www.eltrabajo.cl\/portal\/wp-content\/uploads\/2015\/06\/Cuentos2-300x198.jpg?resize=300%2C198\" alt=\"MUY ATENTOS.- Claudia Bravo, nuestra \u2018cuentacuentos\u2019, seguir\u00e1 visitando las dependencias del Hospital San Camilo de aqu\u00ed hasta diciembre, sorprendiendo a los usuarios de las salas de espera e incluso a los pacientes hospitalizados.\" width=\"300\" height=\"198\" srcset=\"https:\/\/i0.wp.com\/eltrabajo.cl\/portal\/wp-content\/uploads\/2015\/06\/Cuentos2.jpg?resize=300%2C198&amp;ssl=1 300w, https:\/\/i0.wp.com\/eltrabajo.cl\/portal\/wp-content\/uploads\/2015\/06\/Cuentos2.jpg?resize=200%2C132&amp;ssl=1 200w, https:\/\/i0.wp.com\/eltrabajo.cl\/portal\/wp-content\/uploads\/2015\/06\/Cuentos2.jpg?resize=228%2C150&amp;ssl=1 228w, https:\/\/i0.wp.com\/eltrabajo.cl\/portal\/wp-content\/uploads\/2015\/06\/Cuentos2.jpg?resize=400%2C263&amp;ssl=1 400w, https:\/\/i0.wp.com\/eltrabajo.cl\/portal\/wp-content\/uploads\/2015\/06\/Cuentos2.jpg?w=530&amp;ssl=1 530w\" sizes=\"auto, (max-width: 300px) 100vw, 300px\" \/><\/a><figcaption id=\"caption-attachment-58860\" class=\"wp-caption-text\">MUY ATENTOS.- Claudia Bravo, nuestra \u2018cuentacuentos\u2019, seguir\u00e1 visitando las dependencias del Hospital San Camilo de aqu\u00ed hasta diciembre, sorprendiendo a los usuarios de las salas de espera e incluso a los pacientes hospitalizados.<\/figcaption><\/figure>\n<p>\u00abEstamos muy agradecidos de este regalo del Consejo de Cultura, ya que no es la primera intervenci\u00f3n que realiza en nuestro establecimiento gracias a que hemos sabido aprovechar a favor de nuestros usuarios los recursos destinados, pudiendo agradar a personas que muchas veces est\u00e1n pasando momentos ingratos, y a la vez fomentando la lectura, pudiendo darnos la oportunidad de entregar una atenci\u00f3n m\u00e1s amena y humanizada a nuestros usuarios\u00bb, asegur\u00f3 la directora del Hospital San Camilo, Jeannette de la Barrera.<br \/>\nY es que desde hace a\u00f1os existe un acuerdo entre ambas entidades, que se ha traducido en el regalo de bibliotecas para Pediatr\u00eda y para las salas de espera, as\u00ed como tambi\u00e9n a trav\u00e9s de la visita de una compa\u00f1\u00eda de teatro que tambi\u00e9n incentivaba la lectura de los ni\u00f1os de manera l\u00fadica y formativa, tal como lo har\u00e1 esta cuenta cuentos de aqu\u00ed a diciembre.<\/p>\n","protected":false},"excerpt":{"rendered":"<p>Satisfechos se mostraron los usuarios del Hospital San Camilo, luego de que mientras esperaban su atenci\u00f3n en los diversos policl\u00ednicos, fueran sorprendidos por una verdadera \u2018cuentacuentos\u2019, Claudia Bravo, quien luego de presentarse&#8230;<\/p>\n","protected":false},"author":482,"featured_media":58859,"comment_status":"open","ping_status":"open","sticky":false,"template":"","format":"standard","meta":{"advanced_seo_description":"","jetpack_seo_html_title":"","jetpack_seo_noindex":false,"_jetpack_memberships_contains_paid_content":false,"footnotes":""},"categories":[15],"tags":[],"class_list":["post-58858","post","type-post","status-publish","format-standard","has-post-thumbnail","hentry","category-comunidad"],"jetpack_featured_media_url":"https:\/\/i0.wp.com\/eltrabajo.cl\/portal\/wp-content\/uploads\/2015\/06\/Cuentos1.jpg?fit=530%2C348&ssl=1","jetpack_sharing_enabled":true,"jetpack_likes_enabled":true,"jetpack-related-posts":[],"_links":{"self":[{"href":"https:\/\/eltrabajo.cl\/portal\/wp-json\/wp\/v2\/posts\/58858","targetHints":{"allow":["GET"]}}],"collection":[{"href":"https:\/\/eltrabajo.cl\/portal\/wp-json\/wp\/v2\/posts"}],"about":[{"href":"https:\/\/eltrabajo.cl\/portal\/wp-json\/wp\/v2\/types\/post"}],"author":[{"embeddable":true,"href":"https:\/\/eltrabajo.cl\/portal\/wp-json\/wp\/v2\/users\/482"}],"replies":[{"embeddable":true,"href":"https:\/\/eltrabajo.cl\/portal\/wp-json\/wp\/v2\/comments?post=58858"}],"version-history":[{"count":0,"href":"https:\/\/eltrabajo.cl\/portal\/wp-json\/wp\/v2\/posts\/58858\/revisions"}],"wp:featuredmedia":[{"embeddable":true,"href":"https:\/\/eltrabajo.cl\/portal\/wp-json\/wp\/v2\/media\/58859"}],"wp:attachment":[{"href":"https:\/\/eltrabajo.cl\/portal\/wp-json\/wp\/v2\/media?parent=58858"}],"wp:term":[{"taxonomy":"category","embeddable":true,"href":"https:\/\/eltrabajo.cl\/portal\/wp-json\/wp\/v2\/categories?post=58858"},{"taxonomy":"post_tag","embeddable":true,"href":"https:\/\/eltrabajo.cl\/portal\/wp-json\/wp\/v2\/tags?post=58858"}],"curies":[{"name":"wp","href":"https:\/\/api.w.org\/{rel}","templated":true}]}}