{"id":58883,"date":"2015-06-10T09:36:02","date_gmt":"2015-06-10T12:36:02","guid":{"rendered":"http:\/\/www.eltrabajo.cl\/portal\/?p=58883"},"modified":"2015-06-10T09:36:02","modified_gmt":"2015-06-10T12:36:02","slug":"incendio-en-casa-de-san-martin-pudo-haber-sido-provocado-por-menores","status":"publish","type":"post","link":"https:\/\/eltrabajo.cl\/portal\/incendio-en-casa-de-san-martin-pudo-haber-sido-provocado-por-menores\/","title":{"rendered":"Incendio en casa de San Mart\u00edn pudo haber sido provocado por menores"},"content":{"rendered":"<figure id=\"attachment_58884\" aria-describedby=\"caption-attachment-58884\" style=\"width: 300px\" class=\"wp-caption alignleft\"><a href=\"https:\/\/i0.wp.com\/www.eltrabajo.cl\/portal\/wp-content\/uploads\/2015\/06\/Llamas11.jpg\"><img data-recalc-dims=\"1\" loading=\"lazy\" decoding=\"async\" class=\"wp-image-58884 size-medium\" src=\"https:\/\/i0.wp.com\/www.eltrabajo.cl\/portal\/wp-content\/uploads\/2015\/06\/Llamas11-300x198.jpg?resize=300%2C198\" alt=\"El fuego consumi\u00f3 un 50% de la estructura frontal de la casa de acogida para mujeres v\u00edctimas de violencia intrafamiliar provista por el Sernam.\" width=\"300\" height=\"198\" srcset=\"https:\/\/i0.wp.com\/eltrabajo.cl\/portal\/wp-content\/uploads\/2015\/06\/Llamas11.jpg?resize=300%2C198&amp;ssl=1 300w, https:\/\/i0.wp.com\/eltrabajo.cl\/portal\/wp-content\/uploads\/2015\/06\/Llamas11.jpg?resize=200%2C132&amp;ssl=1 200w, https:\/\/i0.wp.com\/eltrabajo.cl\/portal\/wp-content\/uploads\/2015\/06\/Llamas11.jpg?resize=227%2C150&amp;ssl=1 227w, https:\/\/i0.wp.com\/eltrabajo.cl\/portal\/wp-content\/uploads\/2015\/06\/Llamas11.jpg?resize=400%2C264&amp;ssl=1 400w, https:\/\/i0.wp.com\/eltrabajo.cl\/portal\/wp-content\/uploads\/2015\/06\/Llamas11.jpg?w=530&amp;ssl=1 530w\" sizes=\"auto, (max-width: 300px) 100vw, 300px\" \/><\/a><figcaption id=\"caption-attachment-58884\" class=\"wp-caption-text\">El fuego consumi\u00f3 un 50% de la estructura frontal de la casa de acogida para mujeres v\u00edctimas de violencia intrafamiliar provista por el Sernam.<\/figcaption><\/figure>\n<ul>\n<li><strong>Quince menores de edad y seis mujeres resultaron afectados tras el incendio que consumi\u00f3 la estructura principal de la casa de acogida de mujeres v\u00edctimas de violencia intrafamiliar ubicada en calle San Mart\u00edn en San Felipe, quedando a la espera de su reubicaci\u00f3n por parte del Sernam tras el siniestro que Bomberos combati\u00f3 hasta altas horas de la madrugada de ayer martes<\/strong>.<\/li>\n<\/ul>\n<p>Una orden a investigar a la Polic\u00eda de Investigaciones, en paralelo al Departamento T\u00e9cnico de Bomberos, orden\u00f3 la fiscal\u00eda para establecer el origen del incendio que se produjo en horas de la noche del lunes y que afect\u00f3 a una casa de acogida de mujeres v\u00edctimas de violencia intrafamiliar provista por el Sernam.<br \/>\nEl siniestro calcin\u00f3 un 50% de la estructura frontal del recinto y podr\u00eda haber sido provocado por menores de edad.<br \/>\nDe acuerdo a los primeros antecedentes recabados en la vivienda siniestrada, ubicada en calle San Mart\u00edn entre Toro Mazote y avenida Yungay, los residentes de ese sector aseguraron ver a los menores jugando con fuego al interior del sitio del suceso. Estos antecedentes deber\u00e1n ser confirmados o descartados en los informes que elaborar\u00e1n los efectivos policiales y de Bomberos para establecer la causa del siniestro que afect\u00f3 directamente a seis adultos y quince menores de edad residentes de ese domicilio.<br \/>\nTal como lo informara Diario El Trabajo en nuestra edici\u00f3n de ayer martes, la alarma del fuego se inici\u00f3 a eso de las 21:50 horas, despachando a los carros de Bomberos de la Primera Compa\u00f1\u00eda que concurrieron hasta la calle San Mart\u00edn. Las intensas llamas obligaron a requerir la cooperaci\u00f3n de las siete compa\u00f1\u00edas restantes de San Felipe, desplegando la labor de 60 voluntarios que entraron en acci\u00f3n contra las llamas.<br \/>\nLa consternaci\u00f3n de los afectados se fue incrementando cuando las v\u00edctimas comenzaron a abandonar la vivienda cubierta en llamas, quedando atrapado un ni\u00f1o de seis a\u00f1os al interior de una de las habitaciones, el que fue rescatado heroicamente en cuesti\u00f3n de segundos por los voluntarios de bomberos, logrando salvarlo del intenso humo y del fuego que consum\u00eda el cielo de la casa, presentando un principio de asfixia que pudo ser estabilizada por los param\u00e9dicos del Samu que prestaron su cooperaci\u00f3n.<br \/>\nJunto con el menor, una mujer tambi\u00e9n sufri\u00f3 las consecuencias de este incendio debido a la prolongada inhalaci\u00f3n de humo, presentando s\u00edntomas de asfixia, por lo cual debi\u00f3 ser trasladada hasta el servicio de urgencias del Hospital San Camilo para ser asistida por los profesionales de la salud.<br \/>\nPor m\u00e1s de tres horas y media, los voluntarios de Bomberos trabajaron intensamente para reducir las llamas, hasta controlar el siniestro por completo, impidiendo que el fuego se extendiera hacia otras viviendas como la del hogar de adultos mayores que result\u00f3 levemente afectado por la destrucci\u00f3n de tejas.<br \/>\nEn entrevista con el Comandante del Cuerpo de Bomberos, Juan Carlos Herrera Lillo, inform\u00f3 a Diario El Trabajo que se deber\u00e1 oficiar a la Fiscal\u00eda un informe elaborado por el Departamento T\u00e9cnico para establecer, en conjunto con la PDI de San Felipe, el origen del fuego de acuerdo a las pericias que se despliegan en el sitio del suceso.<br \/>\n<strong>&#8211; En primera instancia, \u00bfcu\u00e1l ser\u00eda el origen del fuego?<\/strong><br \/>\n<strong>&#8211;<\/strong> Lo que se ha sabido en primera instancia y que es materia de investigaci\u00f3n sobre el origen del siniestro, seg\u00fan lo conversado con algunos de los vecinos y personas en el lugar, es que unos ni\u00f1os estar\u00edan jugando con fuego ah\u00ed mismo en el interior, pero es parte que tiene que ser trabajado por el departamento especializado. Se est\u00e1 trabajando para determinar las causas; hip\u00f3tesis hay muchas, pero del hecho original hasta el momento se puede saber una vez que los peritos hagan el informe.<br \/>\n<strong>&#8211; \u00bfCu\u00e1ntas personas resultaron afectadas?<\/strong><br \/>\n<strong>&#8211;<\/strong> Se procedi\u00f3 al ingreso al lugar para el rescate de un menor de seis a\u00f1os, para la b\u00fasqueda inmediata por Bomberos en el sitio. Afortunadamente fue encontrado un ni\u00f1o de cinco a\u00f1os en una de las habitaciones en donde estaba siendo afectado por el humo y por el fuego que ven\u00eda del entretecho, sac\u00e1ndolo de inmediato por los voluntarios. El menor presentaba un principio de asfixia y una mujer sufri\u00f3 de la misma forma un principio de asfixia, debiendo ser derivados hasta el Hospital San Camilo. Son quince menores de edad y seis personas adultas que se encontraban en la vivienda, de acuerdo a los antecedentes que nosotros manejamos.<br \/>\n<strong>&#8211; \u00bfCu\u00e1nto fue el da\u00f1o estructural?<\/strong><br \/>\n<strong>&#8211;<\/strong> Estimamos un 50% calcinado en la parte delantera de la vivienda, no as\u00ed la parte trasera que se pudo salvar, evitando que las llamas alcanzaran ese lugar y las casas colindantes.<br \/>\n<strong>&#8211; \u00bfEl caso adem\u00e1s ser\u00e1 investigado por la PDI?<\/strong><br \/>\n<strong>&#8211;<\/strong> Por parte del fiscal de turno se requiri\u00f3 que la Polic\u00eda de Investigaciones iniciara una investigaci\u00f3n al respecto del origen del incendio, de la misma forma que nuestro Departamento T\u00e9cnico.<br \/>\nLos afectados residentes de esta casa de acogida para mujeres v\u00edctimas de violencia intrafamiliar, fueron albergados en forma moment\u00e1nea en una residencia particular vecina a la espera de la visita de la Directora Regional del Servicio Nacional de la Mujer para la reubicaci\u00f3n de estas familias.<br \/>\n<strong>Pablo Salinas Sald\u00edas<\/strong><\/p>\n<div class=\"tiled-gallery type-rectangular tiled-gallery-unresized\" data-original-width=\"640\" data-carousel-extra='null' itemscope itemtype=\"http:\/\/schema.org\/ImageGallery\" > <div class=\"gallery-row\" style=\"width: 640px; height: 282px;\" data-original-width=\"640\" data-original-height=\"282\" > <div class=\"gallery-group images-1\" style=\"width: 428px; height: 282px;\" data-original-width=\"428\" data-original-height=\"282\" > <div class=\"tiled-gallery-item tiled-gallery-item-large\" itemprop=\"associatedMedia\" itemscope itemtype=\"http:\/\/schema.org\/ImageObject\"> <a href=\"https:\/\/eltrabajo.cl\/portal\/incendio-en-casa-de-san-martin-pudo-haber-sido-provocado-por-menores\/llamas-2\/\" border=\"0\" itemprop=\"url\"> <meta itemprop=\"width\" content=\"424\"> <meta itemprop=\"height\" content=\"278\"> <img decoding=\"async\" class=\"\" data-attachment-id=\"58885\" data-orig-file=\"https:\/\/eltrabajo.cl\/portal\/wp-content\/uploads\/2015\/06\/Llamas-2.jpg\" data-orig-size=\"530,348\" data-comments-opened=\"1\" data-image-meta=\"{&quot;aperture&quot;:&quot;0&quot;,&quot;credit&quot;:&quot;&quot;,&quot;camera&quot;:&quot;&quot;,&quot;caption&quot;:&quot;&quot;,&quot;created_timestamp&quot;:&quot;0&quot;,&quot;copyright&quot;:&quot;&quot;,&quot;focal_length&quot;:&quot;0&quot;,&quot;iso&quot;:&quot;0&quot;,&quot;shutter_speed&quot;:&quot;0&quot;,&quot;title&quot;:&quot;&quot;,&quot;orientation&quot;:&quot;0&quot;}\" data-image-title=\"Llamas 2\" data-image-description=\"&lt;p&gt;Las inmensas lenguas de fuego fueron extinguidas por bomberos pertenecientes a las siete compa\u00f1\u00edas de San Felipe.&lt;\/p&gt; \" data-medium-file=\"https:\/\/i0.wp.com\/eltrabajo.cl\/portal\/wp-content\/uploads\/2015\/06\/Llamas-2.jpg?fit=300%2C197&#038;ssl=1\" data-large-file=\"https:\/\/i0.wp.com\/eltrabajo.cl\/portal\/wp-content\/uploads\/2015\/06\/Llamas-2.jpg?fit=530%2C348&#038;ssl=1\" src=\"https:\/\/i0.wp.com\/eltrabajo.cl\/portal\/wp-content\/uploads\/2015\/06\/Llamas-2.jpg?w=424&#038;h=278&#038;ssl=1\" srcset=\"https:\/\/i0.wp.com\/eltrabajo.cl\/portal\/wp-content\/uploads\/2015\/06\/Llamas-2.jpg?w=530&amp;ssl=1 530w, https:\/\/i0.wp.com\/eltrabajo.cl\/portal\/wp-content\/uploads\/2015\/06\/Llamas-2.jpg?resize=200%2C131&amp;ssl=1 200w, https:\/\/i0.wp.com\/eltrabajo.cl\/portal\/wp-content\/uploads\/2015\/06\/Llamas-2.jpg?resize=300%2C197&amp;ssl=1 300w, https:\/\/i0.wp.com\/eltrabajo.cl\/portal\/wp-content\/uploads\/2015\/06\/Llamas-2.jpg?resize=228%2C150&amp;ssl=1 228w, https:\/\/i0.wp.com\/eltrabajo.cl\/portal\/wp-content\/uploads\/2015\/06\/Llamas-2.jpg?resize=400%2C263&amp;ssl=1 400w\" width=\"424\" height=\"278\" loading=\"lazy\" data-original-width=\"424\" data-original-height=\"278\" itemprop=\"http:\/\/schema.org\/image\" title=\"Llamas 2\" alt=\"Las inmensas lenguas de fuego fueron extinguidas por bomberos pertenecientes a las siete compa\u00f1\u00edas de San Felipe.\" style=\"width: 424px; height: 278px;\" \/> <\/a> <div class=\"tiled-gallery-caption\" itemprop=\"caption description\"> Las inmensas lenguas de fuego fueron extinguidas por bomberos pertenecientes a las siete compa\u00f1\u00edas de San Felipe. <\/div> <\/div> <\/div> <!-- close group --> <div class=\"gallery-group images-2\" style=\"width: 212px; height: 282px;\" data-original-width=\"212\" data-original-height=\"282\" > <div class=\"tiled-gallery-item tiled-gallery-item-small\" itemprop=\"associatedMedia\" itemscope itemtype=\"http:\/\/schema.org\/ImageObject\"> <a href=\"https:\/\/eltrabajo.cl\/portal\/incendio-en-casa-de-san-martin-pudo-haber-sido-provocado-por-menores\/humo\/\" border=\"0\" itemprop=\"url\"> <meta itemprop=\"width\" content=\"208\"> <meta itemprop=\"height\" content=\"137\"> <img decoding=\"async\" class=\"\" data-attachment-id=\"58888\" data-orig-file=\"https:\/\/eltrabajo.cl\/portal\/wp-content\/uploads\/2015\/06\/HUMO.jpg\" data-orig-size=\"530,348\" data-comments-opened=\"1\" data-image-meta=\"{&quot;aperture&quot;:&quot;0&quot;,&quot;credit&quot;:&quot;&quot;,&quot;camera&quot;:&quot;&quot;,&quot;caption&quot;:&quot;&quot;,&quot;created_timestamp&quot;:&quot;0&quot;,&quot;copyright&quot;:&quot;&quot;,&quot;focal_length&quot;:&quot;0&quot;,&quot;iso&quot;:&quot;0&quot;,&quot;shutter_speed&quot;:&quot;0&quot;,&quot;title&quot;:&quot;&quot;,&quot;orientation&quot;:&quot;0&quot;}\" data-image-title=\"HUMO\" data-image-description=\"&lt;p&gt;Una gran columna de humo se elevaba al cielo producto de las llamas que azotaban la vivienda siniestrada.&lt;\/p&gt; \" data-medium-file=\"https:\/\/i0.wp.com\/eltrabajo.cl\/portal\/wp-content\/uploads\/2015\/06\/HUMO.jpg?fit=300%2C197&#038;ssl=1\" data-large-file=\"https:\/\/i0.wp.com\/eltrabajo.cl\/portal\/wp-content\/uploads\/2015\/06\/HUMO.jpg?fit=530%2C348&#038;ssl=1\" src=\"https:\/\/i0.wp.com\/eltrabajo.cl\/portal\/wp-content\/uploads\/2015\/06\/HUMO.jpg?w=208&#038;h=137&#038;ssl=1\" srcset=\"https:\/\/i0.wp.com\/eltrabajo.cl\/portal\/wp-content\/uploads\/2015\/06\/HUMO.jpg?w=530&amp;ssl=1 530w, https:\/\/i0.wp.com\/eltrabajo.cl\/portal\/wp-content\/uploads\/2015\/06\/HUMO.jpg?resize=200%2C131&amp;ssl=1 200w, https:\/\/i0.wp.com\/eltrabajo.cl\/portal\/wp-content\/uploads\/2015\/06\/HUMO.jpg?resize=300%2C197&amp;ssl=1 300w, https:\/\/i0.wp.com\/eltrabajo.cl\/portal\/wp-content\/uploads\/2015\/06\/HUMO.jpg?resize=228%2C150&amp;ssl=1 228w, https:\/\/i0.wp.com\/eltrabajo.cl\/portal\/wp-content\/uploads\/2015\/06\/HUMO.jpg?resize=400%2C263&amp;ssl=1 400w\" width=\"208\" height=\"137\" loading=\"lazy\" data-original-width=\"208\" data-original-height=\"137\" itemprop=\"http:\/\/schema.org\/image\" title=\"HUMO\" alt=\"Una gran columna de humo se elevaba al cielo producto de las llamas que azotaban la vivienda siniestrada.\" style=\"width: 208px; height: 137px;\" \/> <\/a> <div class=\"tiled-gallery-caption\" itemprop=\"caption description\"> Una gran columna de humo se elevaba al cielo producto de las llamas que azotaban la vivienda siniestrada. <\/div> <\/div> <div class=\"tiled-gallery-item tiled-gallery-item-small\" itemprop=\"associatedMedia\" itemscope itemtype=\"http:\/\/schema.org\/ImageObject\"> <a href=\"https:\/\/eltrabajo.cl\/portal\/incendio-en-casa-de-san-martin-pudo-haber-sido-provocado-por-menores\/bomberos-4\/\" border=\"0\" itemprop=\"url\"> <meta itemprop=\"width\" content=\"208\"> <meta itemprop=\"height\" content=\"137\"> <img decoding=\"async\" class=\"\" data-attachment-id=\"58887\" data-orig-file=\"https:\/\/eltrabajo.cl\/portal\/wp-content\/uploads\/2015\/06\/bomberos.jpg\" data-orig-size=\"530,350\" data-comments-opened=\"1\" data-image-meta=\"{&quot;aperture&quot;:&quot;0&quot;,&quot;credit&quot;:&quot;&quot;,&quot;camera&quot;:&quot;&quot;,&quot;caption&quot;:&quot;&quot;,&quot;created_timestamp&quot;:&quot;0&quot;,&quot;copyright&quot;:&quot;&quot;,&quot;focal_length&quot;:&quot;0&quot;,&quot;iso&quot;:&quot;0&quot;,&quot;shutter_speed&quot;:&quot;0&quot;,&quot;title&quot;:&quot;&quot;,&quot;orientation&quot;:&quot;0&quot;}\" data-image-title=\"bomberos\" data-image-description=\"&lt;p&gt;Cerca de 60 voluntarios de Bomberos combatieron el fuego por m\u00e1s de tres horas.&lt;\/p&gt; \" data-medium-file=\"https:\/\/i0.wp.com\/eltrabajo.cl\/portal\/wp-content\/uploads\/2015\/06\/bomberos.jpg?fit=300%2C198&#038;ssl=1\" data-large-file=\"https:\/\/i0.wp.com\/eltrabajo.cl\/portal\/wp-content\/uploads\/2015\/06\/bomberos.jpg?fit=530%2C350&#038;ssl=1\" src=\"https:\/\/i0.wp.com\/eltrabajo.cl\/portal\/wp-content\/uploads\/2015\/06\/bomberos.jpg?w=208&#038;h=137&#038;ssl=1\" srcset=\"https:\/\/i0.wp.com\/eltrabajo.cl\/portal\/wp-content\/uploads\/2015\/06\/bomberos.jpg?w=530&amp;ssl=1 530w, https:\/\/i0.wp.com\/eltrabajo.cl\/portal\/wp-content\/uploads\/2015\/06\/bomberos.jpg?resize=200%2C132&amp;ssl=1 200w, https:\/\/i0.wp.com\/eltrabajo.cl\/portal\/wp-content\/uploads\/2015\/06\/bomberos.jpg?resize=300%2C198&amp;ssl=1 300w, https:\/\/i0.wp.com\/eltrabajo.cl\/portal\/wp-content\/uploads\/2015\/06\/bomberos.jpg?resize=227%2C150&amp;ssl=1 227w, https:\/\/i0.wp.com\/eltrabajo.cl\/portal\/wp-content\/uploads\/2015\/06\/bomberos.jpg?resize=400%2C264&amp;ssl=1 400w\" width=\"208\" height=\"137\" loading=\"lazy\" data-original-width=\"208\" data-original-height=\"137\" itemprop=\"http:\/\/schema.org\/image\" title=\"bomberos\" alt=\"Cerca de 60 voluntarios de Bomberos combatieron el fuego por m\u00e1s de tres horas.\" style=\"width: 208px; height: 137px;\" \/> <\/a> <div class=\"tiled-gallery-caption\" itemprop=\"caption description\"> Cerca de 60 voluntarios de Bomberos combatieron el fuego por m\u00e1s de tres horas. <\/div> <\/div> <\/div> <!-- close group --> <\/div> <!-- close row --> <div class=\"gallery-row\" style=\"width: 640px; height: 424px;\" data-original-width=\"640\" data-original-height=\"424\" > <div class=\"gallery-group images-1\" style=\"width: 640px; height: 424px;\" data-original-width=\"640\" data-original-height=\"424\" > <div class=\"tiled-gallery-item tiled-gallery-item-large\" itemprop=\"associatedMedia\" itemscope itemtype=\"http:\/\/schema.org\/ImageObject\"> <a href=\"https:\/\/eltrabajo.cl\/portal\/incendio-en-casa-de-san-martin-pudo-haber-sido-provocado-por-menores\/adultos-mayores-6\/\" border=\"0\" itemprop=\"url\"> <meta itemprop=\"width\" content=\"636\"> <meta itemprop=\"height\" content=\"420\"> <img decoding=\"async\" class=\"\" data-attachment-id=\"58886\" data-orig-file=\"https:\/\/eltrabajo.cl\/portal\/wp-content\/uploads\/2015\/06\/Adultos-Mayores.jpg\" data-orig-size=\"530,350\" data-comments-opened=\"1\" data-image-meta=\"{&quot;aperture&quot;:&quot;0&quot;,&quot;credit&quot;:&quot;&quot;,&quot;camera&quot;:&quot;&quot;,&quot;caption&quot;:&quot;&quot;,&quot;created_timestamp&quot;:&quot;0&quot;,&quot;copyright&quot;:&quot;&quot;,&quot;focal_length&quot;:&quot;0&quot;,&quot;iso&quot;:&quot;0&quot;,&quot;shutter_speed&quot;:&quot;0&quot;,&quot;title&quot;:&quot;&quot;,&quot;orientation&quot;:&quot;0&quot;}\" data-image-title=\"Adultos Mayores\" data-image-description=\"&lt;p&gt;Los adultos mayores pertenecientes a un hogar de acogida, se mantuvieron consternados con el incendio, registr\u00e1ndose solo da\u00f1os leves en esa casa habitaci\u00f3n vecina.&lt;\/p&gt; \" data-medium-file=\"https:\/\/i0.wp.com\/eltrabajo.cl\/portal\/wp-content\/uploads\/2015\/06\/Adultos-Mayores.jpg?fit=300%2C198&#038;ssl=1\" data-large-file=\"https:\/\/i0.wp.com\/eltrabajo.cl\/portal\/wp-content\/uploads\/2015\/06\/Adultos-Mayores.jpg?fit=530%2C350&#038;ssl=1\" src=\"https:\/\/i0.wp.com\/eltrabajo.cl\/portal\/wp-content\/uploads\/2015\/06\/Adultos-Mayores.jpg?w=636&#038;h=420&#038;ssl=1\" srcset=\"https:\/\/i0.wp.com\/eltrabajo.cl\/portal\/wp-content\/uploads\/2015\/06\/Adultos-Mayores.jpg?w=530&amp;ssl=1 530w, https:\/\/i0.wp.com\/eltrabajo.cl\/portal\/wp-content\/uploads\/2015\/06\/Adultos-Mayores.jpg?resize=200%2C132&amp;ssl=1 200w, https:\/\/i0.wp.com\/eltrabajo.cl\/portal\/wp-content\/uploads\/2015\/06\/Adultos-Mayores.jpg?resize=300%2C198&amp;ssl=1 300w, https:\/\/i0.wp.com\/eltrabajo.cl\/portal\/wp-content\/uploads\/2015\/06\/Adultos-Mayores.jpg?resize=227%2C150&amp;ssl=1 227w, https:\/\/i0.wp.com\/eltrabajo.cl\/portal\/wp-content\/uploads\/2015\/06\/Adultos-Mayores.jpg?resize=400%2C264&amp;ssl=1 400w\" width=\"636\" height=\"420\" loading=\"lazy\" data-original-width=\"636\" data-original-height=\"420\" itemprop=\"http:\/\/schema.org\/image\" title=\"Adultos Mayores\" alt=\"Los adultos mayores pertenecientes a un hogar de acogida, se mantuvieron consternados con el incendio, registr\u00e1ndose solo da\u00f1os leves en esa casa habitaci\u00f3n vecina.\" style=\"width: 636px; height: 420px;\" \/> <\/a> <div class=\"tiled-gallery-caption\" itemprop=\"caption description\"> Los adultos mayores pertenecientes a un hogar de acogida, se mantuvieron consternados con el incendio, registr\u00e1ndose solo da\u00f1os leves en esa casa habitaci\u00f3n vecina. <\/div> <\/div> <\/div> <!-- close group --> <\/div> <!-- close row --> <\/div>\n","protected":false},"excerpt":{"rendered":"<p>Quince menores de edad y seis mujeres resultaron afectados tras el incendio que consumi\u00f3 la estructura principal de la casa de acogida de mujeres v\u00edctimas de violencia intrafamiliar ubicada en calle San&#8230;<\/p>\n","protected":false},"author":482,"featured_media":58884,"comment_status":"open","ping_status":"open","sticky":false,"template":"","format":"standard","meta":{"advanced_seo_description":"","jetpack_seo_html_title":"","jetpack_seo_noindex":false,"_jetpack_memberships_contains_paid_content":false,"footnotes":""},"categories":[21],"tags":[],"class_list":["post-58883","post","type-post","status-publish","format-standard","has-post-thumbnail","hentry","category-policial"],"jetpack_featured_media_url":"https:\/\/i0.wp.com\/eltrabajo.cl\/portal\/wp-content\/uploads\/2015\/06\/Llamas11.jpg?fit=530%2C350&ssl=1","jetpack_sharing_enabled":true,"jetpack_likes_enabled":true,"jetpack-related-posts":[],"_links":{"self":[{"href":"https:\/\/eltrabajo.cl\/portal\/wp-json\/wp\/v2\/posts\/58883","targetHints":{"allow":["GET"]}}],"collection":[{"href":"https:\/\/eltrabajo.cl\/portal\/wp-json\/wp\/v2\/posts"}],"about":[{"href":"https:\/\/eltrabajo.cl\/portal\/wp-json\/wp\/v2\/types\/post"}],"author":[{"embeddable":true,"href":"https:\/\/eltrabajo.cl\/portal\/wp-json\/wp\/v2\/users\/482"}],"replies":[{"embeddable":true,"href":"https:\/\/eltrabajo.cl\/portal\/wp-json\/wp\/v2\/comments?post=58883"}],"version-history":[{"count":0,"href":"https:\/\/eltrabajo.cl\/portal\/wp-json\/wp\/v2\/posts\/58883\/revisions"}],"wp:featuredmedia":[{"embeddable":true,"href":"https:\/\/eltrabajo.cl\/portal\/wp-json\/wp\/v2\/media\/58884"}],"wp:attachment":[{"href":"https:\/\/eltrabajo.cl\/portal\/wp-json\/wp\/v2\/media?parent=58883"}],"wp:term":[{"taxonomy":"category","embeddable":true,"href":"https:\/\/eltrabajo.cl\/portal\/wp-json\/wp\/v2\/categories?post=58883"},{"taxonomy":"post_tag","embeddable":true,"href":"https:\/\/eltrabajo.cl\/portal\/wp-json\/wp\/v2\/tags?post=58883"}],"curies":[{"name":"wp","href":"https:\/\/api.w.org\/{rel}","templated":true}]}}