{"id":58897,"date":"2015-06-10T09:40:24","date_gmt":"2015-06-10T12:40:24","guid":{"rendered":"http:\/\/www.eltrabajo.cl\/portal\/?p=58897"},"modified":"2015-06-10T09:43:46","modified_gmt":"2015-06-10T12:43:46","slug":"denuncian-despidos-injustificados-y-falta-de-contratos-en-constructora","status":"publish","type":"post","link":"https:\/\/eltrabajo.cl\/portal\/denuncian-despidos-injustificados-y-falta-de-contratos-en-constructora\/","title":{"rendered":"Denuncian despidos injustificados y falta de contratos en constructora"},"content":{"rendered":"<figure id=\"attachment_58898\" aria-describedby=\"caption-attachment-58898\" style=\"width: 300px\" class=\"wp-caption alignleft\"><a href=\"https:\/\/i0.wp.com\/www.eltrabajo.cl\/portal\/wp-content\/uploads\/2015\/06\/Miguel-Angel-Herrera-trabajador-afectado.jpg\"><img data-recalc-dims=\"1\" loading=\"lazy\" decoding=\"async\" class=\"wp-image-58898 size-medium\" src=\"https:\/\/i0.wp.com\/www.eltrabajo.cl\/portal\/wp-content\/uploads\/2015\/06\/Miguel-Angel-Herrera-trabajador-afectado-300x197.jpg?resize=300%2C197\" alt=\"Miguel Angel Herrera, trabajador afectado.\" width=\"300\" height=\"197\" srcset=\"https:\/\/i0.wp.com\/eltrabajo.cl\/portal\/wp-content\/uploads\/2015\/06\/Miguel-Angel-Herrera-trabajador-afectado.jpg?resize=300%2C197&amp;ssl=1 300w, https:\/\/i0.wp.com\/eltrabajo.cl\/portal\/wp-content\/uploads\/2015\/06\/Miguel-Angel-Herrera-trabajador-afectado.jpg?resize=200%2C131&amp;ssl=1 200w, https:\/\/i0.wp.com\/eltrabajo.cl\/portal\/wp-content\/uploads\/2015\/06\/Miguel-Angel-Herrera-trabajador-afectado.jpg?resize=228%2C150&amp;ssl=1 228w, https:\/\/i0.wp.com\/eltrabajo.cl\/portal\/wp-content\/uploads\/2015\/06\/Miguel-Angel-Herrera-trabajador-afectado.jpg?resize=400%2C263&amp;ssl=1 400w, https:\/\/i0.wp.com\/eltrabajo.cl\/portal\/wp-content\/uploads\/2015\/06\/Miguel-Angel-Herrera-trabajador-afectado.jpg?w=530&amp;ssl=1 530w\" sizes=\"auto, (max-width: 300px) 100vw, 300px\" \/><\/a><figcaption id=\"caption-attachment-58898\" class=\"wp-caption-text\">Miguel Angel Herrera, trabajador afectado.<\/figcaption><\/figure>\n<p><strong>PUTAENDO.<\/strong>&#8211; Un grupo de trabajadores denunci\u00f3 p\u00fablicamente lo que calificaron como despidos injustificados y falta de contratos por parte de la Constructora Alejandro Guti\u00e9rrez E.I.R.L. que edifica las viviendas del Comit\u00e9 Habitacional Valle de Putaendo.<br \/>\nSebasti\u00e1n P\u00e9rez, en representaci\u00f3n de varios trabajadores, se\u00f1al\u00f3 que a fines del mes de mayo fueron notificados de un momento a otro que su contrato llegaba a su fin bajo la cl\u00e1usula del art\u00edculo 159 N\u00ba 5 del C\u00f3digo del Trabajo, \u2018conclusi\u00f3n de trabajo o servicio que dio origen al contrato\u2019. En este caso por instalaci\u00f3n de faena, seg\u00fan se\u00f1ala la carta firmada por Jos\u00e9 Oyanedel Castro, profesional de la obra.<br \/>\nLos trabajadores indicaron que eso es totalmente falso, pues ellos llegaron a trabajar cuando ya se estaba desarrollando la obra gruesa y que el contrato que firmaron no se\u00f1alaba lo de instalaci\u00f3n de obras, agregando que este martes al acercarse a cobrar su finiquito, se percataron que no les han pagado las horas extras y d\u00edas trabajados, por lo que se negaron a firmar los respectivos finiquitos.<br \/>\nAnte esta situaci\u00f3n, Sebasti\u00e1n P\u00e9rez sostuvo \u00abeste es un abuso, nos despiden de un momento a otro, incluso uno de nuestros compa\u00f1eros no sabe ni leer ni escribir y lo enga\u00f1aron dici\u00e9ndole que firmara unos documentos que al final eran su despido. No nos quieren pagar lo que nos corresponde, no nos avisan con un mes de anticipaci\u00f3n, nos deben las horas extras y se r\u00eden de nosotros, porque en total han despedidos a m\u00e1s de 12 trabajadores y quieren hacer con nosotros lo mismo que hizo Pixels en el Hospital Psiqui\u00e1trico, por eso decimos ya basta de abusos\u00bb, fustig\u00f3 el trabajador.<br \/>\nEl afectado adem\u00e1s realiz\u00f3 duras acusaciones contra la empresa que ejecuta las obras: \u00abEscond\u00edan el libro de firmas y lo manejaban a su pinta, y cuando quer\u00edan que uno lo firmara aparec\u00edan despedidos compa\u00f1eros por no firmar\u00bb.<br \/>\nEn el frontis de la obra nos encontramos con el trabajador Miguel \u00c1ngel Herrera, proveniente de la ciudad de San Felipe, quien declar\u00f3 que llevaba trabajando poco m\u00e1s de una semana para una empresa contratista al interior de la obra, y que a\u00fan presentando todos los papeles que le exigieron, nunca le realizaron contrato, sumado a que el lunes pasado le dijeron que no ten\u00eda m\u00e1s trabajo. Agreg\u00f3 que todos los trabajadores que est\u00e1n en las empresas contratistas al interior de la faena, est\u00e1n sin contrato.<br \/>\nCon estos antecedentes y con las respectivas denuncias, solicitamos tener la versi\u00f3n de la empresa contratista, pero a pesar de nuestra insistencia no fuimos recibidos e incluso el portero, v\u00eda radial, inform\u00f3 a varios \u2018jefes\u2019 de la presencia de la prensa, los que se jactaron burlescamente incluso de nuestra presencia.<br \/>\nEs de esperar que la Direcci\u00f3n del Trabajo investigue estas denuncias y que ojala no queden s\u00f3lo en eso, a fin de evitar que las empresas que dan trabajo y construyen grandes obras en la comuna, sigan vulnerando y no respetando los derechos de los trabajadores.<br \/>\n<strong>Patricio Gallardo M.<\/strong><\/p>\n","protected":false},"excerpt":{"rendered":"<p>PUTAENDO.&#8211; Un grupo de trabajadores denunci\u00f3 p\u00fablicamente lo que calificaron como despidos injustificados y falta de contratos por parte de la Constructora Alejandro Guti\u00e9rrez E.I.R.L. que edifica las viviendas del Comit\u00e9 Habitacional&#8230;<\/p>\n","protected":false},"author":482,"featured_media":58898,"comment_status":"open","ping_status":"open","sticky":false,"template":"","format":"standard","meta":{"advanced_seo_description":"","jetpack_seo_html_title":"","jetpack_seo_noindex":false,"_jetpack_memberships_contains_paid_content":false,"footnotes":""},"categories":[15],"tags":[],"class_list":["post-58897","post","type-post","status-publish","format-standard","has-post-thumbnail","hentry","category-comunidad"],"jetpack_featured_media_url":"https:\/\/i0.wp.com\/eltrabajo.cl\/portal\/wp-content\/uploads\/2015\/06\/Miguel-Angel-Herrera-trabajador-afectado.jpg?fit=530%2C348&ssl=1","jetpack_sharing_enabled":true,"jetpack_likes_enabled":true,"jetpack-related-posts":[],"_links":{"self":[{"href":"https:\/\/eltrabajo.cl\/portal\/wp-json\/wp\/v2\/posts\/58897","targetHints":{"allow":["GET"]}}],"collection":[{"href":"https:\/\/eltrabajo.cl\/portal\/wp-json\/wp\/v2\/posts"}],"about":[{"href":"https:\/\/eltrabajo.cl\/portal\/wp-json\/wp\/v2\/types\/post"}],"author":[{"embeddable":true,"href":"https:\/\/eltrabajo.cl\/portal\/wp-json\/wp\/v2\/users\/482"}],"replies":[{"embeddable":true,"href":"https:\/\/eltrabajo.cl\/portal\/wp-json\/wp\/v2\/comments?post=58897"}],"version-history":[{"count":0,"href":"https:\/\/eltrabajo.cl\/portal\/wp-json\/wp\/v2\/posts\/58897\/revisions"}],"wp:featuredmedia":[{"embeddable":true,"href":"https:\/\/eltrabajo.cl\/portal\/wp-json\/wp\/v2\/media\/58898"}],"wp:attachment":[{"href":"https:\/\/eltrabajo.cl\/portal\/wp-json\/wp\/v2\/media?parent=58897"}],"wp:term":[{"taxonomy":"category","embeddable":true,"href":"https:\/\/eltrabajo.cl\/portal\/wp-json\/wp\/v2\/categories?post=58897"},{"taxonomy":"post_tag","embeddable":true,"href":"https:\/\/eltrabajo.cl\/portal\/wp-json\/wp\/v2\/tags?post=58897"}],"curies":[{"name":"wp","href":"https:\/\/api.w.org\/{rel}","templated":true}]}}