{"id":58912,"date":"2015-06-11T09:30:17","date_gmt":"2015-06-11T12:30:17","guid":{"rendered":"http:\/\/www.eltrabajo.cl\/portal\/?p=58912"},"modified":"2015-06-11T09:30:17","modified_gmt":"2015-06-11T12:30:17","slug":"celebran-sexto-aniversario-de-jardin-infantil-campanita-de-jahuel","status":"publish","type":"post","link":"https:\/\/eltrabajo.cl\/portal\/celebran-sexto-aniversario-de-jardin-infantil-campanita-de-jahuel\/","title":{"rendered":"Celebran sexto aniversario de Jard\u00edn Infantil Campanita de Jahuel"},"content":{"rendered":"<figure id=\"attachment_58913\" aria-describedby=\"caption-attachment-58913\" style=\"width: 300px\" class=\"wp-caption alignleft\"><a href=\"https:\/\/i0.wp.com\/www.eltrabajo.cl\/portal\/wp-content\/uploads\/2015\/06\/Jardin-santa-maria.jpg\"><img data-recalc-dims=\"1\" loading=\"lazy\" decoding=\"async\" class=\"wp-image-58913 size-medium\" src=\"https:\/\/i0.wp.com\/www.eltrabajo.cl\/portal\/wp-content\/uploads\/2015\/06\/Jardin-santa-maria-300x198.jpg?resize=300%2C198\" alt=\"El jard\u00edn Infantil Campanita celebr\u00f3 su sexto aniversario junto a sus p\u00e1rvulos, docentes y apoderados con un hermoso desfile de modas con ropas hechas de material reciclado.\" width=\"300\" height=\"198\" srcset=\"https:\/\/i0.wp.com\/eltrabajo.cl\/portal\/wp-content\/uploads\/2015\/06\/Jardin-santa-maria.jpg?resize=300%2C198&amp;ssl=1 300w, https:\/\/i0.wp.com\/eltrabajo.cl\/portal\/wp-content\/uploads\/2015\/06\/Jardin-santa-maria.jpg?resize=200%2C132&amp;ssl=1 200w, https:\/\/i0.wp.com\/eltrabajo.cl\/portal\/wp-content\/uploads\/2015\/06\/Jardin-santa-maria.jpg?resize=227%2C150&amp;ssl=1 227w, https:\/\/i0.wp.com\/eltrabajo.cl\/portal\/wp-content\/uploads\/2015\/06\/Jardin-santa-maria.jpg?resize=400%2C264&amp;ssl=1 400w, https:\/\/i0.wp.com\/eltrabajo.cl\/portal\/wp-content\/uploads\/2015\/06\/Jardin-santa-maria.jpg?w=530&amp;ssl=1 530w\" sizes=\"auto, (max-width: 300px) 100vw, 300px\" \/><\/a><figcaption id=\"caption-attachment-58913\" class=\"wp-caption-text\">El jard\u00edn Infantil Campanita celebr\u00f3 su sexto aniversario junto a sus p\u00e1rvulos, docentes y apoderados con un hermoso desfile de modas con ropas hechas de material reciclado.<\/figcaption><\/figure>\n<p><strong>SANTA MAR\u00cdA<\/strong>.- Con un hermoso desfile de modas con ropas hechas de material reciclado y donde participaron docentes, apoderados y p\u00e1rvulos, se llev\u00f3 a cabo la celebraci\u00f3n del sexto aniversario de este importante jard\u00edn infantil que atiende no tan solo a la poblaci\u00f3n de Jahuel sino que a muchos p\u00e1rvulos de Santa Mar\u00eda centro. La idea de utilizar material reciclado se debe al nuevo enfoque que se ha querido dar a la ense\u00f1anza de este centro parvulario, entregando una ense\u00f1anza ecol\u00f3gica inserta en la realidad de la zona. Seg\u00fan la directora, Macela Villegas Fern\u00e1ndez, este nuevo rumbo es para fomentar desde primera edad el concepto de la ecolog\u00eda y del cuidado del entorno y medio ambiente: \u201cEn esta nueva etapa de nuestros seis a\u00f1os de existencia, nosotros estamos en proceso de cambiar el P.I. debido a que el jard\u00edn est\u00e1 inserto en una zona en que todav\u00eda conserva lo rural, los problemas de agua que hemos tenido, etc. Entonces estamos buscando en los ni\u00f1os que desde muy peque\u00f1os tengamos conciencia del medio ambiente, de los recursos y es por ello que se est\u00e1 cambiando la misi\u00f3n, la visi\u00f3n, se est\u00e1 haciendo una campa\u00f1a de la lata de bebida que la vamos a estar haciendo durante todo el a\u00f1o para juntar fondos para el jard\u00edn\u201d. Seg\u00fan la directora, se est\u00e1 trabajando para implementar un invernadero m\u00e1s grande en donde participe la familia y la comunidad. Cabe destacar como este tipo de iniciativas han cambiado el pensar a la gente com\u00fan, que hace 15 a\u00f1os, en su mayor\u00eda ni pensaba en la importancia ecol\u00f3gica de la zona y ahora son casi todos vivos activistas de la protecci\u00f3n ambiental. A la celebraci\u00f3n asisti\u00f3 el alcalde de la comuna, Claudio Zurita, quien hizo importantes anuncios, tales como que a futuro, no ser\u00e1 necesario tener baja ficha de protecci\u00f3n social sino que cualquier ni\u00f1o podr\u00e1 asistir: \u201cMuy contento con el desempe\u00f1o de este jard\u00edn infantil, pero la buena noticia es que se vienen nuevos jardines para el municipio que se sumar\u00e1n a los tres ya existentes. Uno se situara en Los Robles y el otro, un jard\u00edn Integra que estar\u00e1 en el centro de la comuna en el sector de cale Rodr\u00edguez y O\u00b4Higgins y otro m\u00e1s en los Pinos la importancia de todo esto es que a futuro no solo atienda a los ni\u00f1os m\u00e1s vulnerables, sino que vengan todos. El ni\u00f1o que este en edad preescolar que pueda asistir a un jard\u00edn municipal, esa es la meta que tenemos\u201d. Claudio Zurita, en su calidad de profesor hizo \u00e9nfasis en la importancia de la educaci\u00f3n pre escolar porque, seg\u00fan sus palabras, la educaci\u00f3n a temprana edad estimula el aprendizaje y esos ni\u00f1os tienen mejor desempe\u00f1o en su vida estudiantil, incluso hasta en la universidad.<br \/>\n<strong>Roberto Mercado Aced<\/strong><\/p>\n","protected":false},"excerpt":{"rendered":"<p>SANTA MAR\u00cdA.- Con un hermoso desfile de modas con ropas hechas de material reciclado y donde participaron docentes, apoderados y p\u00e1rvulos, se llev\u00f3 a cabo la celebraci\u00f3n del sexto aniversario de este&#8230;<\/p>\n","protected":false},"author":482,"featured_media":58913,"comment_status":"open","ping_status":"open","sticky":false,"template":"","format":"standard","meta":{"advanced_seo_description":"","jetpack_seo_html_title":"","jetpack_seo_noindex":false,"_jetpack_memberships_contains_paid_content":false,"footnotes":""},"categories":[15],"tags":[],"class_list":["post-58912","post","type-post","status-publish","format-standard","has-post-thumbnail","hentry","category-comunidad"],"jetpack_featured_media_url":"https:\/\/i0.wp.com\/eltrabajo.cl\/portal\/wp-content\/uploads\/2015\/06\/Jardin-santa-maria.jpg?fit=530%2C350&ssl=1","jetpack_sharing_enabled":true,"jetpack_likes_enabled":true,"jetpack-related-posts":[],"_links":{"self":[{"href":"https:\/\/eltrabajo.cl\/portal\/wp-json\/wp\/v2\/posts\/58912","targetHints":{"allow":["GET"]}}],"collection":[{"href":"https:\/\/eltrabajo.cl\/portal\/wp-json\/wp\/v2\/posts"}],"about":[{"href":"https:\/\/eltrabajo.cl\/portal\/wp-json\/wp\/v2\/types\/post"}],"author":[{"embeddable":true,"href":"https:\/\/eltrabajo.cl\/portal\/wp-json\/wp\/v2\/users\/482"}],"replies":[{"embeddable":true,"href":"https:\/\/eltrabajo.cl\/portal\/wp-json\/wp\/v2\/comments?post=58912"}],"version-history":[{"count":0,"href":"https:\/\/eltrabajo.cl\/portal\/wp-json\/wp\/v2\/posts\/58912\/revisions"}],"wp:featuredmedia":[{"embeddable":true,"href":"https:\/\/eltrabajo.cl\/portal\/wp-json\/wp\/v2\/media\/58913"}],"wp:attachment":[{"href":"https:\/\/eltrabajo.cl\/portal\/wp-json\/wp\/v2\/media?parent=58912"}],"wp:term":[{"taxonomy":"category","embeddable":true,"href":"https:\/\/eltrabajo.cl\/portal\/wp-json\/wp\/v2\/categories?post=58912"},{"taxonomy":"post_tag","embeddable":true,"href":"https:\/\/eltrabajo.cl\/portal\/wp-json\/wp\/v2\/tags?post=58912"}],"curies":[{"name":"wp","href":"https:\/\/api.w.org\/{rel}","templated":true}]}}