{"id":58918,"date":"2015-06-11T09:32:12","date_gmt":"2015-06-11T12:32:12","guid":{"rendered":"http:\/\/www.eltrabajo.cl\/portal\/?p=58918"},"modified":"2015-06-11T09:32:12","modified_gmt":"2015-06-11T12:32:12","slug":"por-bajo-caudal-secaran-rio-putaendo-por-cinco-dias-para-llenar-torre-de-toma-de-embalse-chacrillas","status":"publish","type":"post","link":"https:\/\/eltrabajo.cl\/portal\/por-bajo-caudal-secaran-rio-putaendo-por-cinco-dias-para-llenar-torre-de-toma-de-embalse-chacrillas\/","title":{"rendered":"Por bajo caudal secar\u00e1n R\u00edo Putaendo por cinco d\u00edas para llenar torre de toma de Embalse Chacrillas"},"content":{"rendered":"<figure id=\"attachment_58919\" aria-describedby=\"caption-attachment-58919\" style=\"width: 300px\" class=\"wp-caption alignleft\"><a href=\"https:\/\/i0.wp.com\/www.eltrabajo.cl\/portal\/wp-content\/uploads\/2015\/06\/MIGUEL-VEGA-PRESIDENTE-JVRP.jpg\"><img data-recalc-dims=\"1\" loading=\"lazy\" decoding=\"async\" class=\"wp-image-58919 size-medium\" src=\"https:\/\/i0.wp.com\/www.eltrabajo.cl\/portal\/wp-content\/uploads\/2015\/06\/MIGUEL-VEGA-PRESIDENTE-JVRP-300x197.jpg?resize=300%2C197\" alt=\"Miguel Vega, presidente de la Junta de Vigilancia del R\u00edo Putaendo.\" width=\"300\" height=\"197\" srcset=\"https:\/\/i0.wp.com\/eltrabajo.cl\/portal\/wp-content\/uploads\/2015\/06\/MIGUEL-VEGA-PRESIDENTE-JVRP.jpg?resize=300%2C197&amp;ssl=1 300w, https:\/\/i0.wp.com\/eltrabajo.cl\/portal\/wp-content\/uploads\/2015\/06\/MIGUEL-VEGA-PRESIDENTE-JVRP.jpg?resize=200%2C131&amp;ssl=1 200w, https:\/\/i0.wp.com\/eltrabajo.cl\/portal\/wp-content\/uploads\/2015\/06\/MIGUEL-VEGA-PRESIDENTE-JVRP.jpg?resize=228%2C150&amp;ssl=1 228w, https:\/\/i0.wp.com\/eltrabajo.cl\/portal\/wp-content\/uploads\/2015\/06\/MIGUEL-VEGA-PRESIDENTE-JVRP.jpg?resize=400%2C263&amp;ssl=1 400w, https:\/\/i0.wp.com\/eltrabajo.cl\/portal\/wp-content\/uploads\/2015\/06\/MIGUEL-VEGA-PRESIDENTE-JVRP.jpg?w=530&amp;ssl=1 530w\" sizes=\"auto, (max-width: 300px) 100vw, 300px\" \/><\/a><figcaption id=\"caption-attachment-58919\" class=\"wp-caption-text\">Miguel Vega, presidente de la Junta de Vigilancia del R\u00edo Putaendo.<\/figcaption><\/figure>\n<p><strong>PUTAENDO.-<\/strong> El pr\u00f3ximo jueves 18 de junio se proceder\u00e1 a desviar por completo el agua del R\u00edo Putaendo al Embalse Chacrillas, para llenar con m\u00e1s de 376.000 litros la torre de toma de la mega obra de riego.<br \/>\nAs\u00ed lo inform\u00f3 el presidente de la Junta de Vigilancia del R\u00edo Putaendo, Miguel Vega Berr\u00edos, quien sostuvo que si bien es cierto en un principio no se hab\u00eda autorizado por parte del directorio desviar por completo el agua del R\u00edo Putaendo, dej\u00e1ndolo literalmente seco, debido a la falta de precipitaciones en lo que va del a\u00f1o y la extensa sequ\u00eda, esta operaci\u00f3n se debe realizar lo antes posible, porque los costos se est\u00e1n encareciendo y se debe llenar la primera parte del Embalse que es donde est\u00e1 la torre de toma, que tiene una altura aproximada de 14 metros, pretendiendo almacenar poco m\u00e1s de 376.000 litros de agua, raz\u00f3n por la cual de acuerdo al caudal m\u00ednimo que hoy trae el R\u00edo, este llenado demorar\u00e1 unos cinco d\u00edas.<br \/>\nVega precis\u00f3 que durante esos d\u00edas no habr\u00e1 agua en ning\u00fan canal de la comuna y desde el Embalse hacia abajo el R\u00edo Putaendo estar\u00e1 totalmente seco, lo que generar\u00e1 inconvenientes a los agricultores, pero el dirigente dijo que se debe entender que es una operaci\u00f3n que se debe llevar a cabo y que no se puede seguir dilatando.<br \/>\nEn este sentido, el presidente de la JVRP asegur\u00f3 que Esval ya fue avisado de esta situaci\u00f3n y que en el caso del APR de Guzmanes, que tiene su planta de tratamiento en El T\u00e1rtaro y que se abastece de aguas superficiales del canal, se pretende que sea apoyado por un tranque de propiedad del agricultor Jos\u00e9 Mart\u00ednez, para lo cual el Inspector Fiscal Mario Rosales incluso ha comprometido el apoyo de camiones aljibes para llenar ese tranque y evitar que un importante n\u00famero de vecinos de Lo Vicu\u00f1a, Guzmanes y El T\u00e1rtaro, queden sin el suministro de agua potable.<br \/>\nFinalmente, Miguel Vega indic\u00f3 que para el jueves 18 a las 10:00 horas se contempla realizar una ceremonia al interior del Embalse Chacrillas, que contar\u00e1 con la presencia de autoridades nacionales, entre las que se destaca el Ministro de Obras P\u00fablicas, Alberto Undurraga.<br \/>\n<strong>Patricio Gallardo M.<\/strong><\/p>\n","protected":false},"excerpt":{"rendered":"<p>PUTAENDO.- El pr\u00f3ximo jueves 18 de junio se proceder\u00e1 a desviar por completo el agua del R\u00edo Putaendo al Embalse Chacrillas, para llenar con m\u00e1s de 376.000 litros la torre de toma&#8230;<\/p>\n","protected":false},"author":482,"featured_media":58919,"comment_status":"open","ping_status":"open","sticky":false,"template":"","format":"standard","meta":{"advanced_seo_description":"","jetpack_seo_html_title":"","jetpack_seo_noindex":false,"_jetpack_memberships_contains_paid_content":false,"footnotes":""},"categories":[15],"tags":[],"class_list":["post-58918","post","type-post","status-publish","format-standard","has-post-thumbnail","hentry","category-comunidad"],"jetpack_featured_media_url":"https:\/\/i0.wp.com\/eltrabajo.cl\/portal\/wp-content\/uploads\/2015\/06\/MIGUEL-VEGA-PRESIDENTE-JVRP.jpg?fit=530%2C348&ssl=1","jetpack_sharing_enabled":true,"jetpack_likes_enabled":true,"jetpack-related-posts":[],"_links":{"self":[{"href":"https:\/\/eltrabajo.cl\/portal\/wp-json\/wp\/v2\/posts\/58918","targetHints":{"allow":["GET"]}}],"collection":[{"href":"https:\/\/eltrabajo.cl\/portal\/wp-json\/wp\/v2\/posts"}],"about":[{"href":"https:\/\/eltrabajo.cl\/portal\/wp-json\/wp\/v2\/types\/post"}],"author":[{"embeddable":true,"href":"https:\/\/eltrabajo.cl\/portal\/wp-json\/wp\/v2\/users\/482"}],"replies":[{"embeddable":true,"href":"https:\/\/eltrabajo.cl\/portal\/wp-json\/wp\/v2\/comments?post=58918"}],"version-history":[{"count":0,"href":"https:\/\/eltrabajo.cl\/portal\/wp-json\/wp\/v2\/posts\/58918\/revisions"}],"wp:featuredmedia":[{"embeddable":true,"href":"https:\/\/eltrabajo.cl\/portal\/wp-json\/wp\/v2\/media\/58919"}],"wp:attachment":[{"href":"https:\/\/eltrabajo.cl\/portal\/wp-json\/wp\/v2\/media?parent=58918"}],"wp:term":[{"taxonomy":"category","embeddable":true,"href":"https:\/\/eltrabajo.cl\/portal\/wp-json\/wp\/v2\/categories?post=58918"},{"taxonomy":"post_tag","embeddable":true,"href":"https:\/\/eltrabajo.cl\/portal\/wp-json\/wp\/v2\/tags?post=58918"}],"curies":[{"name":"wp","href":"https:\/\/api.w.org\/{rel}","templated":true}]}}