{"id":58921,"date":"2015-06-11T09:35:16","date_gmt":"2015-06-11T12:35:16","guid":{"rendered":"http:\/\/www.eltrabajo.cl\/portal\/?p=58921"},"modified":"2015-06-11T09:35:16","modified_gmt":"2015-06-11T12:35:16","slug":"instruyen-investigacion-sumaria-por-accidente-de-trabajador-que-cayo-de-techumbre","status":"publish","type":"post","link":"https:\/\/eltrabajo.cl\/portal\/instruyen-investigacion-sumaria-por-accidente-de-trabajador-que-cayo-de-techumbre\/","title":{"rendered":"Instruyen investigaci\u00f3n sumaria por accidente de trabajador que cay\u00f3 de techumbre"},"content":{"rendered":"<figure id=\"attachment_58922\" aria-describedby=\"caption-attachment-58922\" style=\"width: 300px\" class=\"wp-caption alignleft\"><a href=\"https:\/\/i0.wp.com\/www.eltrabajo.cl\/portal\/wp-content\/uploads\/2015\/06\/Accidentado.jpg\"><img data-recalc-dims=\"1\" loading=\"lazy\" decoding=\"async\" class=\"wp-image-58922 size-medium\" src=\"https:\/\/i0.wp.com\/www.eltrabajo.cl\/portal\/wp-content\/uploads\/2015\/06\/Accidentado-300x198.jpg?resize=300%2C198\" alt=\"As\u00ed luc\u00eda Jos\u00e9 Carlos Araya al momento de sufrir el accidente en la Escuela John Kennedy de San Felipe tras la brutal ca\u00edda desde la techumbre de unas de las aulas a m\u00e1s de tres metros de altura.\" width=\"300\" height=\"198\" srcset=\"https:\/\/i0.wp.com\/eltrabajo.cl\/portal\/wp-content\/uploads\/2015\/06\/Accidentado.jpg?resize=300%2C198&amp;ssl=1 300w, https:\/\/i0.wp.com\/eltrabajo.cl\/portal\/wp-content\/uploads\/2015\/06\/Accidentado.jpg?resize=200%2C132&amp;ssl=1 200w, https:\/\/i0.wp.com\/eltrabajo.cl\/portal\/wp-content\/uploads\/2015\/06\/Accidentado.jpg?resize=228%2C150&amp;ssl=1 228w, https:\/\/i0.wp.com\/eltrabajo.cl\/portal\/wp-content\/uploads\/2015\/06\/Accidentado.jpg?resize=400%2C263&amp;ssl=1 400w, https:\/\/i0.wp.com\/eltrabajo.cl\/portal\/wp-content\/uploads\/2015\/06\/Accidentado.jpg?w=530&amp;ssl=1 530w\" sizes=\"auto, (max-width: 300px) 100vw, 300px\" \/><\/a><figcaption id=\"caption-attachment-58922\" class=\"wp-caption-text\">As\u00ed luc\u00eda Jos\u00e9 Carlos Araya al momento de sufrir el accidente en la Escuela John Kennedy de San Felipe tras la brutal ca\u00edda desde la techumbre de unas de las aulas a m\u00e1s de tres metros de altura.<\/figcaption><\/figure>\n<ul>\n<li><strong>Jos\u00e9 Carlos Araya Fuenzalida, trabajador de la Daem de San Felipe, el 28 de mayo pasado, cumpliendo \u00f3rdenes de la Direcci\u00f3n de la Escuela John Kennedy, subi\u00f3 junto a su compa\u00f1ero hasta la techumbre de una de las aulas del establecimiento, ocasi\u00f3n en la que cay\u00f3 desde el techo sufriendo dos fracturas internas en su cr\u00e1neo que lo mantienen internado en el IST de Vi\u00f1a del Ma<\/strong>r.<\/li>\n<\/ul>\n<p>Una lenta pero positiva evoluci\u00f3n ha registrado el joven trabajador de 19 a\u00f1os de edad, Jos\u00e9 Carlos Araya Fuenzalida, funcionario de la Daem de San Felipe, quien el pasado 28 de mayo del 2014 sufri\u00f3 una grave ca\u00edda desde una techumbre cuando realizaba labores de mantenci\u00f3n en el colegio John Kennedy de esta comuna.<\/p>\n<figure id=\"attachment_58923\" aria-describedby=\"caption-attachment-58923\" style=\"width: 300px\" class=\"wp-caption alignright\"><a href=\"https:\/\/i0.wp.com\/www.eltrabajo.cl\/portal\/wp-content\/uploads\/2015\/06\/trabajador.jpg\"><img data-recalc-dims=\"1\" loading=\"lazy\" decoding=\"async\" class=\"wp-image-58923 size-medium\" src=\"https:\/\/i0.wp.com\/www.eltrabajo.cl\/portal\/wp-content\/uploads\/2015\/06\/trabajador-300x198.jpg?resize=300%2C198\" alt=\"Tras 14 d\u00edas del accidente Jos\u00e9 Carlos recibi\u00f3 la visita del Alcalde Patricio Freire el d\u00eda de ayer mi\u00e9rcoles en el IST de Vi\u00f1a del Mar, donde podr\u00eda ser dado de alta en las pr\u00f3ximas horas.\" width=\"300\" height=\"198\" srcset=\"https:\/\/i0.wp.com\/eltrabajo.cl\/portal\/wp-content\/uploads\/2015\/06\/trabajador.jpg?resize=300%2C198&amp;ssl=1 300w, https:\/\/i0.wp.com\/eltrabajo.cl\/portal\/wp-content\/uploads\/2015\/06\/trabajador.jpg?resize=200%2C132&amp;ssl=1 200w, https:\/\/i0.wp.com\/eltrabajo.cl\/portal\/wp-content\/uploads\/2015\/06\/trabajador.jpg?resize=228%2C150&amp;ssl=1 228w, https:\/\/i0.wp.com\/eltrabajo.cl\/portal\/wp-content\/uploads\/2015\/06\/trabajador.jpg?resize=400%2C263&amp;ssl=1 400w, https:\/\/i0.wp.com\/eltrabajo.cl\/portal\/wp-content\/uploads\/2015\/06\/trabajador.jpg?w=530&amp;ssl=1 530w\" sizes=\"auto, (max-width: 300px) 100vw, 300px\" \/><\/a><figcaption id=\"caption-attachment-58923\" class=\"wp-caption-text\">Tras 14 d\u00edas del accidente Jos\u00e9 Carlos recibi\u00f3 la visita del Alcalde Patricio Freire el d\u00eda de ayer mi\u00e9rcoles en el IST de Vi\u00f1a del Mar, donde podr\u00eda ser dado de alta en las pr\u00f3ximas horas.<\/figcaption><\/figure>\n<p>Actualmente los padres de Jos\u00e9 Carlos, a\u00fan consternados con el accidente que sufri\u00f3 su hijo, exigen que se establezcan espec\u00edficamente las responsabilidades del accidente, acusando a la directora de este establecimiento de tener alg\u00fan grado de responsabilidad en los sucesos que afectaron al trabajador, ya que ella le habr\u00eda encomendado, junto a otro funcionario, subirse en dos ocasiones seguidas hasta el techo para tomar fotograf\u00edas que comprobasen si anteriormente se hab\u00edan efectuando cambios de pizarre\u00f1os en una de las aulas.<br \/>\nTras una entrevista de Diario El Trabajo con el padre del afectado, Jos\u00e9 Araya, \u00e9ste asegur\u00f3 que de acuerdo a las averiguaciones que han hecho sobre las circunstancias de este accidente, tanto su hijo como un segundo trabajador habr\u00edan subido hasta la techumbre con los implementos necesarios de seguridad para este tipo de labores. Sin embargo se les habr\u00eda encomendado posteriormente por parte de la direcci\u00f3n de ese establecimiento, que sacaran fotograf\u00edas para comprobar el real estado de los pizarre\u00f1os que meses antes hab\u00edan sido repuestos, hecho que finalmente se habr\u00eda hecho sin los elementos de seguridad pertinentes, y que como consecuencia de obedecer este mandado se caus\u00f3 el malogrado suceso.<br \/>\n<strong>&#8211; \u00bfQu\u00e9 fue lo que ocurri\u00f3 ese d\u00eda del accidente?<\/strong><br \/>\n<strong>&#8211;<\/strong> Seg\u00fan lo que pudimos averiguar, mi hijo se subi\u00f3 al techo de una de las salas para comprobar las reparaciones que ya se hab\u00edan efectuado, pero la directora del colegio pidi\u00f3 una fotograf\u00edas que se tomaron en una segunda instancia, porque tuvieron que subir nuevamente con otro compa\u00f1ero de trabajo. Lamentablemente mi hijo cumpli\u00f3 la orden de la directora, sac\u00f3 las fotos, pero desafortunadamente uno alcanz\u00f3 a bajar y Jos\u00e9 Carlos cay\u00f3 del techo, desde tres metros y medio de altura.<br \/>\n<strong>&#8211; \u00bfQu\u00e9 heridas sufri\u00f3 su hijo?<\/strong><br \/>\n<strong>&#8211;<\/strong> Tiene dos fracturas de cr\u00e1neo que nos notific\u00f3 el IST de Vi\u00f1a del Mar, a trav\u00e9s de un scanner, diagnosticando un traumatismo enc\u00e9falo craneal, muy complicado seg\u00fan el m\u00e9dico. Le tuvieron que poner una v\u00e1lvula en su coraz\u00f3n, cuesti\u00f3n que no fue leve, se baj\u00f3 un edema por alrededor de siete d\u00edas gracias a Dios, afortunadamente se logr\u00f3 estabilizar porque Dios es grande.<br \/>\n<strong>&#8211; \u00bfCu\u00e1ntos d\u00edas estuvo en la UCI?<\/strong><br \/>\n<strong>&#8211;<\/strong> Estuvo diez d\u00edas internado en la UCI, ahora est\u00e1 internado en otra sala. Ya puede recibir visitas, est\u00e1 consciente, conversando, comiendo s\u00f3lido, ya fuera de peligro. Esperamos que siga evolucionado positivamente y que no presente secuelas a futuro. Falta un examen que se tiene que practicar y de acuerdo al diagn\u00f3stico m\u00e9dico, podr\u00eda ser dado de alto en los pr\u00f3ximos d\u00edas.<br \/>\n<strong>&#8211; \u00bfTuvieron que realizar un Bingo para costear algunos gastos?<\/strong><br \/>\n<strong>&#8211;<\/strong> S\u00ed, fue organizado por familiares y que se efectu\u00f3 el s\u00e1bado 6 de junio con un gran marco de p\u00fablico, gracias al aporte de varias tiendas que nos cooperaron, familias, amigos y vecinos, compa\u00f1eros de trabajo, el alcalde que nos facilit\u00f3 la amplificaci\u00f3n; nos fue muy bien, estamos muy agradecidos de todos los que participaron y todo ese dinero que se recaud\u00f3 fue para costear gastos de pasajes que tenemos que realizar a diario para visitar a nuestro hijo en Vi\u00f1a del Mar. Agradezco a todos quienes nos apoyaron.<br \/>\n<strong>&#8211; \u00bfEsperan que se establezcan responsabilidades en los hechos?<\/strong><br \/>\n<strong>&#8211;<\/strong> Esperamos que las personas que fueron responsables en este accidente sean sindicadas. Reitero, \u00e9l recibi\u00f3 instrucciones que se sacaran esas fotograf\u00edas para la directora del colegio y no me cabe duda quien dio la orden para subir al techo, despu\u00e9s de una segunda instancia, fue la directora del Colegio John Kennedy. A mi juicio, la \u00fanica responsable es ella; que no se desligue de responsabilidades, que se aclare el tema y que se pueda dar a conocer, que no s\u00f3lo el trabajador es el culpable por haberse subido sin los implementos como se dijo en una primera instancia. Aqu\u00ed hay varios responsables y se deben esclarecer los hechos por medio de la jefatura de la Daem.<br \/>\n<strong>&#8211; \u00bfEn la primera instancia se hab\u00edan tomado las medidas de seguridad?<\/strong><br \/>\n<strong>&#8211;<\/strong> Cuando subieron por primera vez, se tomaron todas las medidas de seguridad, pero despu\u00e9s, como se pidieron fotograf\u00edas porque no qued\u00f3 conforme la directora, volvieron a subir los muchachos y mi hijo no alcanz\u00f3 a bajar y sufri\u00f3 el accidente.<br \/>\n<strong>&#8211; \u00bfCu\u00e1l es el \u00faltimo reporte m\u00e9dico sobre la salud de su hijo?<\/strong><br \/>\n<strong>&#8211;<\/strong> La evoluci\u00f3n ha sido positiva en estos d\u00edas, est\u00e1 consciente, el \u00faltimo scanner se le realiz\u00f3 el d\u00eda lunes pasado y no presenta alteraciones. Se le sacaron todos los cateters que ten\u00eda en su clav\u00edcula. Una v\u00e1lvula que ten\u00eda conectada al coraz\u00f3n, que bombeaba hacia el cerebro, ya se retir\u00f3. Est\u00e1 tranquilo y activo, es lo bueno. Recibi\u00f3 la visita del Alcalde Patricio Freire y sus asesores, eso se agradece porque hay una preocupaci\u00f3n del Municipio, que significa un apoyo para la familia.<\/p>\n<p><strong>INVESTIGACION SUMARIA<\/strong><br \/>\nEn tanto, Diario El Trabajo tom\u00f3 contacto con la Municipalidad de San Felipe, asegurando que el Alcalde Patricio Freire instruy\u00f3 una investigaci\u00f3n sumaria para determinar las causas del accidente y atribuir las responsabilidades a los involucrados en este lamentable hecho dentro de los plazos administrativos, mientras dure el curso de las indagaciones que se mantienen vigentes.<br \/>\nEn paralelo se cursan diligencias a trav\u00e9s del Departamento de Prevenci\u00f3n de Riesgos del IST, al tratarse de un accidente laboral, para determinar las causas y fallas en el accionar de los involucrados.<br \/>\nAl cierre de esta edici\u00f3n se inform\u00f3 que el paciente Jos\u00e9 Carlos Araya Fuenzalida podr\u00eda ser dado de alta dentro de las pr\u00f3ximas horas, para su recuperaci\u00f3n junto a su familia en la Villa Las Palmeras de San Felipe.<br \/>\n<strong>Pablo Salinas Sald\u00edas<\/strong><\/p>\n","protected":false},"excerpt":{"rendered":"<p>Jos\u00e9 Carlos Araya Fuenzalida, trabajador de la Daem de San Felipe, el 28 de mayo pasado, cumpliendo \u00f3rdenes de la Direcci\u00f3n de la Escuela John Kennedy, subi\u00f3 junto a su compa\u00f1ero hasta&#8230;<\/p>\n","protected":false},"author":482,"featured_media":58922,"comment_status":"open","ping_status":"open","sticky":false,"template":"","format":"standard","meta":{"advanced_seo_description":"","jetpack_seo_html_title":"","jetpack_seo_noindex":false,"_jetpack_memberships_contains_paid_content":false,"footnotes":""},"categories":[15],"tags":[],"class_list":["post-58921","post","type-post","status-publish","format-standard","has-post-thumbnail","hentry","category-comunidad"],"jetpack_featured_media_url":"https:\/\/i0.wp.com\/eltrabajo.cl\/portal\/wp-content\/uploads\/2015\/06\/Accidentado.jpg?fit=530%2C349&ssl=1","jetpack_sharing_enabled":true,"jetpack_likes_enabled":true,"jetpack-related-posts":[],"_links":{"self":[{"href":"https:\/\/eltrabajo.cl\/portal\/wp-json\/wp\/v2\/posts\/58921","targetHints":{"allow":["GET"]}}],"collection":[{"href":"https:\/\/eltrabajo.cl\/portal\/wp-json\/wp\/v2\/posts"}],"about":[{"href":"https:\/\/eltrabajo.cl\/portal\/wp-json\/wp\/v2\/types\/post"}],"author":[{"embeddable":true,"href":"https:\/\/eltrabajo.cl\/portal\/wp-json\/wp\/v2\/users\/482"}],"replies":[{"embeddable":true,"href":"https:\/\/eltrabajo.cl\/portal\/wp-json\/wp\/v2\/comments?post=58921"}],"version-history":[{"count":0,"href":"https:\/\/eltrabajo.cl\/portal\/wp-json\/wp\/v2\/posts\/58921\/revisions"}],"wp:featuredmedia":[{"embeddable":true,"href":"https:\/\/eltrabajo.cl\/portal\/wp-json\/wp\/v2\/media\/58922"}],"wp:attachment":[{"href":"https:\/\/eltrabajo.cl\/portal\/wp-json\/wp\/v2\/media?parent=58921"}],"wp:term":[{"taxonomy":"category","embeddable":true,"href":"https:\/\/eltrabajo.cl\/portal\/wp-json\/wp\/v2\/categories?post=58921"},{"taxonomy":"post_tag","embeddable":true,"href":"https:\/\/eltrabajo.cl\/portal\/wp-json\/wp\/v2\/tags?post=58921"}],"curies":[{"name":"wp","href":"https:\/\/api.w.org\/{rel}","templated":true}]}}