{"id":58942,"date":"2015-06-11T09:47:15","date_gmt":"2015-06-11T12:47:15","guid":{"rendered":"http:\/\/www.eltrabajo.cl\/portal\/?p=58942"},"modified":"2015-06-11T09:47:15","modified_gmt":"2015-06-11T12:47:15","slug":"condenan-a-4-anos-en-libertad-vigilada-a-sujeto-que-agredio-a-hermano-de-alcalde-de-calle-larga","status":"publish","type":"post","link":"https:\/\/eltrabajo.cl\/portal\/condenan-a-4-anos-en-libertad-vigilada-a-sujeto-que-agredio-a-hermano-de-alcalde-de-calle-larga\/","title":{"rendered":"Condenan a 4 a\u00f1os en libertad vigilada a sujeto que agredi\u00f3 a hermano de alcalde de Calle Larga"},"content":{"rendered":"<figure id=\"attachment_58943\" aria-describedby=\"caption-attachment-58943\" style=\"width: 300px\" class=\"wp-caption alignleft\"><a href=\"https:\/\/i0.wp.com\/www.eltrabajo.cl\/portal\/wp-content\/uploads\/2015\/06\/jose-ibaceta-cautelar2.jpg\"><img data-recalc-dims=\"1\" loading=\"lazy\" decoding=\"async\" class=\"wp-image-58943 size-medium\" src=\"https:\/\/i0.wp.com\/www.eltrabajo.cl\/portal\/wp-content\/uploads\/2015\/06\/jose-ibaceta-cautelar2-300x198.jpg?resize=300%2C198\" alt=\"El t\u00e9cnico jur\u00eddico, identificado como Jos\u00e9 Ibaceta Le\u00f3n, fue sentenciado a 4 a\u00f1os de \" width=\"300\" height=\"198\" srcset=\"https:\/\/i0.wp.com\/eltrabajo.cl\/portal\/wp-content\/uploads\/2015\/06\/jose-ibaceta-cautelar2.jpg?resize=300%2C198&amp;ssl=1 300w, https:\/\/i0.wp.com\/eltrabajo.cl\/portal\/wp-content\/uploads\/2015\/06\/jose-ibaceta-cautelar2.jpg?resize=200%2C132&amp;ssl=1 200w, https:\/\/i0.wp.com\/eltrabajo.cl\/portal\/wp-content\/uploads\/2015\/06\/jose-ibaceta-cautelar2.jpg?resize=227%2C150&amp;ssl=1 227w, https:\/\/i0.wp.com\/eltrabajo.cl\/portal\/wp-content\/uploads\/2015\/06\/jose-ibaceta-cautelar2.jpg?resize=400%2C264&amp;ssl=1 400w, https:\/\/i0.wp.com\/eltrabajo.cl\/portal\/wp-content\/uploads\/2015\/06\/jose-ibaceta-cautelar2.jpg?w=530&amp;ssl=1 530w\" sizes=\"auto, (max-width: 300px) 100vw, 300px\" \/><\/a><figcaption id=\"caption-attachment-58943\" class=\"wp-caption-text\">El t\u00e9cnico jur\u00eddico, identificado como Jos\u00e9 Ibaceta Le\u00f3n, fue sentenciado a 4 a\u00f1os de<\/figcaption><\/figure>\n<p><strong>LOS ANDES.<\/strong>&#8211; A cuatro a\u00f1os de presidio menor en su grado medio como autor del delito de homicidio frustrado, fue condenado el t\u00e9cnico jur\u00eddico Jos\u00e9 Ibaceta Le\u00f3n, quien agredi\u00f3 con el gollete de una botella en el cuello al hermano del alcalde de Calle Larga, Sebasti\u00e1n Venegas Salazar, durante un confuso incidente al interior de un pub.<br \/>\nTras dos a\u00f1os de investigaci\u00f3n, el Ministerio P\u00fablico llev\u00f3 a juicio al acusado y las pruebas presentadas fueron concluyentes para que el tribunal determinara su culpabilidad en estos hechos ocurridos la madrugada del 19 de mayo de 2013.<br \/>\nEl hecho ocurri\u00f3 al interior del Pub \u2018Milano\u2019 ubicado en calle Rodr\u00edguez, cuando Ibaceta se encontraba compartiendo en una mesa y producto de su estado et\u00edlico, comenz\u00f3 a hostigar al alcalde Nelson Venegas y su hermano.<br \/>\nEste hostigamiento habr\u00eda sido permanente en contra del edil hasta que en un momento se acerc\u00f3 para golpearlo, ante lo cual intervino su hermano Sebasti\u00e1n Venegas.<br \/>\nFue all\u00ed que Ibaceta tom\u00f3 una botella y la quebr\u00f3, para luego con el gollete propinarle un profundo corte de 18 cent\u00edmetros desde la mejilla izquierda hasta el punto medio del cuello, a dos mil\u00edmetros de la tr\u00e1quea y de arterias vitales, adem\u00e1s de una herida punzante lumbar.<br \/>\nConforme a los antecedentes de la fiscal\u00eda, esta lesi\u00f3n habr\u00eda resultado fatal si la v\u00edctima no hubiera recibido atenci\u00f3n m\u00e9dica en forma r\u00e1pida.<\/p>\n<p><strong>VERSI\u00d3N DEL ACUSADO<\/strong><br \/>\nSin embargo, durante el juicio la defensa insisti\u00f3 en que Ibaceta us\u00f3 la botella para defenderse de un intento de agresi\u00f3n del hermano del alcalde, la cual se quebr\u00f3 cuando le propin\u00f3 el golpe en la cabeza y no antes como sostuvo el Ministerio P\u00fablico.<br \/>\nSeg\u00fan la defensa, posteriormente los hermanos Venegas salieron del pub y agredieron al condenado, el que inclusive esper\u00f3 la llegada de Carabineros que adopt\u00f3 el procedimiento.<\/p>\n<p><strong>BENEFICIOS<\/strong><br \/>\nEn atenci\u00f3n a que Ibaceta presentaba una irreprochable conducta anterior, el tribunal le otorg\u00f3 el beneficio de la libertad vigilada intensiva, no obstante la defensa present\u00f3 un recurso de nulidad del juicio el que ser\u00e1 visto por la Corte de Apelaciones.<\/p>\n","protected":false},"excerpt":{"rendered":"<p>LOS ANDES.&#8211; A cuatro a\u00f1os de presidio menor en su grado medio como autor del delito de homicidio frustrado, fue condenado el t\u00e9cnico jur\u00eddico Jos\u00e9 Ibaceta Le\u00f3n, quien agredi\u00f3 con el gollete&#8230;<\/p>\n","protected":false},"author":482,"featured_media":58943,"comment_status":"open","ping_status":"open","sticky":false,"template":"","format":"standard","meta":{"advanced_seo_description":"","jetpack_seo_html_title":"","jetpack_seo_noindex":false,"_jetpack_memberships_contains_paid_content":false,"footnotes":""},"categories":[21],"tags":[],"class_list":["post-58942","post","type-post","status-publish","format-standard","has-post-thumbnail","hentry","category-policial"],"jetpack_featured_media_url":"https:\/\/i0.wp.com\/eltrabajo.cl\/portal\/wp-content\/uploads\/2015\/06\/jose-ibaceta-cautelar2.jpg?fit=530%2C350&ssl=1","jetpack_sharing_enabled":true,"jetpack_likes_enabled":true,"jetpack-related-posts":[],"_links":{"self":[{"href":"https:\/\/eltrabajo.cl\/portal\/wp-json\/wp\/v2\/posts\/58942","targetHints":{"allow":["GET"]}}],"collection":[{"href":"https:\/\/eltrabajo.cl\/portal\/wp-json\/wp\/v2\/posts"}],"about":[{"href":"https:\/\/eltrabajo.cl\/portal\/wp-json\/wp\/v2\/types\/post"}],"author":[{"embeddable":true,"href":"https:\/\/eltrabajo.cl\/portal\/wp-json\/wp\/v2\/users\/482"}],"replies":[{"embeddable":true,"href":"https:\/\/eltrabajo.cl\/portal\/wp-json\/wp\/v2\/comments?post=58942"}],"version-history":[{"count":0,"href":"https:\/\/eltrabajo.cl\/portal\/wp-json\/wp\/v2\/posts\/58942\/revisions"}],"wp:featuredmedia":[{"embeddable":true,"href":"https:\/\/eltrabajo.cl\/portal\/wp-json\/wp\/v2\/media\/58943"}],"wp:attachment":[{"href":"https:\/\/eltrabajo.cl\/portal\/wp-json\/wp\/v2\/media?parent=58942"}],"wp:term":[{"taxonomy":"category","embeddable":true,"href":"https:\/\/eltrabajo.cl\/portal\/wp-json\/wp\/v2\/categories?post=58942"},{"taxonomy":"post_tag","embeddable":true,"href":"https:\/\/eltrabajo.cl\/portal\/wp-json\/wp\/v2\/tags?post=58942"}],"curies":[{"name":"wp","href":"https:\/\/api.w.org\/{rel}","templated":true}]}}