{"id":58963,"date":"2015-06-12T09:19:04","date_gmt":"2015-06-12T12:19:04","guid":{"rendered":"http:\/\/www.eltrabajo.cl\/portal\/?p=58963"},"modified":"2015-06-12T09:19:04","modified_gmt":"2015-06-12T12:19:04","slug":"pro-aconcagua-lanza-guia-turistica-del-valle-de-aconcagua","status":"publish","type":"post","link":"https:\/\/eltrabajo.cl\/portal\/pro-aconcagua-lanza-guia-turistica-del-valle-de-aconcagua\/","title":{"rendered":"Pro Aconcagua lanza \u2018Gu\u00eda Tur\u00edstica del Valle de Aconcagua\u2019"},"content":{"rendered":"<figure id=\"attachment_58964\" aria-describedby=\"caption-attachment-58964\" style=\"width: 300px\" class=\"wp-caption alignleft\"><a href=\"https:\/\/i0.wp.com\/www.eltrabajo.cl\/portal\/wp-content\/uploads\/2015\/06\/Guia-turistica.jpg\"><img data-recalc-dims=\"1\" loading=\"lazy\" decoding=\"async\" class=\"wp-image-58964 size-medium\" src=\"https:\/\/i0.wp.com\/www.eltrabajo.cl\/portal\/wp-content\/uploads\/2015\/06\/Guia-turistica-300x198.jpg?resize=300%2C198\" alt=\"Hoy viernes, en el Sal\u00f3n de Honor de la municipalidad, la Corporaci\u00f3n Pro Aconcagua, entregar\u00e1 la \u2018Gu\u00eda Tur\u00edstica del Valle de Aconcagua\u2019.\" width=\"300\" height=\"198\" srcset=\"https:\/\/i0.wp.com\/eltrabajo.cl\/portal\/wp-content\/uploads\/2015\/06\/Guia-turistica.jpg?resize=300%2C198&amp;ssl=1 300w, https:\/\/i0.wp.com\/eltrabajo.cl\/portal\/wp-content\/uploads\/2015\/06\/Guia-turistica.jpg?resize=200%2C132&amp;ssl=1 200w, https:\/\/i0.wp.com\/eltrabajo.cl\/portal\/wp-content\/uploads\/2015\/06\/Guia-turistica.jpg?resize=227%2C150&amp;ssl=1 227w, https:\/\/i0.wp.com\/eltrabajo.cl\/portal\/wp-content\/uploads\/2015\/06\/Guia-turistica.jpg?resize=400%2C264&amp;ssl=1 400w, https:\/\/i0.wp.com\/eltrabajo.cl\/portal\/wp-content\/uploads\/2015\/06\/Guia-turistica.jpg?w=530&amp;ssl=1 530w\" sizes=\"auto, (max-width: 300px) 100vw, 300px\" \/><\/a><figcaption id=\"caption-attachment-58964\" class=\"wp-caption-text\">Hoy viernes, en el Sal\u00f3n de Honor de la municipalidad, la Corporaci\u00f3n Pro Aconcagua, entregar\u00e1 la \u2018Gu\u00eda Tur\u00edstica del Valle de Aconcagua\u2019.<\/figcaption><\/figure>\n<p>Durante el encuentro que se realizar\u00e1 en el Sal\u00f3n de Honor de la Municipalidad de San Felipe, se presentar\u00e1 adem\u00e1s el nuevo sitio web del destino tur\u00edstico Valle de Aconcagua<br \/>\nHoy viernes 12 de junio, a partir de las 10:30 horas, en el Sal\u00f3n de Honor de la Municipalidad de San Felipe, la Corporaci\u00f3n Pro Aconcagua, har\u00e1 entrega a empresarios, instituciones, organizaciones y personas ligadas al turismo de la provincia de San Felipe de la \u2018Gu\u00eda Tur\u00edstica del Valle de Aconcagua\u2019.<br \/>\nLa gu\u00eda forma parte del Plan Estrat\u00e9gico de Ordenamiento y Promoci\u00f3n del Turismo en el Valle de Aconcagua, que tiene como objetivo establecer una hoja de ruta para el desarrollo del sector tur\u00edstico local.<br \/>\nSe espera que el instrumento permita incentivar el turismo nacional y extranjero, constituy\u00e9ndose como una plataforma de informaci\u00f3n y datos sobre los principales atractivos de las diez comunas de las provincias de Los Andes y San Felipe.<br \/>\nEl documento, que favorece el posicionamiento del Valle en el circuito viajero nacional, considera un mapa con rutas e informaci\u00f3n sobre atractivos naturales e hitos patrimoniales y culturales de la zona.<br \/>\nEn 125 p\u00e1ginas y un pormenorizado mapa adjunto, la gu\u00eda contempla datos sobre la oferta tur\u00edstica, historia, cultura, gastronom\u00eda, deporte y salud. Adem\u00e1s, contiene c\u00f3digos QR, que pueden ser le\u00eddos por tel\u00e9fonos inteligentes y que redireccionan a sitios web con informaci\u00f3n adicional.<br \/>\nJunto con la entrega de la gu\u00eda, en esta actividad se presentar\u00e1 el nuevo sitio web del destino tur\u00edstico Valle de Aconcagua y se dar\u00e1n a conocer acciones y actividades programadas para el fomento y mejor desarrollo de la oferta de destino Valle de Aconcagua.<\/p>\n","protected":false},"excerpt":{"rendered":"<p>Durante el encuentro que se realizar\u00e1 en el Sal\u00f3n de Honor de la Municipalidad de San Felipe, se presentar\u00e1 adem\u00e1s el nuevo sitio web del destino tur\u00edstico Valle de Aconcagua Hoy viernes&#8230;<\/p>\n","protected":false},"author":482,"featured_media":58964,"comment_status":"open","ping_status":"open","sticky":false,"template":"","format":"standard","meta":{"advanced_seo_description":"","jetpack_seo_html_title":"","jetpack_seo_noindex":false,"_jetpack_memberships_contains_paid_content":false,"footnotes":""},"categories":[15],"tags":[],"class_list":["post-58963","post","type-post","status-publish","format-standard","has-post-thumbnail","hentry","category-comunidad"],"jetpack_featured_media_url":"https:\/\/i0.wp.com\/eltrabajo.cl\/portal\/wp-content\/uploads\/2015\/06\/Guia-turistica.jpg?fit=530%2C350&ssl=1","jetpack_sharing_enabled":true,"jetpack_likes_enabled":true,"jetpack-related-posts":[],"_links":{"self":[{"href":"https:\/\/eltrabajo.cl\/portal\/wp-json\/wp\/v2\/posts\/58963","targetHints":{"allow":["GET"]}}],"collection":[{"href":"https:\/\/eltrabajo.cl\/portal\/wp-json\/wp\/v2\/posts"}],"about":[{"href":"https:\/\/eltrabajo.cl\/portal\/wp-json\/wp\/v2\/types\/post"}],"author":[{"embeddable":true,"href":"https:\/\/eltrabajo.cl\/portal\/wp-json\/wp\/v2\/users\/482"}],"replies":[{"embeddable":true,"href":"https:\/\/eltrabajo.cl\/portal\/wp-json\/wp\/v2\/comments?post=58963"}],"version-history":[{"count":0,"href":"https:\/\/eltrabajo.cl\/portal\/wp-json\/wp\/v2\/posts\/58963\/revisions"}],"wp:featuredmedia":[{"embeddable":true,"href":"https:\/\/eltrabajo.cl\/portal\/wp-json\/wp\/v2\/media\/58964"}],"wp:attachment":[{"href":"https:\/\/eltrabajo.cl\/portal\/wp-json\/wp\/v2\/media?parent=58963"}],"wp:term":[{"taxonomy":"category","embeddable":true,"href":"https:\/\/eltrabajo.cl\/portal\/wp-json\/wp\/v2\/categories?post=58963"},{"taxonomy":"post_tag","embeddable":true,"href":"https:\/\/eltrabajo.cl\/portal\/wp-json\/wp\/v2\/tags?post=58963"}],"curies":[{"name":"wp","href":"https:\/\/api.w.org\/{rel}","templated":true}]}}