{"id":58969,"date":"2015-06-12T09:21:37","date_gmt":"2015-06-12T12:21:37","guid":{"rendered":"http:\/\/www.eltrabajo.cl\/portal\/?p=58969"},"modified":"2015-06-12T09:21:37","modified_gmt":"2015-06-12T12:21:37","slug":"desde-el-sabado-realizan-nueva-feria-para-comerciantes-ocasionales","status":"publish","type":"post","link":"https:\/\/eltrabajo.cl\/portal\/desde-el-sabado-realizan-nueva-feria-para-comerciantes-ocasionales\/","title":{"rendered":"Desde el s\u00e1bado realizan nueva Feria para comerciantes ocasionales"},"content":{"rendered":"<figure id=\"attachment_58970\" aria-describedby=\"caption-attachment-58970\" style=\"width: 300px\" class=\"wp-caption alignleft\"><a href=\"https:\/\/i0.wp.com\/www.eltrabajo.cl\/portal\/wp-content\/uploads\/2015\/06\/PLAZOLETA.jpg\"><img data-recalc-dims=\"1\" loading=\"lazy\" decoding=\"async\" class=\"wp-image-58970 size-medium\" src=\"https:\/\/i0.wp.com\/www.eltrabajo.cl\/portal\/wp-content\/uploads\/2015\/06\/PLAZOLETA-300x198.jpg?resize=300%2C198\" alt=\"Los feriantes podr\u00e1n solicitar un permiso, previo pago en el municipio, para tener una ubicaci\u00f3n en la feria que cuenta con 100 puestos y que funcionar\u00e1 entre 8:00 a las 14:00 todos los s\u00e1bados. \" width=\"300\" height=\"198\" srcset=\"https:\/\/i0.wp.com\/eltrabajo.cl\/portal\/wp-content\/uploads\/2015\/06\/PLAZOLETA.jpg?resize=300%2C198&amp;ssl=1 300w, https:\/\/i0.wp.com\/eltrabajo.cl\/portal\/wp-content\/uploads\/2015\/06\/PLAZOLETA.jpg?resize=200%2C132&amp;ssl=1 200w, https:\/\/i0.wp.com\/eltrabajo.cl\/portal\/wp-content\/uploads\/2015\/06\/PLAZOLETA.jpg?resize=228%2C150&amp;ssl=1 228w, https:\/\/i0.wp.com\/eltrabajo.cl\/portal\/wp-content\/uploads\/2015\/06\/PLAZOLETA.jpg?resize=400%2C263&amp;ssl=1 400w, https:\/\/i0.wp.com\/eltrabajo.cl\/portal\/wp-content\/uploads\/2015\/06\/PLAZOLETA.jpg?w=530&amp;ssl=1 530w\" sizes=\"auto, (max-width: 300px) 100vw, 300px\" \/><\/a><figcaption id=\"caption-attachment-58970\" class=\"wp-caption-text\">Los feriantes podr\u00e1n solicitar un permiso, previo pago en el municipio, para tener una ubicaci\u00f3n en la feria que cuenta con 100 puestos y que funcionar\u00e1 entre 8:00 a las 14:00 todos los s\u00e1bados.<\/figcaption><\/figure>\n<p><strong>LLAY LLAY<\/strong>.- El s\u00e1bado 13 de junio parte la nueva Feria para comerciantes ocasionales en Llay Llay. Una iniciativa que naci\u00f3 del alcalde Mario Marillanca y el Concejo Municipal, con el objetivo de potenciar el trabajo y la actividad econ\u00f3mica en la ciudad.<br \/>\nLos feriantes se ubicar\u00e1n cada s\u00e1bado entre las 8:00 a las 14:00, en 100 puestos alrededor de la plazoleta Nueva Esperanza entre las calles Manuel Month y La Torre.<br \/>\nLa jefa de la Oficina de Rentas, Enedina S\u00e1ez Aguirre, indic\u00f3 que el objetivo principal de la iniciativa es entregar un lugar f\u00edsico a las personas que no tengan un espacio en donde trabajar, graficando la idea de la siguiente manera \u201csi una due\u00f1a de casa, hace limpieza de su closet y decide vender las prendas que no usa; puede ir donde la Oficina de Rentas, pagar el permiso por el d\u00eda y se le asignar\u00e1 un puesto y n\u00famero\u201d.<br \/>\nPor otro lado el director del Departamento de Tr\u00e1nsito, Roberto D\u00edaz, inform\u00f3 acerca del cambio del recorrido del tr\u00e1nsito para los d\u00edas s\u00e1bados, derivado del cierre de calles por la actividad de la Feria \u201cel circuito para la locomoci\u00f3n colectiva, los s\u00e1bados desde las 7:30 a 14:00: urbano Salvador Gonz\u00e1lez, R\u00edo Cuarto, y Jos\u00e9 Miguel Carrera. Interurbano: Salvador Gonz\u00e1lez, R\u00edo Cuarto, Jos\u00e9 Miguel Gonz\u00e1lez hacia Circunvalaci\u00f3n Ucuquer\u201d.<\/p>\n","protected":false},"excerpt":{"rendered":"<p>LLAY LLAY.- El s\u00e1bado 13 de junio parte la nueva Feria para comerciantes ocasionales en Llay Llay. Una iniciativa que naci\u00f3 del alcalde Mario Marillanca y el Concejo Municipal, con el objetivo&#8230;<\/p>\n","protected":false},"author":482,"featured_media":58970,"comment_status":"open","ping_status":"open","sticky":false,"template":"","format":"standard","meta":{"advanced_seo_description":"","jetpack_seo_html_title":"","jetpack_seo_noindex":false,"_jetpack_memberships_contains_paid_content":false,"footnotes":""},"categories":[15],"tags":[],"class_list":["post-58969","post","type-post","status-publish","format-standard","has-post-thumbnail","hentry","category-comunidad"],"jetpack_featured_media_url":"https:\/\/i0.wp.com\/eltrabajo.cl\/portal\/wp-content\/uploads\/2015\/06\/PLAZOLETA.jpg?fit=530%2C349&ssl=1","jetpack_sharing_enabled":true,"jetpack_likes_enabled":true,"jetpack-related-posts":[],"_links":{"self":[{"href":"https:\/\/eltrabajo.cl\/portal\/wp-json\/wp\/v2\/posts\/58969","targetHints":{"allow":["GET"]}}],"collection":[{"href":"https:\/\/eltrabajo.cl\/portal\/wp-json\/wp\/v2\/posts"}],"about":[{"href":"https:\/\/eltrabajo.cl\/portal\/wp-json\/wp\/v2\/types\/post"}],"author":[{"embeddable":true,"href":"https:\/\/eltrabajo.cl\/portal\/wp-json\/wp\/v2\/users\/482"}],"replies":[{"embeddable":true,"href":"https:\/\/eltrabajo.cl\/portal\/wp-json\/wp\/v2\/comments?post=58969"}],"version-history":[{"count":0,"href":"https:\/\/eltrabajo.cl\/portal\/wp-json\/wp\/v2\/posts\/58969\/revisions"}],"wp:featuredmedia":[{"embeddable":true,"href":"https:\/\/eltrabajo.cl\/portal\/wp-json\/wp\/v2\/media\/58970"}],"wp:attachment":[{"href":"https:\/\/eltrabajo.cl\/portal\/wp-json\/wp\/v2\/media?parent=58969"}],"wp:term":[{"taxonomy":"category","embeddable":true,"href":"https:\/\/eltrabajo.cl\/portal\/wp-json\/wp\/v2\/categories?post=58969"},{"taxonomy":"post_tag","embeddable":true,"href":"https:\/\/eltrabajo.cl\/portal\/wp-json\/wp\/v2\/tags?post=58969"}],"curies":[{"name":"wp","href":"https:\/\/api.w.org\/{rel}","templated":true}]}}