{"id":58975,"date":"2015-06-12T09:25:24","date_gmt":"2015-06-12T12:25:24","guid":{"rendered":"http:\/\/www.eltrabajo.cl\/portal\/?p=58975"},"modified":"2015-06-12T09:25:24","modified_gmt":"2015-06-12T12:25:24","slug":"ingresan-a-robar-dos-veces-en-menos-de-una-semana-a-centro-de-dialisis","status":"publish","type":"post","link":"https:\/\/eltrabajo.cl\/portal\/ingresan-a-robar-dos-veces-en-menos-de-una-semana-a-centro-de-dialisis\/","title":{"rendered":"Ingresan a robar dos veces en menos de una semana a centro de di\u00e1lisis"},"content":{"rendered":"<figure id=\"attachment_58976\" aria-describedby=\"caption-attachment-58976\" style=\"width: 300px\" class=\"wp-caption alignleft\"><a href=\"https:\/\/i0.wp.com\/www.eltrabajo.cl\/portal\/wp-content\/uploads\/2015\/06\/dialisis-robo3.jpg\"><img data-recalc-dims=\"1\" loading=\"lazy\" decoding=\"async\" class=\"wp-image-58976 size-medium\" src=\"https:\/\/i0.wp.com\/www.eltrabajo.cl\/portal\/wp-content\/uploads\/2015\/06\/dialisis-robo3-300x198.jpg?resize=300%2C198\" alt=\"En esta oportunidad, el delincuente s\u00f3lo se llev\u00f3 un televisor, sin embargo, de haber otro robo, podr\u00edan correr riesgo los equipos m\u00e1s caros utilizados para los tratamientos de di\u00e1lisis.\" width=\"300\" height=\"198\" srcset=\"https:\/\/i0.wp.com\/eltrabajo.cl\/portal\/wp-content\/uploads\/2015\/06\/dialisis-robo3.jpg?resize=300%2C198&amp;ssl=1 300w, https:\/\/i0.wp.com\/eltrabajo.cl\/portal\/wp-content\/uploads\/2015\/06\/dialisis-robo3.jpg?resize=200%2C132&amp;ssl=1 200w, https:\/\/i0.wp.com\/eltrabajo.cl\/portal\/wp-content\/uploads\/2015\/06\/dialisis-robo3.jpg?resize=227%2C150&amp;ssl=1 227w, https:\/\/i0.wp.com\/eltrabajo.cl\/portal\/wp-content\/uploads\/2015\/06\/dialisis-robo3.jpg?resize=400%2C264&amp;ssl=1 400w, https:\/\/i0.wp.com\/eltrabajo.cl\/portal\/wp-content\/uploads\/2015\/06\/dialisis-robo3.jpg?w=530&amp;ssl=1 530w\" sizes=\"auto, (max-width: 300px) 100vw, 300px\" \/><\/a><figcaption id=\"caption-attachment-58976\" class=\"wp-caption-text\">En esta oportunidad, el delincuente s\u00f3lo se llev\u00f3 un televisor, sin embargo, de haber otro robo, podr\u00edan correr riesgo los equipos m\u00e1s caros utilizados para los tratamientos de di\u00e1lisis.<\/figcaption><\/figure>\n<ul>\n<li><strong>C\u00e1maras de seguridad registraron el rostro del delincuente, quien est\u00e1 identificado y deber\u00eda estar cumpliendo con una medida cautelar de arresto domiciliario nocturno.<\/strong><\/li>\n<\/ul>\n<p><strong>LOS ANDES<\/strong>.- Dos robos en forma consecutiva afectaron al Centro de Di\u00e1lisis \u2018Vitta Dial\u2019 ubicado en calle Esmeralda N\u00ba 56 la madrugada del mi\u00e9rcoles y ayer jueves.<br \/>\nEl robo fue perpetrado por al menos dos antisociales, uno de los cuales ingres\u00f3 y qued\u00f3 registrado en las c\u00e1maras de seguridad del recinto.<br \/>\nEl administrador del centro, Jos\u00e9 Montoya, indic\u00f3 que cerca de las 5 madrugada del mi\u00e9rcoles ingres\u00f3 un antisocial y registr\u00f3 su oficina sin alcanzar a sustraer ninguna especie, \u201cy hoy d\u00eda, la madrugada de este jueves la misma persona, ya que qued\u00f3 el registro en las c\u00e1maras, entr\u00f3 de nuevo y nos rob\u00f3 un equipo de televisi\u00f3n que usan nuestros pacientes para poder entretenerse un ratito\u201d.<br \/>\nEl administrador afirm\u00f3 que con estos robos no se hace un da\u00f1o al centro de di\u00e1lisis en s\u00ed, sino que a los pacientes, \u201cporque qu\u00e9 pasa si el d\u00eda de ma\u00f1ana entra otro ladr\u00f3n y nos hace tira los monitores, los cuales son car\u00edsimos y cada uno de ellos vale millones de pesos, entonces qu\u00e9 ocurre si hay cinco monitores da\u00f1ados, ser\u00e1n cinco los pacientes que no se van a poder dializar\u201d.<br \/>\nMontoya consider\u00f3 un acto criminal el robo a este centro y lament\u00f3 que hoy d\u00eda la delincuencia en Los Andes est\u00e1 haciendo crisis, \u201c pues el delincuente que ingres\u00f3 ya est\u00e1 plenamente identificado y est\u00e1 cumpliendo supuestamente con una medida cautelar de arresto domiciliario nocturno porque si lo dejaban en la c\u00e1rcel le pod\u00edan hacer da\u00f1o, entonces eso no puede ser, sobre todo si se le ha comprobado una cantidad de robos enorme y qu\u00e9 va a pasar entonces si vuelve nuevamente y yo me quedo esta noche con m\u00e1s personas a cuidar y lo pillo adentro, se cae o se muere, entonces a qui\u00e9n se llevar\u00e1n preso ser\u00e1 a m\u00ed y eso no puede ser\u201d.<br \/>\nEl administrador precis\u00f3 que el delincuente est\u00e1 plenamente identificado y espera que el Ministerio P\u00fablico tramit\u00e9 una orden de detenci\u00f3n de este antisocial, ya que por un lado no est\u00e1 cumpliendo con el arresto nocturno y ese beneficio lo usa para seguir robando.<br \/>\nJos\u00e9 Montoya manifest\u00f3 que tal vez el delincuente ingres\u00f3 pensando que se trataba de las dependencias del Servicio de Impuestos internos que se encuentran en una casa aleda\u00f1a, \u201cy que no hay mucha diferencia porque ambas propiedades tienen el mismo color y antejard\u00edn y se supon\u00eda que la primera noche vino, vio lo que pudo llevarse y luego volvi\u00f3 la madrugada siguiente y sac\u00f3 el televisor, por lo que nadie me asegura que no vuelva a venir de nuevo\u201d.<br \/>\nEl administrador avalu\u00f3 el televisor robado en la suma de 300 mil pesos y otros 50 mil m\u00e1s los da\u00f1os, no obstante que insisti\u00f3 en que lo preocupante es la actitud del delincuente de ingresar a robar a un centro que atiende a personas que necesitan dializarse para mantenerse con vida.<\/p>\n","protected":false},"excerpt":{"rendered":"<p>C\u00e1maras de seguridad registraron el rostro del delincuente, quien est\u00e1 identificado y deber\u00eda estar cumpliendo con una medida cautelar de arresto domiciliario nocturno. LOS ANDES.- Dos robos en forma consecutiva afectaron al&#8230;<\/p>\n","protected":false},"author":482,"featured_media":58976,"comment_status":"open","ping_status":"open","sticky":false,"template":"","format":"standard","meta":{"advanced_seo_description":"","jetpack_seo_html_title":"","jetpack_seo_noindex":false,"_jetpack_memberships_contains_paid_content":false,"footnotes":""},"categories":[21],"tags":[],"class_list":["post-58975","post","type-post","status-publish","format-standard","has-post-thumbnail","hentry","category-policial"],"jetpack_featured_media_url":"https:\/\/i0.wp.com\/eltrabajo.cl\/portal\/wp-content\/uploads\/2015\/06\/dialisis-robo3.jpg?fit=530%2C350&ssl=1","jetpack_sharing_enabled":true,"jetpack_likes_enabled":true,"jetpack-related-posts":[],"_links":{"self":[{"href":"https:\/\/eltrabajo.cl\/portal\/wp-json\/wp\/v2\/posts\/58975","targetHints":{"allow":["GET"]}}],"collection":[{"href":"https:\/\/eltrabajo.cl\/portal\/wp-json\/wp\/v2\/posts"}],"about":[{"href":"https:\/\/eltrabajo.cl\/portal\/wp-json\/wp\/v2\/types\/post"}],"author":[{"embeddable":true,"href":"https:\/\/eltrabajo.cl\/portal\/wp-json\/wp\/v2\/users\/482"}],"replies":[{"embeddable":true,"href":"https:\/\/eltrabajo.cl\/portal\/wp-json\/wp\/v2\/comments?post=58975"}],"version-history":[{"count":0,"href":"https:\/\/eltrabajo.cl\/portal\/wp-json\/wp\/v2\/posts\/58975\/revisions"}],"wp:featuredmedia":[{"embeddable":true,"href":"https:\/\/eltrabajo.cl\/portal\/wp-json\/wp\/v2\/media\/58976"}],"wp:attachment":[{"href":"https:\/\/eltrabajo.cl\/portal\/wp-json\/wp\/v2\/media?parent=58975"}],"wp:term":[{"taxonomy":"category","embeddable":true,"href":"https:\/\/eltrabajo.cl\/portal\/wp-json\/wp\/v2\/categories?post=58975"},{"taxonomy":"post_tag","embeddable":true,"href":"https:\/\/eltrabajo.cl\/portal\/wp-json\/wp\/v2\/tags?post=58975"}],"curies":[{"name":"wp","href":"https:\/\/api.w.org\/{rel}","templated":true}]}}