{"id":58985,"date":"2015-06-12T09:32:58","date_gmt":"2015-06-12T12:32:58","guid":{"rendered":"http:\/\/www.eltrabajo.cl\/portal\/?p=58985"},"modified":"2015-06-12T09:32:58","modified_gmt":"2015-06-12T12:32:58","slug":"rompio-ventanal-para-ingresar-a-vivienda-con-moradores-en-su-interior","status":"publish","type":"post","link":"https:\/\/eltrabajo.cl\/portal\/rompio-ventanal-para-ingresar-a-vivienda-con-moradores-en-su-interior\/","title":{"rendered":"Rompi\u00f3 ventanal para ingresar a vivienda con moradores en su interior"},"content":{"rendered":"<figure id=\"attachment_58986\" aria-describedby=\"caption-attachment-58986\" style=\"width: 300px\" class=\"wp-caption alignleft\"><a href=\"https:\/\/i0.wp.com\/www.eltrabajo.cl\/portal\/wp-content\/uploads\/2015\/06\/Antisocial-detenido.jpg\"><img data-recalc-dims=\"1\" loading=\"lazy\" decoding=\"async\" class=\"wp-image-58986 size-medium\" src=\"https:\/\/i0.wp.com\/www.eltrabajo.cl\/portal\/wp-content\/uploads\/2015\/06\/Antisocial-detenido-300x197.jpg?resize=300%2C197\" alt=\"El antisocial cuenta con amplio prontuario delictivo y fue formalizado por la Fiscal\u00eda. Tras la audiencia de control de detenci\u00f3n en el Tribunal de Garant\u00eda qued\u00f3 sujeto a la m\u00e1xima cautelar de prisi\u00f3n preventiva por un plazo de 60 d\u00edas.\" width=\"300\" height=\"197\" srcset=\"https:\/\/i0.wp.com\/eltrabajo.cl\/portal\/wp-content\/uploads\/2015\/06\/Antisocial-detenido.jpg?resize=300%2C197&amp;ssl=1 300w, https:\/\/i0.wp.com\/eltrabajo.cl\/portal\/wp-content\/uploads\/2015\/06\/Antisocial-detenido.jpg?resize=200%2C131&amp;ssl=1 200w, https:\/\/i0.wp.com\/eltrabajo.cl\/portal\/wp-content\/uploads\/2015\/06\/Antisocial-detenido.jpg?resize=228%2C150&amp;ssl=1 228w, https:\/\/i0.wp.com\/eltrabajo.cl\/portal\/wp-content\/uploads\/2015\/06\/Antisocial-detenido.jpg?resize=400%2C263&amp;ssl=1 400w, https:\/\/i0.wp.com\/eltrabajo.cl\/portal\/wp-content\/uploads\/2015\/06\/Antisocial-detenido.jpg?w=530&amp;ssl=1 530w\" sizes=\"auto, (max-width: 300px) 100vw, 300px\" \/><\/a><figcaption id=\"caption-attachment-58986\" class=\"wp-caption-text\">El antisocial cuenta con amplio prontuario delictivo y fue formalizado por la Fiscal\u00eda. Tras la audiencia de control de detenci\u00f3n en el Tribunal de Garant\u00eda qued\u00f3 sujeto a la m\u00e1xima cautelar de prisi\u00f3n preventiva por un plazo de 60 d\u00edas.<\/figcaption><\/figure>\n<ul>\n<li><strong>Carabineros captur\u00f3 en tiempo r\u00e9cord a peligroso delincuente, con amplio prontuario delictual, quien qued\u00f3 en prisi\u00f3n preventiva por un plazo de 60 d\u00edas fijados para la investigaci\u00f3n.<\/strong><\/li>\n<\/ul>\n<p>El oportuno aviso de una mujer que pudo darse cuenta que se estaba cometiendo un robo a una vivienda ubicada en Villa Almendral II de la comuna de San Felipe, permiti\u00f3 la captura de un peligroso delincuente con amplio prontuario policial, quien no trepid\u00f3 en romper el vidrio de un enorme ventanal para ingresar al inmueble, sin importarle que los aterrados moradores se encontraran en el interior de su hogar.<br \/>\nEl hecho se registr\u00f3 a eso de las 20:00 horas del pasado mi\u00e9rcoles, cuando el delincuente habitual ingres\u00f3 a la casa con el objetivo de apoderarse de un notebook y un bolso con especies para escapar en direcci\u00f3n desconocida.<br \/>\nNo obstante, el llamado de la mujer permiti\u00f3 que Carabineros llegara oportunamente al lugar, pudiendo detenerlo cuando hu\u00eda por la v\u00eda p\u00fablica, siendo aprehendido con las especies pertenecientes al propietario de la vivienda afectada.<br \/>\nProducto de este robo, el delincuente presentaba un corte en su mano izquierda, causada al momento de romper el ventanal, debiendo ser conducido hasta el servicio de urgencias del Hospital San Camilo para ser asistido.<br \/>\nLa Comisario de Carabineros, Mayor Maureen Espinoza, destac\u00f3 la participaci\u00f3n de la ciudadan\u00eda al alertar a Carabineros, lo que permite la captura de estos peligrosos antisociales para ser procesados por la justicia.<br \/>\n\u201cA ra\u00edz de informaci\u00f3n proporcionada por vecinos, se logr\u00f3 la detenci\u00f3n de un individuo que recientemente hab\u00eda efectuado un robo con sus moradores en el interior. La informaci\u00f3n aqu\u00ed permiti\u00f3 la recuperaci\u00f3n de las especies y capturar a este delincuente habitual que registra once detenciones. La ciudadan\u00eda debe tener una participaci\u00f3n activa respecto de la pesquisa de este tipo de situaciones, es decir no podemos hacer la vista gorda a situaciones que est\u00e1n pasando con nuestros vecinos\u201d, subray\u00f3 la oficial policial.<br \/>\nRespecto a la osad\u00eda de estos delincuentes al ingresar a viviendas con sus moradores en el interior, la Comisario aconsej\u00f3 encarecidamente que \u201clas v\u00edctimas, al encontrarse con estos individuos, no opongan resistencia para evitar ser lesionados\u201d.<br \/>\nEl imputado fue identificado como Ignacio Mat\u00edas Arancibia Arancibia, de 22 a\u00f1os de edad y domiciliado en Villa Juan Pablo II de San Felipe, quien cuenta con antecedentes policiales por robo, hurto y violaci\u00f3n de morada . Fue conducido por Carabineros hasta el Juzgado de Garant\u00eda de San Felipe, donde fue formalizado por la Fiscal\u00eda, requiriendo ante el Tribunal la m\u00e1xima cautelar de prisi\u00f3n preventiva, por representar un serio peligro para la sociedad, cautelar que fue concedida por el juez de garant\u00eda, decretando un plazo de 60 d\u00edas para la investigaci\u00f3n del caso.<br \/>\n<strong>Pablo Salinas Sald\u00edas<\/strong><\/p>\n","protected":false},"excerpt":{"rendered":"<p>Carabineros captur\u00f3 en tiempo r\u00e9cord a peligroso delincuente, con amplio prontuario delictual, quien qued\u00f3 en prisi\u00f3n preventiva por un plazo de 60 d\u00edas fijados para la investigaci\u00f3n. El oportuno aviso de una&#8230;<\/p>\n","protected":false},"author":482,"featured_media":58986,"comment_status":"open","ping_status":"open","sticky":false,"template":"","format":"standard","meta":{"advanced_seo_description":"","jetpack_seo_html_title":"","jetpack_seo_noindex":false,"_jetpack_memberships_contains_paid_content":false,"footnotes":""},"categories":[21],"tags":[],"class_list":["post-58985","post","type-post","status-publish","format-standard","has-post-thumbnail","hentry","category-policial"],"jetpack_featured_media_url":"https:\/\/i0.wp.com\/eltrabajo.cl\/portal\/wp-content\/uploads\/2015\/06\/Antisocial-detenido.jpg?fit=530%2C348&ssl=1","jetpack_sharing_enabled":true,"jetpack_likes_enabled":true,"jetpack-related-posts":[],"_links":{"self":[{"href":"https:\/\/eltrabajo.cl\/portal\/wp-json\/wp\/v2\/posts\/58985","targetHints":{"allow":["GET"]}}],"collection":[{"href":"https:\/\/eltrabajo.cl\/portal\/wp-json\/wp\/v2\/posts"}],"about":[{"href":"https:\/\/eltrabajo.cl\/portal\/wp-json\/wp\/v2\/types\/post"}],"author":[{"embeddable":true,"href":"https:\/\/eltrabajo.cl\/portal\/wp-json\/wp\/v2\/users\/482"}],"replies":[{"embeddable":true,"href":"https:\/\/eltrabajo.cl\/portal\/wp-json\/wp\/v2\/comments?post=58985"}],"version-history":[{"count":0,"href":"https:\/\/eltrabajo.cl\/portal\/wp-json\/wp\/v2\/posts\/58985\/revisions"}],"wp:featuredmedia":[{"embeddable":true,"href":"https:\/\/eltrabajo.cl\/portal\/wp-json\/wp\/v2\/media\/58986"}],"wp:attachment":[{"href":"https:\/\/eltrabajo.cl\/portal\/wp-json\/wp\/v2\/media?parent=58985"}],"wp:term":[{"taxonomy":"category","embeddable":true,"href":"https:\/\/eltrabajo.cl\/portal\/wp-json\/wp\/v2\/categories?post=58985"},{"taxonomy":"post_tag","embeddable":true,"href":"https:\/\/eltrabajo.cl\/portal\/wp-json\/wp\/v2\/tags?post=58985"}],"curies":[{"name":"wp","href":"https:\/\/api.w.org\/{rel}","templated":true}]}}